{"id":16577,"count":1,"description":"","link":"https:\/\/www.digitalcarmagazine.com.tr\/Web\/tag\/turkiyede-yilin-otomobili-icin-28-aday-yarisacak\/","name":"T\u00dcRK\u0130YEDE YILIN OTOMOB\u0130L\u0130 \u0130\u00c7\u0130N 28 ADAY YARI\u015eACAK","slug":"turkiyede-yilin-otomobili-icin-28-aday-yarisacak","taxonomy":"post_tag","meta":[],"_links":{"self":[{"href":"https:\/\/www.digitalcarmagazine.com.tr\/Web\/wp-json\/wp\/v2\/tags\/16577"}],"collection":[{"href":"https:\/\/www.digitalcarmagazine.com.tr\/Web\/wp-json\/wp\/v2\/tags"}],"about":[{"href":"https:\/\/www.digitalcarmagazine.com.tr\/Web\/wp-json\/wp\/v2\/taxonomies\/post_tag"}],"wp:post_type":[{"href":"https:\/\/www.digitalcarmagazine.com.tr\/Web\/wp-json\/wp\/v2\/posts?tags=16577"}],"curies":[{"name":"wp","href":"https:\/\/api.w.org\/{rel}","templated":true}]}}