{"id":7892,"date":"2014-02-08T13:28:26","date_gmt":"2014-02-08T13:28:26","guid":{"rendered":"http:\/\/www.digitalcarmagazine.com.tr\/Web\/?p=7892"},"modified":"2014-02-18T12:28:23","modified_gmt":"2014-02-18T12:28:23","slug":"surekli-on-line-renault-kwid-concept","status":"publish","type":"post","link":"https:\/\/www.digitalcarmagazine.com.tr\/Web\/surekli-on-line-renault-kwid-concept\/","title":{"rendered":"S\u00fcrekli On-line Renault KWID Concept!"},"content":{"rendered":"<h3>Gelece\u011fin otomobilleri \u00e7ok ama \u00e7ok farkl\u0131 olacak. Bug\u00fcn\u00fcn otomobilleri \u015fimdiden &#8216;Klasik&#8217;le\u015fmeye ba\u015flad\u0131 bile. \u00c7\u00fcnk\u00fc markalar\u0131n sundu\u011fu konsept modeller \u00e7ok farkl\u0131! Renault markas\u0131 da \u00e7ok ama \u00e7ok farkl\u0131 bir konsepti g\u00fcn y\u00fcz\u00fcne \u00e7\u0131kard\u0131&#8230;<\/h3>\n<p><a href=\"https:\/\/www.digitalcarmagazine.com.tr\/Web\/?attachment_id=7893\" rel=\"attachment wp-att-7893\"><img loading=\"lazy\" class=\"alignleft size-medium wp-image-7893\" title=\"renault-kwid-concept-2014-7\" src=\"https:\/\/www.digitalcarmagazine.com.tr\/Web\/wp-content\/uploads\/renault-kwid-concept-2014-7-300x225.jpg\" alt=\"\" width=\"300\" height=\"225\" srcset=\"https:\/\/www.digitalcarmagazine.com.tr\/Web\/wp-content\/uploads\/renault-kwid-concept-2014-7-300x225.jpg 300w, https:\/\/www.digitalcarmagazine.com.tr\/Web\/wp-content\/uploads\/renault-kwid-concept-2014-7.jpg 600w\" sizes=\"(max-width: 300px) 100vw, 300px\" \/><\/a><a href=\"https:\/\/www.digitalcarmagazine.com.tr\/Web\/?attachment_id=7894\" rel=\"attachment wp-att-7894\"><img loading=\"lazy\" class=\"alignleft size-medium wp-image-7894\" title=\"renault-kwid-concept-2014-6\" src=\"https:\/\/www.digitalcarmagazine.com.tr\/Web\/wp-content\/uploads\/renault-kwid-concept-2014-6-300x225.jpg\" alt=\"\" width=\"300\" height=\"225\" srcset=\"https:\/\/www.digitalcarmagazine.com.tr\/Web\/wp-content\/uploads\/renault-kwid-concept-2014-6-300x225.jpg 300w, https:\/\/www.digitalcarmagazine.com.tr\/Web\/wp-content\/uploads\/renault-kwid-concept-2014-6.jpg 600w\" sizes=\"(max-width: 300px) 100vw, 300px\" \/><\/a>Uluslararas\u0131 pazarlar i\u00e7in d\u00fc\u015f\u00fcn\u00fclen bir konsept. Ad\u0131 Renault KWID Concept. Delhi Otomobil Fuar\u0131&#8217;nda tan\u0131t\u0131ld\u0131. Renault&#8217;un, Hindistan gibi yeni pazarlar i\u00e7in taahh\u00fcd\u00fcn\u00fcn bir kan\u0131t\u0131 olarak d\u00fc\u015f\u00fcnebiliriz. Ayn\u0131 zamanda \u015firketin kompakt ara\u00e7 segmentinde farkl\u0131 \u00fcr\u00fcnler \u00fcretebilece\u011finin de bir kan\u0131t\u0131 olarak g\u00f6rebiliriz. Tasar\u0131m ve teknolojisi itibari ile gen\u00e7lerin ilgisini \u00e7ekebilecek bir model olan KWID Concept, s\u00fcrekli on-line \u00a0ba\u011flant\u0131 felsefesi ta\u015f\u0131yor. K\u00fc\u00e7\u00fck gibi g\u00f6r\u00fcnen modelin iri tekerleri dikkat \u00e7ekiyor. Kap\u0131lar yukar\u0131 do\u011fru a\u00e7\u0131l\u0131yor ve i\u00e7 mekanda renk c\u00fcmb\u00fc\u015f\u00fc bir durum var. \u0130pekb\u00f6ce\u011fi&#8217;nden esinlenilmi\u015f kokpit ve ku\u015f yuvas\u0131n\u0131 and\u0131ran bir i\u00e7 mekan\u0131 var. A\u00e7\u0131k ve canl\u0131 renkler dikkat \u00e7ekiyor. &#8221; Gelece\u011fi \u015fimdiden g\u00f6rebiliyoruz&#8230;<\/p>\n<p>&nbsp;<\/p>\n<div id='gallery-1' class='gallery galleryid-7892 gallery-columns-4 gallery-size-thumbnail'><figure class='gallery-item'>\n\t\t\t<div class='gallery-icon landscape'>\n\t\t\t\t<a href='https:\/\/www.digitalcarmagazine.com.tr\/Web\/surekli-on-line-renault-kwid-concept\/reno-13\/'><img width=\"150\" height=\"150\" src=\"https:\/\/www.digitalcarmagazine.com.tr\/Web\/wp-content\/uploads\/reno12-150x150.jpg\" class=\"attachment-thumbnail size-thumbnail\" alt=\"\" loading=\"lazy\" \/><\/a>\n\t\t\t<\/div><\/figure><figure class='gallery-item'>\n\t\t\t<div class='gallery-icon landscape'>\n\t\t\t\t<a href='https:\/\/www.digitalcarmagazine.com.tr\/Web\/surekli-on-line-renault-kwid-concept\/renault-kwid-concept-2014-7\/'><img width=\"150\" height=\"150\" src=\"https:\/\/www.digitalcarmagazine.com.tr\/Web\/wp-content\/uploads\/renault-kwid-concept-2014-7-150x150.jpg\" class=\"attachment-thumbnail size-thumbnail\" alt=\"\" loading=\"lazy\" \/><\/a>\n\t\t\t<\/div><\/figure><figure class='gallery-item'>\n\t\t\t<div class='gallery-icon landscape'>\n\t\t\t\t<a href='https:\/\/www.digitalcarmagazine.com.tr\/Web\/surekli-on-line-renault-kwid-concept\/renault-kwid-concept-2014-6\/'><img width=\"150\" height=\"150\" src=\"https:\/\/www.digitalcarmagazine.com.tr\/Web\/wp-content\/uploads\/renault-kwid-concept-2014-6-150x150.jpg\" class=\"attachment-thumbnail size-thumbnail\" alt=\"\" loading=\"lazy\" \/><\/a>\n\t\t\t<\/div><\/figure><figure class='gallery-item'>\n\t\t\t<div class='gallery-icon landscape'>\n\t\t\t\t<a href='https:\/\/www.digitalcarmagazine.com.tr\/Web\/surekli-on-line-renault-kwid-concept\/renault-kwid-concept-2014-4\/'><img width=\"150\" height=\"150\" src=\"https:\/\/www.digitalcarmagazine.com.tr\/Web\/wp-content\/uploads\/renault-kwid-concept-2014-4-150x150.jpg\" class=\"attachment-thumbnail size-thumbnail\" alt=\"\" loading=\"lazy\" \/><\/a>\n\t\t\t<\/div><\/figure><figure class='gallery-item'>\n\t\t\t<div class='gallery-icon landscape'>\n\t\t\t\t<a href='https:\/\/www.digitalcarmagazine.com.tr\/Web\/surekli-on-line-renault-kwid-concept\/renault-kwid-concept-2014-3\/'><img width=\"150\" height=\"150\" src=\"https:\/\/www.digitalcarmagazine.com.tr\/Web\/wp-content\/uploads\/renault-kwid-concept-2014-3-150x150.jpg\" class=\"attachment-thumbnail size-thumbnail\" alt=\"\" loading=\"lazy\" \/><\/a>\n\t\t\t<\/div><\/figure><figure class='gallery-item'>\n\t\t\t<div class='gallery-icon landscape'>\n\t\t\t\t<a href='https:\/\/www.digitalcarmagazine.com.tr\/Web\/surekli-on-line-renault-kwid-concept\/renault-kwid-concept-2014-2\/'><img width=\"150\" height=\"150\" src=\"https:\/\/www.digitalcarmagazine.com.tr\/Web\/wp-content\/uploads\/renault-kwid-concept-2014-2-150x150.jpg\" class=\"attachment-thumbnail size-thumbnail\" alt=\"\" loading=\"lazy\" \/><\/a>\n\t\t\t<\/div><\/figure><figure class='gallery-item'>\n\t\t\t<div class='gallery-icon landscape'>\n\t\t\t\t<a href='https:\/\/www.digitalcarmagazine.com.tr\/Web\/surekli-on-line-renault-kwid-concept\/renault-kwid-concept-2014-13\/'><img width=\"150\" height=\"150\" src=\"https:\/\/www.digitalcarmagazine.com.tr\/Web\/wp-content\/uploads\/renault-kwid-concept-2014-13-150x150.jpg\" class=\"attachment-thumbnail size-thumbnail\" alt=\"\" loading=\"lazy\" \/><\/a>\n\t\t\t<\/div><\/figure><figure class='gallery-item'>\n\t\t\t<div class='gallery-icon landscape'>\n\t\t\t\t<a href='https:\/\/www.digitalcarmagazine.com.tr\/Web\/surekli-on-line-renault-kwid-concept\/renault-kwid-concept-2014-12\/'><img width=\"150\" height=\"150\" src=\"https:\/\/www.digitalcarmagazine.com.tr\/Web\/wp-content\/uploads\/renault-kwid-concept-2014-12-150x150.jpg\" class=\"attachment-thumbnail size-thumbnail\" alt=\"\" loading=\"lazy\" \/><\/a>\n\t\t\t<\/div><\/figure><figure class='gallery-item'>\n\t\t\t<div class='gallery-icon landscape'>\n\t\t\t\t<a href='https:\/\/www.digitalcarmagazine.com.tr\/Web\/surekli-on-line-renault-kwid-concept\/renault-kwid-concept-2014-11\/'><img width=\"150\" height=\"150\" src=\"https:\/\/www.digitalcarmagazine.com.tr\/Web\/wp-content\/uploads\/renault-kwid-concept-2014-11-150x150.jpg\" class=\"attachment-thumbnail size-thumbnail\" alt=\"\" loading=\"lazy\" \/><\/a>\n\t\t\t<\/div><\/figure><figure class='gallery-item'>\n\t\t\t<div class='gallery-icon landscape'>\n\t\t\t\t<a href='https:\/\/www.digitalcarmagazine.com.tr\/Web\/surekli-on-line-renault-kwid-concept\/renault-kwid-concept-2014-10\/'><img width=\"150\" height=\"150\" src=\"https:\/\/www.digitalcarmagazine.com.tr\/Web\/wp-content\/uploads\/renault-kwid-concept-2014-10-150x150.jpg\" class=\"attachment-thumbnail size-thumbnail\" alt=\"\" loading=\"lazy\" \/><\/a>\n\t\t\t<\/div><\/figure>\n\t\t<\/div>\n\n<p>&nbsp;<\/p>\n","protected":false},"excerpt":{"rendered":"<p>Gelece\u011fin otomobilleri \u00e7ok ama \u00e7ok farkl\u0131 olacak. Bug\u00fcn\u00fcn otomobilleri \u015fimdiden &#8216;Klasik&#8217;le\u015fmeye ba\u015flad\u0131 bile. \u00c7\u00fcnk\u00fc markalar\u0131n sundu\u011fu konsept modeller \u00e7ok farkl\u0131! Renault markas\u0131 da \u00e7ok ama \u00e7ok farkl\u0131 bir konsepti g\u00fcn y\u00fcz\u00fcne \u00e7\u0131kard\u0131&#8230; Uluslararas\u0131 pazarlar i\u00e7in d\u00fc\u015f\u00fcn\u00fclen bir konsept. Ad\u0131 Renault KWID Concept. Delhi Otomobil Fuar\u0131&#8217;nda tan\u0131t\u0131ld\u0131. Renault&#8217;un, Hindistan gibi yeni pazarlar i\u00e7in taahh\u00fcd\u00fcn\u00fcn bir kan\u0131t\u0131 [&hellip;]<\/p>\n","protected":false},"author":1,"featured_media":0,"comment_status":"open","ping_status":"open","sticky":false,"template":"","format":"standard","meta":[],"categories":[1],"tags":[],"_links":{"self":[{"href":"https:\/\/www.digitalcarmagazine.com.tr\/Web\/wp-json\/wp\/v2\/posts\/7892"}],"collection":[{"href":"https:\/\/www.digitalcarmagazine.com.tr\/Web\/wp-json\/wp\/v2\/posts"}],"about":[{"href":"https:\/\/www.digitalcarmagazine.com.tr\/Web\/wp-json\/wp\/v2\/types\/post"}],"author":[{"embeddable":true,"href":"https:\/\/www.digitalcarmagazine.com.tr\/Web\/wp-json\/wp\/v2\/users\/1"}],"replies":[{"embeddable":true,"href":"https:\/\/www.digitalcarmagazine.com.tr\/Web\/wp-json\/wp\/v2\/comments?post=7892"}],"version-history":[{"count":4,"href":"https:\/\/www.digitalcarmagazine.com.tr\/Web\/wp-json\/wp\/v2\/posts\/7892\/revisions"}],"predecessor-version":[{"id":8138,"href":"https:\/\/www.digitalcarmagazine.com.tr\/Web\/wp-json\/wp\/v2\/posts\/7892\/revisions\/8138"}],"wp:attachment":[{"href":"https:\/\/www.digitalcarmagazine.com.tr\/Web\/wp-json\/wp\/v2\/media?parent=7892"}],"wp:term":[{"taxonomy":"category","embeddable":true,"href":"https:\/\/www.digitalcarmagazine.com.tr\/Web\/wp-json\/wp\/v2\/categories?post=7892"},{"taxonomy":"post_tag","embeddable":true,"href":"https:\/\/www.digitalcarmagazine.com.tr\/Web\/wp-json\/wp\/v2\/tags?post=7892"}],"curies":[{"name":"wp","href":"https:\/\/api.w.org\/{rel}","templated":true}]}}