{"id":7840,"date":"2014-01-14T10:46:17","date_gmt":"2014-01-14T10:46:17","guid":{"rendered":"http:\/\/www.digitalcarmagazine.com.tr\/Web\/?p=7840"},"modified":"2014-02-08T21:10:25","modified_gmt":"2014-02-08T21:10:25","slug":"bmw-i3%e2%80%99e-2-odul-birden","status":"publish","type":"post","link":"https:\/\/www.digitalcarmagazine.com.tr\/Web\/bmw-i3%e2%80%99e-2-odul-birden\/","title":{"rendered":"BMW i3\u2019e 2 \u00f6d\u00fcl birden!"},"content":{"rendered":"<h3>BMW i3, \u0130ngiltere\u2019de 2 \u00f6d\u00fcle birden lay\u0131k g\u00f6r\u00fcld\u00fc.\u00a0 \u0130ngiliz kamu kurulu\u015fu Energy Saving Trust taraf\u0131ndan enerji tasarrufu i\u00e7in verilen Fleet Hero \u00d6d\u00fclleri kapsam\u0131nda \u201c2013 Otomobil ve Hafif Ticari Ara\u00e7 \u00dcretiminde Yenilik\u201d \u00f6d\u00fcl\u00fcne lay\u0131k g\u00f6r\u00fclen BMW i3, ayn\u0131 zamanda 2013 Next Green Car \u00f6d\u00fcllerinde de s\u00fcper mini kategorisinde de zirvede yer almay\u0131 ba\u015fard\u0131.<\/h3>\n<p><a href=\"https:\/\/www.digitalcarmagazine.com.tr\/Web\/?attachment_id=7841\" rel=\"attachment wp-att-7841\"><img loading=\"lazy\" class=\"alignleft size-medium wp-image-7841\" title=\"BMW i3-1\" src=\"https:\/\/www.digitalcarmagazine.com.tr\/Web\/wp-content\/uploads\/BMW-i3-12-300x199.jpg\" alt=\"\" width=\"300\" height=\"199\" srcset=\"https:\/\/www.digitalcarmagazine.com.tr\/Web\/wp-content\/uploads\/BMW-i3-12-300x199.jpg 300w, https:\/\/www.digitalcarmagazine.com.tr\/Web\/wp-content\/uploads\/BMW-i3-12-1024x681.jpg 1024w, https:\/\/www.digitalcarmagazine.com.tr\/Web\/wp-content\/uploads\/BMW-i3-12.jpg 1900w\" sizes=\"(max-width: 300px) 100vw, 300px\" \/><\/a><a href=\"https:\/\/www.digitalcarmagazine.com.tr\/Web\/?attachment_id=7842\" rel=\"attachment wp-att-7842\"><img loading=\"lazy\" class=\"alignleft size-medium wp-image-7842\" title=\"BMW i3-2\" src=\"https:\/\/www.digitalcarmagazine.com.tr\/Web\/wp-content\/uploads\/BMW-i3-22-300x215.jpg\" alt=\"\" width=\"300\" height=\"215\" srcset=\"https:\/\/www.digitalcarmagazine.com.tr\/Web\/wp-content\/uploads\/BMW-i3-22-300x215.jpg 300w, https:\/\/www.digitalcarmagazine.com.tr\/Web\/wp-content\/uploads\/BMW-i3-22-1024x734.jpg 1024w, https:\/\/www.digitalcarmagazine.com.tr\/Web\/wp-content\/uploads\/BMW-i3-22.jpg 1950w\" sizes=\"(max-width: 300px) 100vw, 300px\" \/><\/a>2013 y\u0131l\u0131nda Frost &amp; Sullivan taraf\u0131ndan yo\u011funla\u015fan mobilite sorunlar\u0131n\u0131 \u00e7\u00f6zmeye \u00e7al\u0131\u015fan, yenilik\u00e7i ve s\u00fcrd\u00fcr\u00fclebilir bir \u00fcretici olmas\u0131 dolay\u0131s\u0131yla (Global Company of the Year Award) \u201cY\u0131l\u0131n K\u00fcresel \u015eirketi \u00d6d\u00fcl\u00fc\u201dn\u00fc kazanan BMW Grubu, BMW i markas\u0131 ve modelleriyle \u00f6d\u00fcller toplamaya devam ediyor. BMW i3, filolara maliyeti ve yak\u0131t t\u00fcketimini azalt\u0131c\u0131 \u00fcr\u00fcn ve hizmetler sa\u011flayan \u015firketleri destekleyen \u0130ngiliz kamu kurulu\u015fu Energy Saving Trust taraf\u0131ndan enerji tasarrufu i\u00e7in verilen Fleet Hero \u00d6d\u00fclleri kapsam\u0131nda 2013 Otomobil ve Hafif Ticari Ara\u00e7 \u00dcretiminde Yenilik \u00f6d\u00fcl\u00fcne lay\u0131k g\u00f6r\u00fcld\u00fc.<\/p>\n<p>\u00c7a\u011f\u0131m\u0131z\u0131n toplumsal, ekolojik ve ekonomik zorluklar\u0131n\u0131n \u00fcstesinden gelebilme hedefini de ta\u015f\u0131yan ilk premium elektrikli ara\u00e7 unvan\u0131 sahibi BMW i3, ayn\u0131 zamanda 2013 Next Green Car \u00f6d\u00fcllerinde de etkileyici s\u00fcr\u00fc\u015f performans\u0131na ve elektrikli otomobillerde \u015fehir i\u00e7i kullan\u0131ma uygunluk standartlar\u0131n\u0131 y\u00fckseltmesi ile s\u00fcper mini kategorisinde \u00f6d\u00fclle ta\u00e7land\u0131r\u0131ld\u0131.<\/p>\n<p>\u015eimdiden 100 binden fazla ki\u015finin test s\u00fcr\u00fc\u015f\u00fc i\u00e7in ba\u015fvurdu\u011fu ve tasar\u0131m olarak BMW markas\u0131n\u0131n karakteristik \u00f6zelliklerini ta\u015f\u0131yan \u00e7izgilere sahip BMW i3, ayn\u0131 zamanda cesur geometrik hatlar\u0131yla da kendini belli ediyor. 170 HP g\u00fc\u00e7 ve 250 Nm tork \u00fcreten elektrik motoruyla 0-100 km\/s h\u0131zlamas\u0131n\u0131 7.2 sn\u2019de tamamlayan BMW i3, iki farkl\u0131 menzile olanak sa\u011flayan teknolojik alt yap\u0131s\u0131yla da \u00f6n plana \u00e7\u0131k\u0131yor.<\/p>\n","protected":false},"excerpt":{"rendered":"<p>BMW i3, \u0130ngiltere\u2019de 2 \u00f6d\u00fcle birden lay\u0131k g\u00f6r\u00fcld\u00fc.\u00a0 \u0130ngiliz kamu kurulu\u015fu Energy Saving Trust taraf\u0131ndan enerji tasarrufu i\u00e7in verilen Fleet Hero \u00d6d\u00fclleri kapsam\u0131nda \u201c2013 Otomobil ve Hafif Ticari Ara\u00e7 \u00dcretiminde Yenilik\u201d \u00f6d\u00fcl\u00fcne lay\u0131k g\u00f6r\u00fclen BMW i3, ayn\u0131 zamanda 2013 Next Green Car \u00f6d\u00fcllerinde de s\u00fcper mini kategorisinde de zirvede yer almay\u0131 ba\u015fard\u0131. 2013 y\u0131l\u0131nda Frost [&hellip;]<\/p>\n","protected":false},"author":1,"featured_media":0,"comment_status":"open","ping_status":"open","sticky":false,"template":"","format":"standard","meta":[],"categories":[1],"tags":[],"_links":{"self":[{"href":"https:\/\/www.digitalcarmagazine.com.tr\/Web\/wp-json\/wp\/v2\/posts\/7840"}],"collection":[{"href":"https:\/\/www.digitalcarmagazine.com.tr\/Web\/wp-json\/wp\/v2\/posts"}],"about":[{"href":"https:\/\/www.digitalcarmagazine.com.tr\/Web\/wp-json\/wp\/v2\/types\/post"}],"author":[{"embeddable":true,"href":"https:\/\/www.digitalcarmagazine.com.tr\/Web\/wp-json\/wp\/v2\/users\/1"}],"replies":[{"embeddable":true,"href":"https:\/\/www.digitalcarmagazine.com.tr\/Web\/wp-json\/wp\/v2\/comments?post=7840"}],"version-history":[{"count":5,"href":"https:\/\/www.digitalcarmagazine.com.tr\/Web\/wp-json\/wp\/v2\/posts\/7840\/revisions"}],"predecessor-version":[{"id":7915,"href":"https:\/\/www.digitalcarmagazine.com.tr\/Web\/wp-json\/wp\/v2\/posts\/7840\/revisions\/7915"}],"wp:attachment":[{"href":"https:\/\/www.digitalcarmagazine.com.tr\/Web\/wp-json\/wp\/v2\/media?parent=7840"}],"wp:term":[{"taxonomy":"category","embeddable":true,"href":"https:\/\/www.digitalcarmagazine.com.tr\/Web\/wp-json\/wp\/v2\/categories?post=7840"},{"taxonomy":"post_tag","embeddable":true,"href":"https:\/\/www.digitalcarmagazine.com.tr\/Web\/wp-json\/wp\/v2\/tags?post=7840"}],"curies":[{"name":"wp","href":"https:\/\/api.w.org\/{rel}","templated":true}]}}