{"id":7768,"date":"2014-01-05T11:30:07","date_gmt":"2014-01-05T11:30:07","guid":{"rendered":"http:\/\/www.digitalcarmagazine.com.tr\/Web\/?p=7768"},"modified":"2014-01-05T11:30:07","modified_gmt":"2014-01-05T11:30:07","slug":"siminden-klas-birincilik","status":"publish","type":"post","link":"https:\/\/www.digitalcarmagazine.com.tr\/Web\/siminden-klas-birincilik\/","title":{"rendered":"Simin&#8217;den Klas Birincilik"},"content":{"rendered":"<h3>AutoClub, Eneos ve DC Shoes deste\u011finde Neo Motorspor ad\u0131na m\u00fccadele eden Simin B\u0131\u00e7akc\u0131o\u011flu\/Af\u015fin Baydar ekibi, sezonun son yar\u0131\u015f\u0131 Opar Olio 34.\u0130stanbul Rallisi&#8217;nin\u00a0 ard\u0131ndan 2013 T\u00fcrkiye Ralli Kad\u0131nlar Birincili\u011fi&#8217;nin sahibi oldu.<\/h3>\n<p><a href=\"https:\/\/www.digitalcarmagazine.com.tr\/Web\/?attachment_id=7769\" rel=\"attachment wp-att-7769\"><img loading=\"lazy\" class=\"alignleft size-medium wp-image-7769\" title=\"IMG_9532\" src=\"https:\/\/www.digitalcarmagazine.com.tr\/Web\/wp-content\/uploads\/IMG_9532-300x199.jpg\" alt=\"\" width=\"300\" height=\"199\" srcset=\"https:\/\/www.digitalcarmagazine.com.tr\/Web\/wp-content\/uploads\/IMG_9532-300x199.jpg 300w, https:\/\/www.digitalcarmagazine.com.tr\/Web\/wp-content\/uploads\/IMG_9532-1024x682.jpg 1024w, https:\/\/www.digitalcarmagazine.com.tr\/Web\/wp-content\/uploads\/IMG_9532.jpg 2000w\" sizes=\"(max-width: 300px) 100vw, 300px\" \/><\/a><a href=\"https:\/\/www.digitalcarmagazine.com.tr\/Web\/?attachment_id=7770\" rel=\"attachment wp-att-7770\"><img loading=\"lazy\" class=\"alignleft size-medium wp-image-7770\" title=\"IMG_9535\" src=\"https:\/\/www.digitalcarmagazine.com.tr\/Web\/wp-content\/uploads\/IMG_9535-300x199.jpg\" alt=\"\" width=\"300\" height=\"199\" srcset=\"https:\/\/www.digitalcarmagazine.com.tr\/Web\/wp-content\/uploads\/IMG_9535-300x199.jpg 300w, https:\/\/www.digitalcarmagazine.com.tr\/Web\/wp-content\/uploads\/IMG_9535-1024x682.jpg 1024w, https:\/\/www.digitalcarmagazine.com.tr\/Web\/wp-content\/uploads\/IMG_9535.jpg 2000w\" sizes=\"(max-width: 300px) 100vw, 300px\" \/><\/a><a href=\"https:\/\/www.digitalcarmagazine.com.tr\/Web\/?attachment_id=7771\" rel=\"attachment wp-att-7771\"><img loading=\"lazy\" class=\"alignleft size-medium wp-image-7771\" title=\"simin-umit_erdim\" src=\"https:\/\/www.digitalcarmagazine.com.tr\/Web\/wp-content\/uploads\/simin-umit_erdim-196x300.jpg\" alt=\"\" width=\"196\" height=\"300\" srcset=\"https:\/\/www.digitalcarmagazine.com.tr\/Web\/wp-content\/uploads\/simin-umit_erdim-196x300.jpg 196w, https:\/\/www.digitalcarmagazine.com.tr\/Web\/wp-content\/uploads\/simin-umit_erdim-670x1024.jpg 670w, https:\/\/www.digitalcarmagazine.com.tr\/Web\/wp-content\/uploads\/simin-umit_erdim.jpg 1341w\" sizes=\"(max-width: 196px) 100vw, 196px\" \/><\/a><a href=\"https:\/\/www.digitalcarmagazine.com.tr\/Web\/?attachment_id=7772\" rel=\"attachment wp-att-7772\"><img loading=\"lazy\" class=\"alignleft size-medium wp-image-7772\" title=\"IMG_8902\" src=\"https:\/\/www.digitalcarmagazine.com.tr\/Web\/wp-content\/uploads\/IMG_8902-300x199.jpg\" alt=\"\" width=\"300\" height=\"199\" srcset=\"https:\/\/www.digitalcarmagazine.com.tr\/Web\/wp-content\/uploads\/IMG_8902-300x199.jpg 300w, https:\/\/www.digitalcarmagazine.com.tr\/Web\/wp-content\/uploads\/IMG_8902-1024x682.jpg 1024w, https:\/\/www.digitalcarmagazine.com.tr\/Web\/wp-content\/uploads\/IMG_8902.jpg 2000w\" sizes=\"(max-width: 300px) 100vw, 300px\" \/><\/a>2013 T\u00fcrkiye Ralli \u015eampiyonas\u0131, 14-15 Aral\u0131k tarihlerinde k\u0131sa ad\u0131 \u0130SOK olan \u0130stanbul Otomobil Sporlar\u0131 Kul\u00fcb\u00fc taraf\u0131ndan d\u00fczenlenen Opar Olio 34.\u0130stanbul Rallisi ile sona erdi. Murat Bostanc\u0131-Onur Vatansever ekibinin liderli\u011fi ile sonu\u00e7lanan ve 43 ekibinin start ald\u0131\u011f\u0131 organizasyonda, genel klasman ikincili\u011fini Fatih Kara-G\u00fcray Karacar elde ederken, Ya\u011f\u0131z Avc\u0131-Bahad\u0131r G\u00fccenmez genel klasmanda \u00fc\u00e7\u00fcnc\u00fc s\u0131rada yer ald\u0131. Ya\u011f\u0131z Avc\u0131 bu yar\u0131\u015f\u0131n ard\u0131ndan kariyerinin d\u00f6rd\u00fcnc\u00fc T\u00fcrkiye Ralli \u015eampiyonlu\u011fu\u00b4nu kazanmay\u0131 ba\u015fard\u0131.\u00a0Bu sezon AutoClub, Eneos ve DC Shoes deste\u011finde m\u00fccadele eden Neo Motorspor ekibi Simin B\u0131\u00e7akc\u0131o\u011flu\/Af\u015fin Baydar bu zorlu rallinin ard\u0131ndan 2013 T\u00fcrkiye Ralli Kad\u0131nlar Birincili\u011fi&#8217;nin sahibi oldu. Ge\u00e7ti\u011fimiz sezon da T\u00fcrkiye Ralli \u015eampiyonas\u0131&#8217;n\u0131n en h\u0131zl\u0131 kad\u0131n pilotu olan Simin, ikinci kez bu birincili\u011fi kazanarak kendisine g\u00fcvenenleri haks\u0131z \u00e7\u0131karmad\u0131. Neo Motorspor ad\u0131na Renault Clio Ragnotti ile yar\u0131\u015fan Adil K\u00fc\u00e7\u00fcksar\u0131\/G\u00fcrkal Menderes de bu yar\u0131\u015f\u0131n ard\u0131ndan 2013 T\u00fcrkiye Ralli S\u0131n\u0131f 8 Birincili\u011fi&#8217;ni elde ederken, oyuncu \u00dcmit Erdim de Melih Erg\u00fcne\u015f ile kat\u0131ld\u0131\u011f\u0131 ralliyi s\u0131n\u0131f 3 \u00fc\u00e7\u00fcnc\u00fcs\u00fc olarak tamamlad\u0131\u2026<\/p>\n<p>Simin yar\u0131\u015f\u0131n ard\u0131ndan &#8220;Bu sezon d\u00f6rt \u00e7eker bir otomobil olan Mitsubishi Lancer Evo 8 ile sezona ba\u015flad\u0131k. \u00d6nden\u00a0 \u00e7ekerden sonra d\u00f6rt \u00e7eker bir otomobille yar\u0131\u015fmak \u00e7ok daha rahat olsa da, h\u0131zl\u0131 ve g\u00fc\u00e7l\u00fc bir otomobil oldu\u011fu i\u00e7in kendimizi daha da geli\u015ftirmek zorundayd\u0131k. Tecr\u00fcbeli co-pilotum Af\u015fin Baydar her zaman oldu\u011fu gibi benimle bir y\u00fcrek olup m\u00fccadelemizde \u00fcst\u00fcne d\u00fc\u015fen her g\u00f6revi ba\u015far\u0131yla yerine getirdi. Otomobilin i\u00e7inde bir uyum yakalamak, ayn\u0131 dili konu\u015fabilmek, egolar\u0131 bir kenara b\u0131rak\u0131p &#8220;bir&#8221; olabilmek zordur, ama biz bunu hep ba\u015fard\u0131k. Bu sezon iki yar\u0131\u015ftan puan alamad\u0131k, ama inanc\u0131m\u0131z\u0131 hi\u00e7 kaybetmedik. Sezonun son yar\u0131\u015f\u0131 \u0130stanbul Rallisi&#8217;ne ani bir kararla Ford Fiesta R2 marka \u00f6nden \u00e7eker bir otomobille kat\u0131lmaya karar verdik. Bu karar, 2014 y\u0131l\u0131 ile ilgili planlar\u0131m\u0131z\u0131n haz\u0131rl\u0131k a\u015famas\u0131 a\u00e7\u0131s\u0131ndan \u00f6nemliydi. Ge\u00e7mi\u015fte de bu tarz bir otomobil kulland\u0131\u011f\u0131m i\u00e7in \u00e7ok sorun ya\u015fayaca\u011f\u0131m\u0131 d\u00fc\u015f\u00fcnmedim, fakat zorlu \u015fartlar ve stres bizi biraz hata yapmaya s\u00fcr\u00fckledi diyebilirim. Daha ilk etaptan otomobili bir yere vurduktan sonra iki etap sorunlu bir \u015fekilde servise ula\u015fmay\u0131 ba\u015fard\u0131k. Tecr\u00fcbeli Ford mekanikerleri problemlerimizi bir bir \u00e7\u00f6zd\u00fc ve tekrar yar\u0131\u015fa d\u00f6nmemizi sa\u011flad\u0131. Tek yapmam\u0131z gereken fini\u015fe gelmekti ve ne kendimizi ne de otomobilimizi hi\u00e7 zorlamadan fini\u015fe ula\u015ft\u0131k. En g\u00fczeli de bize inanan ve g\u00fcvenen bir\u00e7ok insan\u0131n hayallerini ve g\u00fcvenlerini k\u0131rmamak oldu. Uzun zamand\u0131r o g\u00fcn\u00fc bekliyorduk ve ba\u015fard\u0131k. Bu spor sadece \u00e7ok b\u00fct\u00e7e harcanarak olmuyor, ayn\u0131 zamanda cesaretiniz, sabr\u0131n\u0131z ve en \u00f6nemlisi karakteriniz yoksa; ne bu sporda, ne de ya\u015famda kendinize istedi\u011finiz yeri bulamazs\u0131n\u0131z. Biz Neo Motorspor olarak mekani\u011finden, pilotlar\u0131na, co-pilotlar\u0131na, sponsorlar\u0131na kadar \u00e7ok b\u00fcy\u00fck emekler verdik ve bu zaferleri sonuna kadar hak etti\u011fimize y\u00fcrekten inan\u0131yorum. Bizi destekleyen t\u00fcm sponsorlar\u0131m\u0131za, ailelerimize,\u00a0 destek\u00e7ilerimize ve takip\u00e7ilerimize minnettar\u0131m. Umar\u0131m 2014 y\u0131l\u0131 hepimiz i\u00e7in hay\u0131rl\u0131 ve u\u011furlu bir y\u0131l olur\u2026&#8221;\u00a0 a\u00e7\u0131klamas\u0131n\u0131 yapt\u0131.<\/p>\n","protected":false},"excerpt":{"rendered":"<p>AutoClub, Eneos ve DC Shoes deste\u011finde Neo Motorspor ad\u0131na m\u00fccadele eden Simin B\u0131\u00e7akc\u0131o\u011flu\/Af\u015fin Baydar ekibi, sezonun son yar\u0131\u015f\u0131 Opar Olio 34.\u0130stanbul Rallisi&#8217;nin\u00a0 ard\u0131ndan 2013 T\u00fcrkiye Ralli Kad\u0131nlar Birincili\u011fi&#8217;nin sahibi oldu. 2013 T\u00fcrkiye Ralli \u015eampiyonas\u0131, 14-15 Aral\u0131k tarihlerinde k\u0131sa ad\u0131 \u0130SOK olan \u0130stanbul Otomobil Sporlar\u0131 Kul\u00fcb\u00fc taraf\u0131ndan d\u00fczenlenen Opar Olio 34.\u0130stanbul Rallisi ile sona erdi. Murat [&hellip;]<\/p>\n","protected":false},"author":1,"featured_media":0,"comment_status":"open","ping_status":"open","sticky":false,"template":"","format":"standard","meta":[],"categories":[1,10],"tags":[],"_links":{"self":[{"href":"https:\/\/www.digitalcarmagazine.com.tr\/Web\/wp-json\/wp\/v2\/posts\/7768"}],"collection":[{"href":"https:\/\/www.digitalcarmagazine.com.tr\/Web\/wp-json\/wp\/v2\/posts"}],"about":[{"href":"https:\/\/www.digitalcarmagazine.com.tr\/Web\/wp-json\/wp\/v2\/types\/post"}],"author":[{"embeddable":true,"href":"https:\/\/www.digitalcarmagazine.com.tr\/Web\/wp-json\/wp\/v2\/users\/1"}],"replies":[{"embeddable":true,"href":"https:\/\/www.digitalcarmagazine.com.tr\/Web\/wp-json\/wp\/v2\/comments?post=7768"}],"version-history":[{"count":3,"href":"https:\/\/www.digitalcarmagazine.com.tr\/Web\/wp-json\/wp\/v2\/posts\/7768\/revisions"}],"predecessor-version":[{"id":7775,"href":"https:\/\/www.digitalcarmagazine.com.tr\/Web\/wp-json\/wp\/v2\/posts\/7768\/revisions\/7775"}],"wp:attachment":[{"href":"https:\/\/www.digitalcarmagazine.com.tr\/Web\/wp-json\/wp\/v2\/media?parent=7768"}],"wp:term":[{"taxonomy":"category","embeddable":true,"href":"https:\/\/www.digitalcarmagazine.com.tr\/Web\/wp-json\/wp\/v2\/categories?post=7768"},{"taxonomy":"post_tag","embeddable":true,"href":"https:\/\/www.digitalcarmagazine.com.tr\/Web\/wp-json\/wp\/v2\/tags?post=7768"}],"curies":[{"name":"wp","href":"https:\/\/api.w.org\/{rel}","templated":true}]}}