{"id":7763,"date":"2014-01-05T11:26:48","date_gmt":"2014-01-05T11:26:48","guid":{"rendered":"http:\/\/www.digitalcarmagazine.com.tr\/Web\/?p=7763"},"modified":"2014-01-05T11:26:48","modified_gmt":"2014-01-05T11:26:48","slug":"mobicardan-yuzde-50-indirimli-yeni-yil-kampanyasi","status":"publish","type":"post","link":"https:\/\/www.digitalcarmagazine.com.tr\/Web\/mobicardan-yuzde-50-indirimli-yeni-yil-kampanyasi\/","title":{"rendered":"Mobicar&#8217;dan Y\u00fczde 50 \u0130ndirimli Yeni Y\u0131l Kampanyas\u0131"},"content":{"rendered":"<h3>Ara\u00e7lar\u0131n ihtiyaca g\u00f6re, belli s\u00fcreler ve belli mesafeler i\u00e7in kullan\u0131lmas\u0131 ve kullan\u0131ld\u0131\u011f\u0131 kadar \u00f6denmesi esas\u0131na dayanan sistemiyle hayat\u0131m\u0131za giren ara\u00e7 payla\u015f\u0131m platformu Mobicar, 25 Aral\u0131k &#8211; 5 Ocak tarihleri aras\u0131ndaki kullan\u0131mlarda \u00fcyelerine y\u00fczde 50 indirim f\u0131rsat\u0131 sunaca\u011f\u0131n\u0131 duyurdu.<\/h3>\n<p><a href=\"https:\/\/www.digitalcarmagazine.com.tr\/Web\/?attachment_id=7764\" rel=\"attachment wp-att-7764\"><img loading=\"lazy\" class=\"alignleft size-medium wp-image-7764\" title=\"1388054568_Yeni_Y__l_Kampanya_G__rseli__2\" src=\"https:\/\/www.digitalcarmagazine.com.tr\/Web\/wp-content\/uploads\/1388054568_Yeni_Y__l_Kampanya_G__rseli__2-300x300.jpg\" alt=\"\" width=\"300\" height=\"300\" srcset=\"https:\/\/www.digitalcarmagazine.com.tr\/Web\/wp-content\/uploads\/1388054568_Yeni_Y__l_Kampanya_G__rseli__2-300x300.jpg 300w, https:\/\/www.digitalcarmagazine.com.tr\/Web\/wp-content\/uploads\/1388054568_Yeni_Y__l_Kampanya_G__rseli__2-150x150.jpg 150w, https:\/\/www.digitalcarmagazine.com.tr\/Web\/wp-content\/uploads\/1388054568_Yeni_Y__l_Kampanya_G__rseli__2-1024x1024.jpg 1024w\" sizes=\"(max-width: 300px) 100vw, 300px\" \/><\/a>Bu kampanyadan faydalanmak isteyenler, Mobicar.com.tr adresinden 5 Ocak&#8217;a kadar ger\u00e7ekle\u015ftirilen rezervasyon i\u015flemleri s\u0131ras\u0131nda saatlik \u00fccretlerde y\u00fczde 50 indirim hakk\u0131na sahip olacaklar.<\/p>\n","protected":false},"excerpt":{"rendered":"<p>Ara\u00e7lar\u0131n ihtiyaca g\u00f6re, belli s\u00fcreler ve belli mesafeler i\u00e7in kullan\u0131lmas\u0131 ve kullan\u0131ld\u0131\u011f\u0131 kadar \u00f6denmesi esas\u0131na dayanan sistemiyle hayat\u0131m\u0131za giren ara\u00e7 payla\u015f\u0131m platformu Mobicar, 25 Aral\u0131k &#8211; 5 Ocak tarihleri aras\u0131ndaki kullan\u0131mlarda \u00fcyelerine y\u00fczde 50 indirim f\u0131rsat\u0131 sunaca\u011f\u0131n\u0131 duyurdu. Bu kampanyadan faydalanmak isteyenler, Mobicar.com.tr adresinden 5 Ocak&#8217;a kadar ger\u00e7ekle\u015ftirilen rezervasyon i\u015flemleri s\u0131ras\u0131nda saatlik \u00fccretlerde y\u00fczde 50 [&hellip;]<\/p>\n","protected":false},"author":1,"featured_media":0,"comment_status":"open","ping_status":"open","sticky":false,"template":"","format":"standard","meta":[],"categories":[1,9],"tags":[],"_links":{"self":[{"href":"https:\/\/www.digitalcarmagazine.com.tr\/Web\/wp-json\/wp\/v2\/posts\/7763"}],"collection":[{"href":"https:\/\/www.digitalcarmagazine.com.tr\/Web\/wp-json\/wp\/v2\/posts"}],"about":[{"href":"https:\/\/www.digitalcarmagazine.com.tr\/Web\/wp-json\/wp\/v2\/types\/post"}],"author":[{"embeddable":true,"href":"https:\/\/www.digitalcarmagazine.com.tr\/Web\/wp-json\/wp\/v2\/users\/1"}],"replies":[{"embeddable":true,"href":"https:\/\/www.digitalcarmagazine.com.tr\/Web\/wp-json\/wp\/v2\/comments?post=7763"}],"version-history":[{"count":3,"href":"https:\/\/www.digitalcarmagazine.com.tr\/Web\/wp-json\/wp\/v2\/posts\/7763\/revisions"}],"predecessor-version":[{"id":7767,"href":"https:\/\/www.digitalcarmagazine.com.tr\/Web\/wp-json\/wp\/v2\/posts\/7763\/revisions\/7767"}],"wp:attachment":[{"href":"https:\/\/www.digitalcarmagazine.com.tr\/Web\/wp-json\/wp\/v2\/media?parent=7763"}],"wp:term":[{"taxonomy":"category","embeddable":true,"href":"https:\/\/www.digitalcarmagazine.com.tr\/Web\/wp-json\/wp\/v2\/categories?post=7763"},{"taxonomy":"post_tag","embeddable":true,"href":"https:\/\/www.digitalcarmagazine.com.tr\/Web\/wp-json\/wp\/v2\/tags?post=7763"}],"curies":[{"name":"wp","href":"https:\/\/api.w.org\/{rel}","templated":true}]}}