{"id":7757,"date":"2014-01-05T11:23:42","date_gmt":"2014-01-05T11:23:42","guid":{"rendered":"http:\/\/www.digitalcarmagazine.com.tr\/Web\/?p=7757"},"modified":"2014-01-05T11:23:42","modified_gmt":"2014-01-05T11:23:42","slug":"anadolu-isuzu-transist-2013-6-ulasim-sempozyumu-ve-fuari%e2%80%99nda-yeni-nesil-araclarini-sergiledi","status":"publish","type":"post","link":"https:\/\/www.digitalcarmagazine.com.tr\/Web\/anadolu-isuzu-transist-2013-6-ulasim-sempozyumu-ve-fuari%e2%80%99nda-yeni-nesil-araclarini-sergiledi\/","title":{"rendered":"Anadolu Isuzu, &#8216;Transist 2013 6. Ula\u015f\u0131m Sempozyumu ve Fuar\u0131\u2019nda Yeni Nesil Ara\u00e7lar\u0131n\u0131 Sergiledi"},"content":{"rendered":"<h3>Anadolu Isuzu, 25-26 Aral\u0131k 2013 tarihleri aras\u0131nda d\u00fczenlenen Transist 2013 6. Ula\u015f\u0131m Sempozyumu ve Fuar\u0131\u2019nda yeni nesil ara\u00e7lar\u0131n\u0131 sergiledi. Toplu Ula\u015f\u0131m\u2019da 4M (Management (Y\u00f6netim), Mobility (Hareketlilik), Maintenance (Bak\u0131m), Manufacture (\u00dcretim)) temas\u0131n\u0131n i\u015flendi\u011fi fuar, \u0130stanbul Kongre Merkezi\u2019nde ger\u00e7ekle\u015fti.<\/h3>\n<p><a href=\"https:\/\/www.digitalcarmagazine.com.tr\/Web\/?attachment_id=7758\" rel=\"attachment wp-att-7758\"><img loading=\"lazy\" class=\"alignleft size-medium wp-image-7758\" title=\"DSCN2523\" src=\"https:\/\/www.digitalcarmagazine.com.tr\/Web\/wp-content\/uploads\/DSCN2523-300x225.jpg\" alt=\"\" width=\"300\" height=\"225\" srcset=\"https:\/\/www.digitalcarmagazine.com.tr\/Web\/wp-content\/uploads\/DSCN2523-300x225.jpg 300w, https:\/\/www.digitalcarmagazine.com.tr\/Web\/wp-content\/uploads\/DSCN2523-1024x768.jpg 1024w\" sizes=\"(max-width: 300px) 100vw, 300px\" \/><\/a><a href=\"https:\/\/www.digitalcarmagazine.com.tr\/Web\/?attachment_id=7759\" rel=\"attachment wp-att-7759\"><img loading=\"lazy\" class=\"alignleft size-medium wp-image-7759\" title=\"DSCN2553\" src=\"https:\/\/www.digitalcarmagazine.com.tr\/Web\/wp-content\/uploads\/DSCN2553-300x225.jpg\" alt=\"\" width=\"300\" height=\"225\" srcset=\"https:\/\/www.digitalcarmagazine.com.tr\/Web\/wp-content\/uploads\/DSCN2553-300x225.jpg 300w, https:\/\/www.digitalcarmagazine.com.tr\/Web\/wp-content\/uploads\/DSCN2553-1024x768.jpg 1024w\" sizes=\"(max-width: 300px) 100vw, 300px\" \/><\/a>\u0130stanbul B\u00fcy\u00fck\u015fehir Belediyesi ve \u0130ETT i\u015fbirli\u011fi ile ger\u00e7ekle\u015fen fuarda; toplu ta\u015f\u0131ma sekt\u00f6r\u00fcnde d\u00fc\u015f\u00fck yak\u0131t t\u00fcketimi, y\u00fcksek yolcu kapasitesi ve konforuyla belediyelerin g\u00f6zdesi Citibus A\/T, Citibus CNG ve Novociti ile \u00f6zellikle kamu sekt\u00f6r\u00fcnde son y\u0131llarda her ge\u00e7en g\u00fcn daha fazla kullan\u0131lmakta olan D-Max 4&#215;4 Off-Road ara\u00e7lar\u0131n yer ald\u0131\u011f\u0131 Anadolu Isuzu stand\u0131, fuar\u0131n\u00a0 yine en \u00e7ok ziyaret edilen stand\u0131 oldu.<\/p>\n","protected":false},"excerpt":{"rendered":"<p>Anadolu Isuzu, 25-26 Aral\u0131k 2013 tarihleri aras\u0131nda d\u00fczenlenen Transist 2013 6. Ula\u015f\u0131m Sempozyumu ve Fuar\u0131\u2019nda yeni nesil ara\u00e7lar\u0131n\u0131 sergiledi. Toplu Ula\u015f\u0131m\u2019da 4M (Management (Y\u00f6netim), Mobility (Hareketlilik), Maintenance (Bak\u0131m), Manufacture (\u00dcretim)) temas\u0131n\u0131n i\u015flendi\u011fi fuar, \u0130stanbul Kongre Merkezi\u2019nde ger\u00e7ekle\u015fti. \u0130stanbul B\u00fcy\u00fck\u015fehir Belediyesi ve \u0130ETT i\u015fbirli\u011fi ile ger\u00e7ekle\u015fen fuarda; toplu ta\u015f\u0131ma sekt\u00f6r\u00fcnde d\u00fc\u015f\u00fck yak\u0131t t\u00fcketimi, y\u00fcksek yolcu kapasitesi [&hellip;]<\/p>\n","protected":false},"author":1,"featured_media":0,"comment_status":"open","ping_status":"open","sticky":false,"template":"","format":"standard","meta":[],"categories":[1],"tags":[],"_links":{"self":[{"href":"https:\/\/www.digitalcarmagazine.com.tr\/Web\/wp-json\/wp\/v2\/posts\/7757"}],"collection":[{"href":"https:\/\/www.digitalcarmagazine.com.tr\/Web\/wp-json\/wp\/v2\/posts"}],"about":[{"href":"https:\/\/www.digitalcarmagazine.com.tr\/Web\/wp-json\/wp\/v2\/types\/post"}],"author":[{"embeddable":true,"href":"https:\/\/www.digitalcarmagazine.com.tr\/Web\/wp-json\/wp\/v2\/users\/1"}],"replies":[{"embeddable":true,"href":"https:\/\/www.digitalcarmagazine.com.tr\/Web\/wp-json\/wp\/v2\/comments?post=7757"}],"version-history":[{"count":3,"href":"https:\/\/www.digitalcarmagazine.com.tr\/Web\/wp-json\/wp\/v2\/posts\/7757\/revisions"}],"predecessor-version":[{"id":7762,"href":"https:\/\/www.digitalcarmagazine.com.tr\/Web\/wp-json\/wp\/v2\/posts\/7757\/revisions\/7762"}],"wp:attachment":[{"href":"https:\/\/www.digitalcarmagazine.com.tr\/Web\/wp-json\/wp\/v2\/media?parent=7757"}],"wp:term":[{"taxonomy":"category","embeddable":true,"href":"https:\/\/www.digitalcarmagazine.com.tr\/Web\/wp-json\/wp\/v2\/categories?post=7757"},{"taxonomy":"post_tag","embeddable":true,"href":"https:\/\/www.digitalcarmagazine.com.tr\/Web\/wp-json\/wp\/v2\/tags?post=7757"}],"curies":[{"name":"wp","href":"https:\/\/api.w.org\/{rel}","templated":true}]}}