{"id":7604,"date":"2013-11-22T11:07:35","date_gmt":"2013-11-22T11:07:35","guid":{"rendered":"http:\/\/www.digitalcarmagazine.com.tr\/Web\/?p=7604"},"modified":"2013-12-16T11:50:16","modified_gmt":"2013-12-16T11:50:16","slug":"turkiyeye-ozel-yeni-panamera","status":"publish","type":"post","link":"https:\/\/www.digitalcarmagazine.com.tr\/Web\/turkiyeye-ozel-yeni-panamera\/","title":{"rendered":"T\u00fcrkiye&#8217;ye \u00f6zel &#8216;Yeni Panamera&#8217;"},"content":{"rendered":"<h3 style=\"text-align: left;\" align=\"center\">Porsche\u2019nin d\u00f6rt kap\u0131l\u0131 modeli Panamera, art\u0131k T\u00fcrkiye\u2019ye \u00f6zel aksesuar paketi ve \u00f6zel fiyatlar\u0131yla Porsche showroomlar\u0131nda.<\/h3>\n<p style=\"text-align: left;\"><a href=\"https:\/\/www.digitalcarmagazine.com.tr\/Web\/?attachment_id=7605\" rel=\"attachment wp-att-7605\"><img loading=\"lazy\" class=\"alignleft size-medium wp-image-7605\" title=\"Porsche_Panamera\" src=\"https:\/\/www.digitalcarmagazine.com.tr\/Web\/wp-content\/uploads\/Porsche_Panamera-300x199.jpg\" alt=\"\" width=\"300\" height=\"199\" srcset=\"https:\/\/www.digitalcarmagazine.com.tr\/Web\/wp-content\/uploads\/Porsche_Panamera-300x199.jpg 300w, https:\/\/www.digitalcarmagazine.com.tr\/Web\/wp-content\/uploads\/Porsche_Panamera-1024x682.jpg 1024w, https:\/\/www.digitalcarmagazine.com.tr\/Web\/wp-content\/uploads\/Porsche_Panamera.jpg 1651w\" sizes=\"(max-width: 300px) 100vw, 300px\" \/><\/a>Porsche\u2019nin rakipsiz 4 kap\u0131l\u0131 Panamera modelinin daha verimli, spor, rahat ve zarif ikinci nesli showroomlarda yerini ald\u0131.\u00a0T\u00fcrkiye\u2019ye \u00f6zel aksesuar paketi ve \u00f6zel fiyatlarla sat\u0131\u015fa sunulan Panamera, geli\u015ftirilmi\u015f teknolojileri, yak\u0131t tasarrufundaki iyile\u015ftirmeleri, kullan\u0131m ve s\u00fcr\u00fc\u015f konforuyla b\u00fcy\u00fck ilgi g\u00f6rmeye devam ediyor.<\/p>\n<h4 style=\"text-align: left;\"><span style=\"color: #ff0000;\">Kullan\u0131c\u0131lar\u0131n taleplerine \u00f6zel donan\u0131m<\/span><\/h4>\n<p style=\"text-align: left;\">Porsche Panamera, kullan\u0131c\u0131lar\u0131n talepleri de g\u00f6z \u00f6n\u00fcne al\u0131narak tamamen T\u00fcrkiye\u2019ye \u00f6zel donan\u0131mlarla sunuluyor. Donan\u0131m paketinde, \u0131s\u0131tmal\u0131 koltuklar, s\u00fcr\u00fcc\u00fc haf\u0131za paketi, 19-inch Panamera Turbo 2 jantlar, Bluetooth, elektrikli bagaj kapa\u011f\u0131, elektrikli cam tavan, 4 b\u00f6lge klima yer al\u0131yor.\u00a0Yeni Panamera modelleri bi-xenon farlar, \u00e7ok fonksiyonlu direksiyon gibi yeni standart \u00f6zelliklerle daha da geli\u015ftirilmi\u015f. Ayr\u0131ca g\u00fcvenlik ve kullan\u0131m kolayl\u0131\u011f\u0131 i\u00e7in geni\u015fletilmi\u015f bir dizi destek sistemi sunuluyor. \u00d6rne\u011fin, iyile\u015ftirilmi\u015f adaptif h\u0131z kontrol\u00fc sistemi, art\u0131k tehlikeli durumlarda aktif bir \u015fekilde devreye giriyor.<\/p>\n<p style=\"text-align: left;\">Panamera ailesi, T\u00fcrkiye\u2019de Panamera Dizel 3.0 lt 250 hp, Panamera 4S 3.0 lt 420 hp, Panamera 4S Executive 3.0 lt 420 hp, Panamera GTS 4.8 lt 440hp, Panamera Turbo 4.8 lt 520 hp, Panamera Turbo Executive 4.8 lt 520 hp modelleri ile \u0130stanbul, Ankara, \u0130zmir, Antalya, Bursa ve Mersin\u2019deki Porsche Merkezleri\u2019nde T\u00fcrkiye\u2019ye \u00f6zel fiyatlar\u0131yla sahiplerini bekliyor.<\/p>\n","protected":false},"excerpt":{"rendered":"<p>Porsche\u2019nin d\u00f6rt kap\u0131l\u0131 modeli Panamera, art\u0131k T\u00fcrkiye\u2019ye \u00f6zel aksesuar paketi ve \u00f6zel fiyatlar\u0131yla Porsche showroomlar\u0131nda. Porsche\u2019nin rakipsiz 4 kap\u0131l\u0131 Panamera modelinin daha verimli, spor, rahat ve zarif ikinci nesli showroomlarda yerini ald\u0131.\u00a0T\u00fcrkiye\u2019ye \u00f6zel aksesuar paketi ve \u00f6zel fiyatlarla sat\u0131\u015fa sunulan Panamera, geli\u015ftirilmi\u015f teknolojileri, yak\u0131t tasarrufundaki iyile\u015ftirmeleri, kullan\u0131m ve s\u00fcr\u00fc\u015f konforuyla b\u00fcy\u00fck ilgi g\u00f6rmeye devam ediyor. [&hellip;]<\/p>\n","protected":false},"author":1,"featured_media":0,"comment_status":"open","ping_status":"open","sticky":false,"template":"","format":"standard","meta":[],"categories":[1],"tags":[],"_links":{"self":[{"href":"https:\/\/www.digitalcarmagazine.com.tr\/Web\/wp-json\/wp\/v2\/posts\/7604"}],"collection":[{"href":"https:\/\/www.digitalcarmagazine.com.tr\/Web\/wp-json\/wp\/v2\/posts"}],"about":[{"href":"https:\/\/www.digitalcarmagazine.com.tr\/Web\/wp-json\/wp\/v2\/types\/post"}],"author":[{"embeddable":true,"href":"https:\/\/www.digitalcarmagazine.com.tr\/Web\/wp-json\/wp\/v2\/users\/1"}],"replies":[{"embeddable":true,"href":"https:\/\/www.digitalcarmagazine.com.tr\/Web\/wp-json\/wp\/v2\/comments?post=7604"}],"version-history":[{"count":4,"href":"https:\/\/www.digitalcarmagazine.com.tr\/Web\/wp-json\/wp\/v2\/posts\/7604\/revisions"}],"predecessor-version":[{"id":7685,"href":"https:\/\/www.digitalcarmagazine.com.tr\/Web\/wp-json\/wp\/v2\/posts\/7604\/revisions\/7685"}],"wp:attachment":[{"href":"https:\/\/www.digitalcarmagazine.com.tr\/Web\/wp-json\/wp\/v2\/media?parent=7604"}],"wp:term":[{"taxonomy":"category","embeddable":true,"href":"https:\/\/www.digitalcarmagazine.com.tr\/Web\/wp-json\/wp\/v2\/categories?post=7604"},{"taxonomy":"post_tag","embeddable":true,"href":"https:\/\/www.digitalcarmagazine.com.tr\/Web\/wp-json\/wp\/v2\/tags?post=7604"}],"curies":[{"name":"wp","href":"https:\/\/api.w.org\/{rel}","templated":true}]}}