{"id":7584,"date":"2013-11-18T14:48:48","date_gmt":"2013-11-18T14:48:48","guid":{"rendered":"http:\/\/www.digitalcarmagazine.com.tr\/Web\/?p=7584"},"modified":"2013-12-16T10:31:35","modified_gmt":"2013-12-16T10:31:35","slug":"audi-a3-sedana-altin-direksiyon-odulu","status":"publish","type":"post","link":"https:\/\/www.digitalcarmagazine.com.tr\/Web\/audi-a3-sedana-altin-direksiyon-odulu\/","title":{"rendered":"Audi A3 Sedan&#8217;a &#8216;Alt\u0131n Direksiyon&#8217; \u00f6d\u00fcl\u00fc!"},"content":{"rendered":"<h3 style=\"text-align: left;\">Audi\u2019nin ge\u00e7ti\u011fimiz aylarda pazara sundu\u011fu ve orta s\u0131n\u0131fa iddial\u0131 bir giri\u015f yapan modeli A3 Sedan, ilk \u00f6d\u00fcl\u00fcn\u00fc ald\u0131: Alt\u0131n Direksiyon.<\/h3>\n<p style=\"text-align: left;\"><a href=\"https:\/\/www.digitalcarmagazine.com.tr\/Web\/?attachment_id=7585\" rel=\"attachment wp-att-7585\"><img loading=\"lazy\" class=\"alignleft size-medium wp-image-7585\" title=\"Audi A3 Limousine\" src=\"https:\/\/www.digitalcarmagazine.com.tr\/Web\/wp-content\/uploads\/A3-Sedan-2-300x199.jpg\" alt=\"\" width=\"300\" height=\"199\" srcset=\"https:\/\/www.digitalcarmagazine.com.tr\/Web\/wp-content\/uploads\/A3-Sedan-2-300x199.jpg 300w, https:\/\/www.digitalcarmagazine.com.tr\/Web\/wp-content\/uploads\/A3-Sedan-2-1024x682.jpg 1024w\" sizes=\"(max-width: 300px) 100vw, 300px\" \/><\/a><a href=\"https:\/\/www.digitalcarmagazine.com.tr\/Web\/?attachment_id=7586\" rel=\"attachment wp-att-7586\"><img loading=\"lazy\" class=\"alignleft size-medium wp-image-7586\" title=\"Audi A3 Limousine\" src=\"https:\/\/www.digitalcarmagazine.com.tr\/Web\/wp-content\/uploads\/A3-Sedan-3-300x199.jpg\" alt=\"\" width=\"300\" height=\"199\" srcset=\"https:\/\/www.digitalcarmagazine.com.tr\/Web\/wp-content\/uploads\/A3-Sedan-3-300x199.jpg 300w, https:\/\/www.digitalcarmagazine.com.tr\/Web\/wp-content\/uploads\/A3-Sedan-3-1024x682.jpg 1024w\" sizes=\"(max-width: 300px) 100vw, 300px\" \/><\/a>Otomotiv End\u00fcstrisinin en prestijli \u00f6d\u00fcllerinden biri olarak kabul edilen \u2018Alt\u0131n Direksiyon\u2019un kazananlar\u0131 a\u00e7\u0131kland\u0131. Audi A3 Sedan, \u00e7ok g\u00fc\u00e7l\u00fc rakiplerinin bulundu\u011fu orta s\u0131n\u0131f kategorisinde birincili\u011fi elde ederek \u2018Alt\u0131n Direksiyon\u2019 \u00f6d\u00fcl\u00fcn\u00fc kazand\u0131.\u00a0Auto Bild ve Bild am Sonntag okuyucular\u0131n\u0131n yan\u0131s\u0131ra sekt\u00f6r uzmanlar\u0131 taraf\u0131ndan yap\u0131lan oylamalar neticesinde A3 Sedan, 49 aday model aras\u0131nda \u00f6d\u00fcle lay\u0131k g\u00f6r\u00fcld\u00fc.\u00a0Kompakt premium segmentte Audi\u2019nin ilk sedan modeli olan A3 Sedan, teknolojisi, g\u00fcnl\u00fck kullan\u0131ma uygunlu\u011fu ve kofor \u00f6\u011feleriyle j\u00fcrinin be\u011fenisini kazand\u0131.\u00a0Audi bu \u00f6d\u00fclle, organizasyonun 38 y\u0131ll\u0131k tarihinde 23 defa Alt\u0131n Direksiyon \u00f6d\u00fcl\u00fc kazanarak bir ba\u015fka eri\u015filmesi g\u00fc\u00e7 ba\u015far\u0131ya daha imza atm\u0131\u015f oldu.<\/p>\n<p style=\"text-align: left;\">Alt\u0131n Direksiyon \u00f6d\u00fclleri, 1976 y\u0131l\u0131ndan bu yana K\u00fc\u00e7\u00fck \/ Kompakt Otomobil, Orta S\u0131n\u0131f, Cabriolets \/ Coup\u00e9s, Van, SUV ve L\u00fcks \/ \u00dcst S\u0131n\u0131f olmak \u00fczere alt\u0131 kategoride yap\u0131lan de\u011ferlendirmeler neticesinde en ba\u015far\u0131l\u0131 bulunan modellere veriliyor.<\/p>\n<p style=\"text-align: left;\">\n","protected":false},"excerpt":{"rendered":"<p>Audi\u2019nin ge\u00e7ti\u011fimiz aylarda pazara sundu\u011fu ve orta s\u0131n\u0131fa iddial\u0131 bir giri\u015f yapan modeli A3 Sedan, ilk \u00f6d\u00fcl\u00fcn\u00fc ald\u0131: Alt\u0131n Direksiyon. Otomotiv End\u00fcstrisinin en prestijli \u00f6d\u00fcllerinden biri olarak kabul edilen \u2018Alt\u0131n Direksiyon\u2019un kazananlar\u0131 a\u00e7\u0131kland\u0131. Audi A3 Sedan, \u00e7ok g\u00fc\u00e7l\u00fc rakiplerinin bulundu\u011fu orta s\u0131n\u0131f kategorisinde birincili\u011fi elde ederek \u2018Alt\u0131n Direksiyon\u2019 \u00f6d\u00fcl\u00fcn\u00fc kazand\u0131.\u00a0Auto Bild ve Bild am Sonntag [&hellip;]<\/p>\n","protected":false},"author":1,"featured_media":0,"comment_status":"open","ping_status":"open","sticky":false,"template":"","format":"standard","meta":[],"categories":[1],"tags":[],"_links":{"self":[{"href":"https:\/\/www.digitalcarmagazine.com.tr\/Web\/wp-json\/wp\/v2\/posts\/7584"}],"collection":[{"href":"https:\/\/www.digitalcarmagazine.com.tr\/Web\/wp-json\/wp\/v2\/posts"}],"about":[{"href":"https:\/\/www.digitalcarmagazine.com.tr\/Web\/wp-json\/wp\/v2\/types\/post"}],"author":[{"embeddable":true,"href":"https:\/\/www.digitalcarmagazine.com.tr\/Web\/wp-json\/wp\/v2\/users\/1"}],"replies":[{"embeddable":true,"href":"https:\/\/www.digitalcarmagazine.com.tr\/Web\/wp-json\/wp\/v2\/comments?post=7584"}],"version-history":[{"count":6,"href":"https:\/\/www.digitalcarmagazine.com.tr\/Web\/wp-json\/wp\/v2\/posts\/7584\/revisions"}],"predecessor-version":[{"id":7660,"href":"https:\/\/www.digitalcarmagazine.com.tr\/Web\/wp-json\/wp\/v2\/posts\/7584\/revisions\/7660"}],"wp:attachment":[{"href":"https:\/\/www.digitalcarmagazine.com.tr\/Web\/wp-json\/wp\/v2\/media?parent=7584"}],"wp:term":[{"taxonomy":"category","embeddable":true,"href":"https:\/\/www.digitalcarmagazine.com.tr\/Web\/wp-json\/wp\/v2\/categories?post=7584"},{"taxonomy":"post_tag","embeddable":true,"href":"https:\/\/www.digitalcarmagazine.com.tr\/Web\/wp-json\/wp\/v2\/tags?post=7584"}],"curies":[{"name":"wp","href":"https:\/\/api.w.org\/{rel}","templated":true}]}}