{"id":7556,"date":"2013-11-15T16:30:47","date_gmt":"2013-11-15T16:30:47","guid":{"rendered":"http:\/\/www.digitalcarmagazine.com.tr\/Web\/?p=7556"},"modified":"2013-11-15T16:30:47","modified_gmt":"2013-11-15T16:30:47","slug":"kasim-ayinda-hyundaide-0-faiz","status":"publish","type":"post","link":"https:\/\/www.digitalcarmagazine.com.tr\/Web\/kasim-ayinda-hyundaide-0-faiz\/","title":{"rendered":"Kas\u0131m ay\u0131nda Hyundai&#8217;de &#8216;0 faiz&#8217;"},"content":{"rendered":"<h3 style=\"text-align: left;\">Kas\u0131m ay\u0131nda Hyundai sahibi olmak isterseniz cazip f\u0131rsatlar sizi bekliyor!<\/h3>\n<p style=\"text-align: left;\"><a href=\"https:\/\/www.digitalcarmagazine.com.tr\/Web\/?attachment_id=7557\" rel=\"attachment wp-att-7557\"><img loading=\"lazy\" class=\"alignleft size-medium wp-image-7557\" title=\"Hyundai i30\" src=\"https:\/\/www.digitalcarmagazine.com.tr\/Web\/wp-content\/uploads\/Hyundai-i301-285x300.jpg\" alt=\"\" width=\"285\" height=\"300\" srcset=\"https:\/\/www.digitalcarmagazine.com.tr\/Web\/wp-content\/uploads\/Hyundai-i301-285x300.jpg 285w, https:\/\/www.digitalcarmagazine.com.tr\/Web\/wp-content\/uploads\/Hyundai-i301-976x1024.jpg 976w, https:\/\/www.digitalcarmagazine.com.tr\/Web\/wp-content\/uploads\/Hyundai-i301.jpg 1772w\" sizes=\"(max-width: 285px) 100vw, 285px\" \/><\/a><a href=\"https:\/\/www.digitalcarmagazine.com.tr\/Web\/?attachment_id=7558\" rel=\"attachment wp-att-7558\"><img loading=\"lazy\" class=\"alignleft size-medium wp-image-7558\" title=\"Hyundai i20\" src=\"https:\/\/www.digitalcarmagazine.com.tr\/Web\/wp-content\/uploads\/Hyundai-i203-300x200.jpg\" alt=\"\" width=\"300\" height=\"200\" srcset=\"https:\/\/www.digitalcarmagazine.com.tr\/Web\/wp-content\/uploads\/Hyundai-i203-300x200.jpg 300w, https:\/\/www.digitalcarmagazine.com.tr\/Web\/wp-content\/uploads\/Hyundai-i203-1024x682.jpg 1024w\" sizes=\"(max-width: 300px) 100vw, 300px\" \/><\/a><a href=\"https:\/\/www.digitalcarmagazine.com.tr\/Web\/?attachment_id=7559\" rel=\"attachment wp-att-7559\"><img loading=\"lazy\" class=\"alignleft size-medium wp-image-7559\" title=\"2012 Hyundai Accent\" src=\"https:\/\/www.digitalcarmagazine.com.tr\/Web\/wp-content\/uploads\/Hyundai-Accent-Blue1-300x199.jpg\" alt=\"\" width=\"300\" height=\"199\" srcset=\"https:\/\/www.digitalcarmagazine.com.tr\/Web\/wp-content\/uploads\/Hyundai-Accent-Blue1-300x199.jpg 300w, https:\/\/www.digitalcarmagazine.com.tr\/Web\/wp-content\/uploads\/Hyundai-Accent-Blue1-1024x681.jpg 1024w\" sizes=\"(max-width: 300px) 100vw, 300px\" \/><\/a>Hyundai\u2019nin Kas\u0131m ay\u0131n\u0131n sonuna kadar ge\u00e7erli olacak sat\u0131\u015f f\u0131rsatlar\u0131 dahilinde B segmentinin sevilen modeli i20, 20.000 TL 20 ay i\u00e7in y\u00fczde 0 kredi se\u00e7enekleriyle sat\u0131l\u0131yor. \u00dcstelik m\u00fc\u015fteriler bu krediyi kullan\u0131rken herhangi bir dosya masraf\u0131 da \u00f6demeyecek. i20\u2019nin t\u00fcm versiyonlar\u0131nda ge\u00e7erli olan bu kampanyada ayr\u0131ca i30 modeli de 30.000 TL, 30 ay i\u00e7in y\u00fczde 0,62\u2019den ba\u015flayan kredi se\u00e7enekleri sunuluyor.\u00a0Accent Blue modelinde de 30.000 TL, 30 ayl\u0131k vade i\u00e7in y\u00fczde 0,77\u2019den ba\u015flayan kredi se\u00e7ene\u011fi sunuluyor.<\/p>\n<p style=\"text-align: left;\">\n","protected":false},"excerpt":{"rendered":"<p>Kas\u0131m ay\u0131nda Hyundai sahibi olmak isterseniz cazip f\u0131rsatlar sizi bekliyor! Hyundai\u2019nin Kas\u0131m ay\u0131n\u0131n sonuna kadar ge\u00e7erli olacak sat\u0131\u015f f\u0131rsatlar\u0131 dahilinde B segmentinin sevilen modeli i20, 20.000 TL 20 ay i\u00e7in y\u00fczde 0 kredi se\u00e7enekleriyle sat\u0131l\u0131yor. \u00dcstelik m\u00fc\u015fteriler bu krediyi kullan\u0131rken herhangi bir dosya masraf\u0131 da \u00f6demeyecek. i20\u2019nin t\u00fcm versiyonlar\u0131nda ge\u00e7erli olan bu kampanyada ayr\u0131ca i30 [&hellip;]<\/p>\n","protected":false},"author":1,"featured_media":0,"comment_status":"open","ping_status":"open","sticky":false,"template":"","format":"standard","meta":[],"categories":[1],"tags":[],"_links":{"self":[{"href":"https:\/\/www.digitalcarmagazine.com.tr\/Web\/wp-json\/wp\/v2\/posts\/7556"}],"collection":[{"href":"https:\/\/www.digitalcarmagazine.com.tr\/Web\/wp-json\/wp\/v2\/posts"}],"about":[{"href":"https:\/\/www.digitalcarmagazine.com.tr\/Web\/wp-json\/wp\/v2\/types\/post"}],"author":[{"embeddable":true,"href":"https:\/\/www.digitalcarmagazine.com.tr\/Web\/wp-json\/wp\/v2\/users\/1"}],"replies":[{"embeddable":true,"href":"https:\/\/www.digitalcarmagazine.com.tr\/Web\/wp-json\/wp\/v2\/comments?post=7556"}],"version-history":[{"count":2,"href":"https:\/\/www.digitalcarmagazine.com.tr\/Web\/wp-json\/wp\/v2\/posts\/7556\/revisions"}],"predecessor-version":[{"id":7561,"href":"https:\/\/www.digitalcarmagazine.com.tr\/Web\/wp-json\/wp\/v2\/posts\/7556\/revisions\/7561"}],"wp:attachment":[{"href":"https:\/\/www.digitalcarmagazine.com.tr\/Web\/wp-json\/wp\/v2\/media?parent=7556"}],"wp:term":[{"taxonomy":"category","embeddable":true,"href":"https:\/\/www.digitalcarmagazine.com.tr\/Web\/wp-json\/wp\/v2\/categories?post=7556"},{"taxonomy":"post_tag","embeddable":true,"href":"https:\/\/www.digitalcarmagazine.com.tr\/Web\/wp-json\/wp\/v2\/tags?post=7556"}],"curies":[{"name":"wp","href":"https:\/\/api.w.org\/{rel}","templated":true}]}}