{"id":7530,"date":"2013-11-11T17:18:03","date_gmt":"2013-11-11T17:18:03","guid":{"rendered":"http:\/\/www.digitalcarmagazine.com.tr\/Web\/?p=7530"},"modified":"2013-11-22T11:08:21","modified_gmt":"2013-11-22T11:08:21","slug":"turkiyeye-ozel-cayenne","status":"publish","type":"post","link":"https:\/\/www.digitalcarmagazine.com.tr\/Web\/turkiyeye-ozel-cayenne\/","title":{"rendered":"T\u00fcrkiye&#8217;ye \u00f6zel &#8216;Cayenne&#8217;"},"content":{"rendered":"<h3 style=\"text-align: left;\" align=\"center\">Porsche&#8217;nin Cayenne modelinde, daha \u00f6nce opsiyonel olan bir\u00e7ok\u00a0teknoloji ve ekipman art\u0131k \u00f6zel fiyatlarla standart olarak sunuluyor.<\/h3>\n<p style=\"text-align: left;\"><a href=\"https:\/\/www.digitalcarmagazine.com.tr\/Web\/?attachment_id=7532\" rel=\"attachment wp-att-7532\"><img loading=\"lazy\" class=\"alignleft size-medium wp-image-7532\" title=\"Cayenne\" src=\"https:\/\/www.digitalcarmagazine.com.tr\/Web\/wp-content\/uploads\/Cayenne1-300x201.jpg\" alt=\"\" width=\"300\" height=\"201\" srcset=\"https:\/\/www.digitalcarmagazine.com.tr\/Web\/wp-content\/uploads\/Cayenne1-300x201.jpg 300w, https:\/\/www.digitalcarmagazine.com.tr\/Web\/wp-content\/uploads\/Cayenne1-1024x687.jpg 1024w, https:\/\/www.digitalcarmagazine.com.tr\/Web\/wp-content\/uploads\/Cayenne1.jpg 1774w\" sizes=\"(max-width: 300px) 100vw, 300px\" \/><\/a>T\u00fcrkiye\u2019de sat\u0131\u015fa sunulan t\u00fcm Cayenne modellerinde \u015fimdi Xenon farlar, arka ve \u00f6n park sens\u00f6r\u00fc, elektrikli bagaj ve servotronik direksiyon standart olarak sunuluyor.\u00a0Porsche\u2019nin T\u00fcrkiye yol ve kullan\u0131c\u0131 \u015fartlar\u0131 g\u00f6z \u00f6n\u00fcne al\u0131narak standart donan\u0131m\u0131 geni\u015fleyen Cayenne modelinin T\u00fcrkiye\u2019de hali haz\u0131rda Cayenne, Cayenne S, Cayenne Diesel, Cayenne S Diesel, Cayenne S Hybrid, Cayenne GTS, Cayenne Turbo, Cayenne Turbo S versiyonlar\u0131 sat\u0131l\u0131yor.\u00a0Cayenne Ailesi, \u0130stanbul, Ankara, \u0130zmir, Antalya, Bursa ve Mersin\u2019deki Porsche Merkezleri\u2019nde T\u00fcrkiye\u2019ye \u00f6zel fiyatlar\u0131yla sahiplerini bekliyor.<\/p>\n","protected":false},"excerpt":{"rendered":"<p>Porsche&#8217;nin Cayenne modelinde, daha \u00f6nce opsiyonel olan bir\u00e7ok\u00a0teknoloji ve ekipman art\u0131k \u00f6zel fiyatlarla standart olarak sunuluyor. T\u00fcrkiye\u2019de sat\u0131\u015fa sunulan t\u00fcm Cayenne modellerinde \u015fimdi Xenon farlar, arka ve \u00f6n park sens\u00f6r\u00fc, elektrikli bagaj ve servotronik direksiyon standart olarak sunuluyor.\u00a0Porsche\u2019nin T\u00fcrkiye yol ve kullan\u0131c\u0131 \u015fartlar\u0131 g\u00f6z \u00f6n\u00fcne al\u0131narak standart donan\u0131m\u0131 geni\u015fleyen Cayenne modelinin T\u00fcrkiye\u2019de hali haz\u0131rda Cayenne, [&hellip;]<\/p>\n","protected":false},"author":1,"featured_media":0,"comment_status":"open","ping_status":"open","sticky":false,"template":"","format":"standard","meta":[],"categories":[1],"tags":[],"_links":{"self":[{"href":"https:\/\/www.digitalcarmagazine.com.tr\/Web\/wp-json\/wp\/v2\/posts\/7530"}],"collection":[{"href":"https:\/\/www.digitalcarmagazine.com.tr\/Web\/wp-json\/wp\/v2\/posts"}],"about":[{"href":"https:\/\/www.digitalcarmagazine.com.tr\/Web\/wp-json\/wp\/v2\/types\/post"}],"author":[{"embeddable":true,"href":"https:\/\/www.digitalcarmagazine.com.tr\/Web\/wp-json\/wp\/v2\/users\/1"}],"replies":[{"embeddable":true,"href":"https:\/\/www.digitalcarmagazine.com.tr\/Web\/wp-json\/wp\/v2\/comments?post=7530"}],"version-history":[{"count":5,"href":"https:\/\/www.digitalcarmagazine.com.tr\/Web\/wp-json\/wp\/v2\/posts\/7530\/revisions"}],"predecessor-version":[{"id":7611,"href":"https:\/\/www.digitalcarmagazine.com.tr\/Web\/wp-json\/wp\/v2\/posts\/7530\/revisions\/7611"}],"wp:attachment":[{"href":"https:\/\/www.digitalcarmagazine.com.tr\/Web\/wp-json\/wp\/v2\/media?parent=7530"}],"wp:term":[{"taxonomy":"category","embeddable":true,"href":"https:\/\/www.digitalcarmagazine.com.tr\/Web\/wp-json\/wp\/v2\/categories?post=7530"},{"taxonomy":"post_tag","embeddable":true,"href":"https:\/\/www.digitalcarmagazine.com.tr\/Web\/wp-json\/wp\/v2\/tags?post=7530"}],"curies":[{"name":"wp","href":"https:\/\/api.w.org\/{rel}","templated":true}]}}