{"id":7520,"date":"2013-11-09T23:54:39","date_gmt":"2013-11-09T23:54:39","guid":{"rendered":"http:\/\/www.digitalcarmagazine.com.tr\/Web\/?p=7520"},"modified":"2013-12-16T11:32:15","modified_gmt":"2013-12-16T11:32:15","slug":"hyundai-i20-wrcnin-ilk-pilotu-belli-oldu","status":"publish","type":"post","link":"https:\/\/www.digitalcarmagazine.com.tr\/Web\/hyundai-i20-wrcnin-ilk-pilotu-belli-oldu\/","title":{"rendered":"Hyundai i20 WRC&#8217;nin ilk pilotu belli oldu!"},"content":{"rendered":"<h3>2014 sezonu i\u00e7in \u00e7al\u0131\u015fmalar\u0131na h\u0131z kesmeden devam eden Hyundai Motorsport, \u00f6n\u00fcm\u00fczdeki y\u0131l i20 WRC ile yar\u0131\u015facak ilk pilot ve co-pilotunu nihayet a\u00e7\u0131klad\u0131. Monte Carlo Rallisi ile start alacak olan 2014 sezonunda, Hyundai i20 WRC\u2019yi Bel\u00e7ikal\u0131 Thierry Neuville kullan\u0131rken yan koltukta ise Neuville\u2019in uzun s\u00fcredir beraber yar\u0131\u015ft\u0131\u011f\u0131 Nicolas Gilsoul oturacak.<\/h3>\n<p><a href=\"https:\/\/www.digitalcarmagazine.com.tr\/Web\/?attachment_id=7521\" rel=\"attachment wp-att-7521\"><img loading=\"lazy\" class=\"alignleft size-medium wp-image-7521\" title=\"Hyundai i20 WRC\" src=\"https:\/\/www.digitalcarmagazine.com.tr\/Web\/wp-content\/uploads\/Hyundai-i20-WRC2-300x199.jpg\" alt=\"\" width=\"300\" height=\"199\" srcset=\"https:\/\/www.digitalcarmagazine.com.tr\/Web\/wp-content\/uploads\/Hyundai-i20-WRC2-300x199.jpg 300w, https:\/\/www.digitalcarmagazine.com.tr\/Web\/wp-content\/uploads\/Hyundai-i20-WRC2-1024x681.jpg 1024w\" sizes=\"(max-width: 300px) 100vw, 300px\" \/><\/a><a href=\"https:\/\/www.digitalcarmagazine.com.tr\/Web\/?attachment_id=7522\" rel=\"attachment wp-att-7522\"><img loading=\"lazy\" class=\"alignleft size-medium wp-image-7522\" title=\"Thierry Neuville - Nicolas Gilsoul\" src=\"https:\/\/www.digitalcarmagazine.com.tr\/Web\/wp-content\/uploads\/Thierry-Neuville-Nicolas-Gilsoul-300x200.jpg\" alt=\"\" width=\"300\" height=\"200\" srcset=\"https:\/\/www.digitalcarmagazine.com.tr\/Web\/wp-content\/uploads\/Thierry-Neuville-Nicolas-Gilsoul-300x200.jpg 300w, https:\/\/www.digitalcarmagazine.com.tr\/Web\/wp-content\/uploads\/Thierry-Neuville-Nicolas-Gilsoul.jpg 1024w\" sizes=\"(max-width: 300px) 100vw, 300px\" \/><\/a><a href=\"https:\/\/www.digitalcarmagazine.com.tr\/Web\/?attachment_id=7523\" rel=\"attachment wp-att-7523\"><img loading=\"lazy\" class=\"alignleft size-medium wp-image-7523\" title=\"Hyundai i20 WRC-2\" src=\"https:\/\/www.digitalcarmagazine.com.tr\/Web\/wp-content\/uploads\/Hyundai-i20-WRC-2-300x200.jpg\" alt=\"\" width=\"300\" height=\"200\" srcset=\"https:\/\/www.digitalcarmagazine.com.tr\/Web\/wp-content\/uploads\/Hyundai-i20-WRC-2-300x200.jpg 300w, https:\/\/www.digitalcarmagazine.com.tr\/Web\/wp-content\/uploads\/Hyundai-i20-WRC-2.jpg 960w\" sizes=\"(max-width: 300px) 100vw, 300px\" \/><\/a>25 ya\u015f\u0131ndaki Bel\u00e7ikal\u0131 pilot Thierry Neuville konuyla ilgili olarak, \u201cHyundai Motorsport\u2019un 2014 WRC sezonunda yar\u0131\u015facak olmas\u0131 ger\u00e7ekten \u00f6nemli bir geli\u015fme. Bu \u00f6zel otomobille yar\u0131\u015facak olmam gurur verici, \u00e7\u00fcnk\u00fc benim gibi gen\u00e7 ve dinamik bir marka. Ba\u015far\u0131dan ba\u015far\u0131ya ko\u015fmak i\u00e7in uzun soluklu \u00e7al\u0131\u015fabilece\u011fim en iyi markalardan birisi. Tak\u0131m ve tak\u0131m\u0131n tesislerine olan inanc\u0131mla birlikte i20 WRC\u2019nin gelecek vaad eden potansiyeli de son derece etkili. Umar\u0131m WRC\u2019deki deneyimlerim tak\u0131m\u0131m\u0131n ba\u015far\u0131l\u0131 olmas\u0131 i\u00e7in yeterli olacakt\u0131r. \u00c7\u00fcnk\u00fc \u00f6n\u00fcm\u00fczde olduk\u00e7a zorlu bir sezon bizi bekliyor. Ama tak\u0131m halinde \u00e7al\u0131\u015farak her t\u00fcrl\u00fc zorlu\u011fun \u00fcstesinden gelecek kapasiteye sahibiz. Birlikte m\u00fckemmel bir gelece\u011fimiz olacak\u201d a\u00e7\u0131klamas\u0131n\u0131 yapt\u0131.<\/p>\n<p>Hyundai Motorsport Tak\u0131m Patronu Michel Nandan ise, \u201cThierry Neuville\u2019in ad\u0131n\u0131 sizlerle payla\u015ft\u0131\u011f\u0131m i\u00e7in \u00e7ok heyecanl\u0131y\u0131m. \u00c7\u00fcnk\u00fc Neuville 2013 sezonunda etkileyici bir grafik sergiliyor. Ayn\u0131 zamanda WRC\u2019nin \u0131\u015f\u0131k sa\u00e7an en ba\u015far\u0131l\u0131 ve en gen\u00e7 pilotlar\u0131ndan biri. H\u0131zl\u0131 olu\u015fu ve dinamik s\u00fcr\u00fc\u015f tarz\u0131 Hyundai i\u00e7in ideal bir pilot olmas\u0131n\u0131 sa\u011fl\u0131yor\u201d dedi.<\/p>\n<p>2009 Katalunya Rallisi\u2019yle ba\u015flayan WRC kariyerinde \u015fimdiye kadar 32 kez start alan Neuville, 2013 WRC sezonunda pilotlar genel klasman\u0131nda da d\u00fcnya ikincisi konumunda bulunuyor.<\/p>\n<p>Ralli parkurlar\u0131nda \u00fcst\u00fcn ba\u015far\u0131lar elde etmesi beklenen Hyundai i20 WRC, gelecekteki modellerin geli\u015ftirilmesinde de \u00f6nemli bir kilometre ta\u015f\u0131 olacak. Markan\u0131n Almanya Alzenau\u2019da motorsporlar\u0131 tak\u0131m\u0131 i\u00e7in yap\u0131lan Ar-Ge Merkezi\u2019nde tasarlanarak zorlu zeminler \u00fczerinde test edilen yar\u0131\u015f otomobili, Neuville\u2019le birlikte WRC\u2019de zirveye yerle\u015fmek i\u00e7in geli\u015ftirilmeye devam ediyor.<\/p>\n","protected":false},"excerpt":{"rendered":"<p>2014 sezonu i\u00e7in \u00e7al\u0131\u015fmalar\u0131na h\u0131z kesmeden devam eden Hyundai Motorsport, \u00f6n\u00fcm\u00fczdeki y\u0131l i20 WRC ile yar\u0131\u015facak ilk pilot ve co-pilotunu nihayet a\u00e7\u0131klad\u0131. Monte Carlo Rallisi ile start alacak olan 2014 sezonunda, Hyundai i20 WRC\u2019yi Bel\u00e7ikal\u0131 Thierry Neuville kullan\u0131rken yan koltukta ise Neuville\u2019in uzun s\u00fcredir beraber yar\u0131\u015ft\u0131\u011f\u0131 Nicolas Gilsoul oturacak. 25 ya\u015f\u0131ndaki Bel\u00e7ikal\u0131 pilot Thierry Neuville [&hellip;]<\/p>\n","protected":false},"author":1,"featured_media":0,"comment_status":"open","ping_status":"open","sticky":false,"template":"","format":"standard","meta":[],"categories":[1,10],"tags":[],"_links":{"self":[{"href":"https:\/\/www.digitalcarmagazine.com.tr\/Web\/wp-json\/wp\/v2\/posts\/7520"}],"collection":[{"href":"https:\/\/www.digitalcarmagazine.com.tr\/Web\/wp-json\/wp\/v2\/posts"}],"about":[{"href":"https:\/\/www.digitalcarmagazine.com.tr\/Web\/wp-json\/wp\/v2\/types\/post"}],"author":[{"embeddable":true,"href":"https:\/\/www.digitalcarmagazine.com.tr\/Web\/wp-json\/wp\/v2\/users\/1"}],"replies":[{"embeddable":true,"href":"https:\/\/www.digitalcarmagazine.com.tr\/Web\/wp-json\/wp\/v2\/comments?post=7520"}],"version-history":[{"count":4,"href":"https:\/\/www.digitalcarmagazine.com.tr\/Web\/wp-json\/wp\/v2\/posts\/7520\/revisions"}],"predecessor-version":[{"id":7670,"href":"https:\/\/www.digitalcarmagazine.com.tr\/Web\/wp-json\/wp\/v2\/posts\/7520\/revisions\/7670"}],"wp:attachment":[{"href":"https:\/\/www.digitalcarmagazine.com.tr\/Web\/wp-json\/wp\/v2\/media?parent=7520"}],"wp:term":[{"taxonomy":"category","embeddable":true,"href":"https:\/\/www.digitalcarmagazine.com.tr\/Web\/wp-json\/wp\/v2\/categories?post=7520"},{"taxonomy":"post_tag","embeddable":true,"href":"https:\/\/www.digitalcarmagazine.com.tr\/Web\/wp-json\/wp\/v2\/tags?post=7520"}],"curies":[{"name":"wp","href":"https:\/\/api.w.org\/{rel}","templated":true}]}}