{"id":6849,"date":"2013-07-30T14:13:01","date_gmt":"2013-07-30T14:13:01","guid":{"rendered":"http:\/\/www.digitalcarmagazine.com.tr\/Web\/?p=6849"},"modified":"2013-07-30T14:13:02","modified_gmt":"2013-07-30T14:13:02","slug":"hyundai-i20-wrcye-hizli-pilotlar","status":"publish","type":"post","link":"https:\/\/www.digitalcarmagazine.com.tr\/Web\/hyundai-i20-wrcye-hizli-pilotlar\/","title":{"rendered":"Hyundai i20 WRC&#8217;ye h\u0131zl\u0131 pilotlar!"},"content":{"rendered":"<h3>Uzun bir aradan sonra motorsporlar\u0131na d\u00f6n\u00fc\u015f yaparak ralli tutkunlar\u0131n\u0131 heyecanland\u0131ran Hyundai, test i\u00e7in tak\u0131m\u0131n ba\u015f\u0131na iki \u00f6nemli ismi daha getirdi. \u00dclkemizde \u00fcretilerek t\u00fcm Avrupa\u2019ya ihra\u00e7 edilen i20\u2019nin en h\u0131zl\u0131 versiyonu i20 WRC\u2019nin geli\u015fimine katk\u0131da bulunacak olan Juho H\u00e4nninen ve Bryan Bouffier, \u00fcst\u00fcn ralli deneyimlerini Hyundai ile payla\u015fm\u0131\u015f olacak.<\/h3>\n<p><a href=\"https:\/\/www.digitalcarmagazine.com.tr\/Web\/?attachment_id=6850\" rel=\"attachment wp-att-6850\"><img loading=\"lazy\" class=\"alignleft size-medium wp-image-6850\" title=\"Hyundai i20 WRC\" src=\"https:\/\/www.digitalcarmagazine.com.tr\/Web\/wp-content\/uploads\/Hyundai-i20-WRC1-300x199.jpg\" alt=\"\" width=\"300\" height=\"199\" srcset=\"https:\/\/www.digitalcarmagazine.com.tr\/Web\/wp-content\/uploads\/Hyundai-i20-WRC1-300x199.jpg 300w, https:\/\/www.digitalcarmagazine.com.tr\/Web\/wp-content\/uploads\/Hyundai-i20-WRC1-1024x681.jpg 1024w\" sizes=\"(max-width: 300px) 100vw, 300px\" \/><\/a><a href=\"https:\/\/www.digitalcarmagazine.com.tr\/Web\/?attachment_id=6851\" rel=\"attachment wp-att-6851\"><img loading=\"lazy\" class=\"alignleft size-medium wp-image-6851\" title=\"Juho H\u00e4nninen\" src=\"https:\/\/www.digitalcarmagazine.com.tr\/Web\/wp-content\/uploads\/Juho-H\u00e4nninen-300x200.jpg\" alt=\"\" width=\"300\" height=\"200\" srcset=\"https:\/\/www.digitalcarmagazine.com.tr\/Web\/wp-content\/uploads\/Juho-H\u00e4nninen-300x200.jpg 300w, https:\/\/www.digitalcarmagazine.com.tr\/Web\/wp-content\/uploads\/Juho-H\u00e4nninen-1024x682.jpg 1024w\" sizes=\"(max-width: 300px) 100vw, 300px\" \/><\/a><a href=\"https:\/\/www.digitalcarmagazine.com.tr\/Web\/?attachment_id=6852\" rel=\"attachment wp-att-6852\"><img loading=\"lazy\" class=\"alignleft size-medium wp-image-6852\" title=\"Bryan Bouffier\" src=\"https:\/\/www.digitalcarmagazine.com.tr\/Web\/wp-content\/uploads\/Bryan-Bouffier-300x200.jpg\" alt=\"\" width=\"300\" height=\"200\" srcset=\"https:\/\/www.digitalcarmagazine.com.tr\/Web\/wp-content\/uploads\/Bryan-Bouffier-300x200.jpg 300w, https:\/\/www.digitalcarmagazine.com.tr\/Web\/wp-content\/uploads\/Bryan-Bouffier.jpg 1024w\" sizes=\"(max-width: 300px) 100vw, 300px\" \/><\/a>Finlandiyal\u0131 test pilotu Juho H\u00e4nninen ve Frans\u0131z Bryan Bouffier, k\u0131sa bir s\u00fcre i\u00e7erisinde rekabet\u00e7i ve g\u00fcvenilir bir ralli otomobili geli\u015ftirmede \u00f6nemli rol oynayacak. Kariyerlerindeki ralli ge\u00e7mi\u015fini oldu\u011fu gibi Hyundai i20 WRC\u2019ye aktaracak olan test pilotlar\u0131, tak\u0131m\u0131n en \u00f6nemli par\u00e7alar\u0131 olarak \u00f6ne \u00e7\u0131k\u0131yorlar.<\/p>\n<p>Monte Carlo Rallisi\u2019yle start alacak 2014 sezonuna haz\u0131rlanan i20 WRC, her t\u00fcrl\u00fc zorlu\u011fa dayanmas\u0131 ve \u00fcst\u00fcn performans sergilemesi i\u00e7in gece g\u00fcnd\u00fcz durmaks\u0131z\u0131n geli\u015ftirilmeye devam ediyor. Hyundai\u2019nin Almanya Alzenau\u2019daki tesislerinde geli\u015ftirilen otomobilin dinamiklerini \u00f6l\u00e7en ve daha \u00fcst performans sunmas\u0131 ad\u0131na tak\u0131ma y\u00f6n veren test pilotlar\u0131, arac\u0131n maksimum de\u011ferlerini de g\u00f6zlemlemi\u015f oluyorlar. FIA S\u00fcper 2000 D\u00fcnya Ralli \u015eampiyonas\u0131\u2019n\u0131n ard\u0131ndan s\u0131ras\u0131yla 2011 ve 2012 FIA Avrupa Ralli \u015eampiyonas\u0131\u2019n\u0131n (ERC) kazanarak ad\u0131n\u0131 t\u00fcm d\u00fcnyaya duyuran H\u00e4nninen ayr\u0131ca 2010 y\u0131l\u0131nda K\u0131talararas\u0131 Ralli \u015eampiyonas\u0131\u2019n\u0131 (IRC) da kazand\u0131.<\/p>\n<p>Konuyla iligili olarak a\u00e7\u0131klamalar yapan H\u00e4nninen, \u201cHyundai Motorsport\u2019un bir par\u00e7as\u0131 oldu\u011fum i\u00e7in b\u00fcy\u00fck gurur duyuyorum. D\u00fcnyaca \u00fcnl\u00fc bir markada \u00e7al\u0131\u015fmak ve bu markan\u0131n geli\u015fiminde rol oynamak benim i\u00e7in \u00e7ok anlaml\u0131. \u015eimdiki hedefim, 2014 FIA D\u00fcnya Ralli \u015eampiyonas\u0131\u2019nda ayn\u0131 ba\u015far\u0131lar\u0131 Hyundai markas\u0131yla tatmak\u201d dedi.<\/p>\n<p>Frans\u0131z Bryan Bouffier ise \u00fc\u00e7 kez Polonya Ralli \u015eampiyonu olarak tan\u0131n\u0131yor. 2010 y\u0131l\u0131nda da Fransa Ralli \u015eampiyonu olan test pilotu, ayr\u0131ca 2011 y\u0131l\u0131nda ikonik Rallye Monte-Carlo\u2019yu ve K\u0131talararas\u0131 Ralli \u015eampiyonas\u0131\u2019n\u0131\u00a0 kazand\u0131. Avrupa Ralli \u015eampiyonas\u0131 (IRC) ve Tour de Corse\u2019a hakim olan Bouffier, bir test pilotu olman\u0131n haricinde uzman analiz becerileriyle de dikkat \u00e7ekiyor. Bu ba\u011flamda engin tecr\u00fcbelerini Hyundai Motorsport ekibinin b\u00fcy\u00fcmesine yard\u0131mc\u0131 olmak i\u00e7in de kullanacak ve daha fazla de\u011ferlendirme yapma \u015fans\u0131 elde edecek.<\/p>\n<p>Hyundai Motorport patronu Michel Nandan ise yapt\u0131\u011f\u0131 a\u00e7\u0131klamada, \u201cHer iki h\u0131zl\u0131 pilotun tak\u0131mda olmas\u0131 son derece \u00f6nemli bir geli\u015fme. H\u00e4nninen ve Bouffier\u2019\u0131n h\u0131zl\u0131 sitillerini ve teknik becerilerini arac\u0131 geli\u015ftirirken kullanmak, markan\u0131n g\u00fc\u00e7l\u00fc bir imaj olu\u015fturmas\u0131na da zemin haz\u0131rlayacak. WRC zorlu bir yar\u0131\u015f ve biz de bu yar\u0131\u015flarda en iyi sonu\u00e7lar\u0131 elde etmek i\u00e7in var g\u00fcc\u00fcm\u00fczle \u00e7al\u0131\u015fmaya devam ediyoruz\u201d dedi.<\/p>\n","protected":false},"excerpt":{"rendered":"<p>Uzun bir aradan sonra motorsporlar\u0131na d\u00f6n\u00fc\u015f yaparak ralli tutkunlar\u0131n\u0131 heyecanland\u0131ran Hyundai, test i\u00e7in tak\u0131m\u0131n ba\u015f\u0131na iki \u00f6nemli ismi daha getirdi. \u00dclkemizde \u00fcretilerek t\u00fcm Avrupa\u2019ya ihra\u00e7 edilen i20\u2019nin en h\u0131zl\u0131 versiyonu i20 WRC\u2019nin geli\u015fimine katk\u0131da bulunacak olan Juho H\u00e4nninen ve Bryan Bouffier, \u00fcst\u00fcn ralli deneyimlerini Hyundai ile payla\u015fm\u0131\u015f olacak. Finlandiyal\u0131 test pilotu Juho H\u00e4nninen ve Frans\u0131z [&hellip;]<\/p>\n","protected":false},"author":1,"featured_media":0,"comment_status":"open","ping_status":"open","sticky":false,"template":"","format":"standard","meta":[],"categories":[1,10],"tags":[],"_links":{"self":[{"href":"https:\/\/www.digitalcarmagazine.com.tr\/Web\/wp-json\/wp\/v2\/posts\/6849"}],"collection":[{"href":"https:\/\/www.digitalcarmagazine.com.tr\/Web\/wp-json\/wp\/v2\/posts"}],"about":[{"href":"https:\/\/www.digitalcarmagazine.com.tr\/Web\/wp-json\/wp\/v2\/types\/post"}],"author":[{"embeddable":true,"href":"https:\/\/www.digitalcarmagazine.com.tr\/Web\/wp-json\/wp\/v2\/users\/1"}],"replies":[{"embeddable":true,"href":"https:\/\/www.digitalcarmagazine.com.tr\/Web\/wp-json\/wp\/v2\/comments?post=6849"}],"version-history":[{"count":3,"href":"https:\/\/www.digitalcarmagazine.com.tr\/Web\/wp-json\/wp\/v2\/posts\/6849\/revisions"}],"predecessor-version":[{"id":6855,"href":"https:\/\/www.digitalcarmagazine.com.tr\/Web\/wp-json\/wp\/v2\/posts\/6849\/revisions\/6855"}],"wp:attachment":[{"href":"https:\/\/www.digitalcarmagazine.com.tr\/Web\/wp-json\/wp\/v2\/media?parent=6849"}],"wp:term":[{"taxonomy":"category","embeddable":true,"href":"https:\/\/www.digitalcarmagazine.com.tr\/Web\/wp-json\/wp\/v2\/categories?post=6849"},{"taxonomy":"post_tag","embeddable":true,"href":"https:\/\/www.digitalcarmagazine.com.tr\/Web\/wp-json\/wp\/v2\/tags?post=6849"}],"curies":[{"name":"wp","href":"https:\/\/api.w.org\/{rel}","templated":true}]}}