{"id":6835,"date":"2013-07-18T13:27:47","date_gmt":"2013-07-18T13:27:47","guid":{"rendered":"http:\/\/www.digitalcarmagazine.com.tr\/Web\/?p=6835"},"modified":"2013-07-18T13:27:48","modified_gmt":"2013-07-18T13:27:48","slug":"tt-arenaya-gitmek-icin-en-akilli-tercih","status":"publish","type":"post","link":"https:\/\/www.digitalcarmagazine.com.tr\/Web\/tt-arenaya-gitmek-icin-en-akilli-tercih\/","title":{"rendered":"TT Arena&#8217;ya gitmek i\u00e7in en &#8216;Ak\u0131ll\u0131&#8217; tercih!"},"content":{"rendered":"<h3><span style=\"color: #ff0000;\">Yaz\u0131:<\/span> Simge F\u0131st\u0131ko\u011flu \/ <span style=\"color: #ff0000;\">Foto\u011fraflar:<\/span> Serhat \u00d6zdek<\/h3>\n<h3>KLOSTROFOB\u0130M YOK! ASANS\u00d6RDE KALMAKTAN KORKMAM. T\u00dcNELE G\u0130R\u0130NCE RUHUM DARALMAZ. FAKAT, ZARURETTEN DE OLSA, \u2018DARALTILMI\u015e\u2019 MEKANLARI \u00c7OK SEVMEM. R\u00dcYA TAT\u0130L\u0130M MAV\u0130 YOLCULUK DE\u011e\u0130LD\u0130R BU Y\u00dcZDEN. D\u00dcNYANIN EN L\u00dcKS TRANSATLANT\u0130\u011e\u0130 DE OLSA K\u0130MSE B\u0130R KAMARAYA TIKAMAZ BEN\u0130. KARAVAN KONUSUNA H\u0130\u00c7 DE\u011e\u0130NM\u0130YORUM B\u0130LE.<\/h3>\n<p><a href=\"https:\/\/www.digitalcarmagazine.com.tr\/Web\/?attachment_id=6836\" rel=\"attachment wp-att-6836\"><img loading=\"lazy\" class=\"alignleft size-medium wp-image-6836\" title=\"DSC_0097a\" src=\"https:\/\/www.digitalcarmagazine.com.tr\/Web\/wp-content\/uploads\/DSC_0097a-300x199.jpg\" alt=\"\" width=\"300\" height=\"199\" srcset=\"https:\/\/www.digitalcarmagazine.com.tr\/Web\/wp-content\/uploads\/DSC_0097a-300x199.jpg 300w, https:\/\/www.digitalcarmagazine.com.tr\/Web\/wp-content\/uploads\/DSC_0097a-1024x679.jpg 1024w, https:\/\/www.digitalcarmagazine.com.tr\/Web\/wp-content\/uploads\/DSC_0097a.jpg 1500w\" sizes=\"(max-width: 300px) 100vw, 300px\" \/><\/a><a href=\"https:\/\/www.digitalcarmagazine.com.tr\/Web\/?attachment_id=6837\" rel=\"attachment wp-att-6837\"><img loading=\"lazy\" class=\"alignleft size-medium wp-image-6837\" title=\"DSC_0142a\" src=\"https:\/\/www.digitalcarmagazine.com.tr\/Web\/wp-content\/uploads\/DSC_0142a-300x199.jpg\" alt=\"\" width=\"300\" height=\"199\" srcset=\"https:\/\/www.digitalcarmagazine.com.tr\/Web\/wp-content\/uploads\/DSC_0142a-300x199.jpg 300w, https:\/\/www.digitalcarmagazine.com.tr\/Web\/wp-content\/uploads\/DSC_0142a-1024x679.jpg 1024w, https:\/\/www.digitalcarmagazine.com.tr\/Web\/wp-content\/uploads\/DSC_0142a.jpg 1500w\" sizes=\"(max-width: 300px) 100vw, 300px\" \/><\/a>Bu sebeple Smart\u2019\u0131 kullan\u0131rken daralabilece\u011fimi d\u00fc\u015f\u00fcnd\u00fcm en ba\u015fta. Daha \u00f6nce iki ki\u015filik bir spor otomobil kullanm\u0131\u015ft\u0131m ve \u2018Konserve gibi\u2019 demi\u015ftim i\u00e7imden. Smart ise bamba\u015fka bir his yaratt\u0131 bende. \u0130lk bindi\u011fim anda y\u00fcksekli\u011fi ho\u015fuma gitti. Bu denli ufak bir otomobilden fazla kuvvet beklemeyecek kadar realist bir insan\u0131m. Bu sebeple saatte 145 km maksimum h\u0131za eri\u015febilen Smart\u2019\u0131n s\u0131n\u0131rlar\u0131n\u0131 fazla zorlamad\u0131m. K\u00fc\u00e7\u00fck otomobillere dair en s\u0131k dile getirilen korku, y\u00fcksek h\u0131zda savrulma ihtimalidir. Savrulmay\u0131 engelleyen ESP, yani \u2018Elektronik Denge Program\u0131\u2019 ile bu tehlike olabildi\u011fince bertaraf ediliyor. G\u00fcvenli\u011fe dair di\u011fer ayr\u0131nt\u0131lar da dikkat \u00e7ekici. Tasar\u0131mda kritik noktalarda \u00e7elik levhalar kullan\u0131lm\u0131\u015f. Y\u00fcksek koltuk ve darbe emici lastiklerle olas\u0131 \u00e7arpmalarda hasar\u0131n azalt\u0131lmas\u0131 ama\u00e7lanm\u0131\u015f.<\/p>\n<p><a href=\"https:\/\/www.digitalcarmagazine.com.tr\/Web\/?attachment_id=6838\" rel=\"attachment wp-att-6838\"><img loading=\"lazy\" class=\"alignleft size-medium wp-image-6838\" title=\"DSC_0116a\" src=\"https:\/\/www.digitalcarmagazine.com.tr\/Web\/wp-content\/uploads\/DSC_0116a-300x199.jpg\" alt=\"\" width=\"300\" height=\"199\" srcset=\"https:\/\/www.digitalcarmagazine.com.tr\/Web\/wp-content\/uploads\/DSC_0116a-300x199.jpg 300w, https:\/\/www.digitalcarmagazine.com.tr\/Web\/wp-content\/uploads\/DSC_0116a-1024x679.jpg 1024w, https:\/\/www.digitalcarmagazine.com.tr\/Web\/wp-content\/uploads\/DSC_0116a.jpg 1500w\" sizes=\"(max-width: 300px) 100vw, 300px\" \/><\/a><a href=\"https:\/\/www.digitalcarmagazine.com.tr\/Web\/?attachment_id=6839\" rel=\"attachment wp-att-6839\"><img loading=\"lazy\" class=\"alignleft size-medium wp-image-6839\" title=\"DSC_0188a\" src=\"https:\/\/www.digitalcarmagazine.com.tr\/Web\/wp-content\/uploads\/DSC_0188a-300x199.jpg\" alt=\"\" width=\"300\" height=\"199\" srcset=\"https:\/\/www.digitalcarmagazine.com.tr\/Web\/wp-content\/uploads\/DSC_0188a-300x199.jpg 300w, https:\/\/www.digitalcarmagazine.com.tr\/Web\/wp-content\/uploads\/DSC_0188a-1024x679.jpg 1024w, https:\/\/www.digitalcarmagazine.com.tr\/Web\/wp-content\/uploads\/DSC_0188a.jpg 1500w\" sizes=\"(max-width: 300px) 100vw, 300px\" \/><\/a>Gelelim, Smart\u2019\u0131n en gururland\u0131\u011f\u0131 \u00f6zelli\u011fine; yani boyutlar\u0131na\u2026 Y\u0131llar \u00f6nce Roma\u2019ya ilk gitti\u011fimde Smart\u2019lar\u0131n fazlal\u0131\u011f\u0131 dikkatimi \u00e7ekmi\u015f, orada ya\u015fayan arkada\u015f\u0131ma sebebini sordu\u011fumda; \u2018Romal\u0131lar i\u00e7in \u015fehrin en \u00f6nemli noktas\u0131 ne Collesium, ne Trevi \u00c7e\u015fmesi, ne \u0130spanyol merdivenleridir. En k\u0131ymetli yer, park edebildikleri yerdir\u2019 yan\u0131t\u0131n\u0131 alm\u0131\u015ft\u0131m. Y\u0131llar i\u00e7inde maalesef \u0130stanbul\u2019da korkar\u0131m bir tek konuda Roma\u2019ya benzedi. Art\u0131k bu \u015fehirde i\u015flerimi, g\u00f6r\u00fc\u015fmelerimi ve \u00e7ekimlerimi trafi\u011fe ve park edebilme imkan\u0131ma g\u00f6re ayarlayorum. \u0130\u015fte bu bak\u0131mdan Smart, ismiyle m\u00fcsemma \u015fehir i\u00e7i kullan\u0131m i\u00e7in en ak\u0131ll\u0131ca tercihlerden biri. \u00dcstelik arac\u0131, S\u00fcper Lig\u2019in 34. Haftas\u0131nda test ettim ve Galatasaray\u2019\u0131n Trabzonspor\u2019u 2-0 yenerek \u015fampiyonluk kupas\u0131n\u0131 kald\u0131rd\u0131\u011f\u0131 ma\u00e7a Smart ile gittim. \u015euna eminim, park s\u0131k\u0131nt\u0131s\u0131 en az ya\u015fayan ve staddan en h\u0131zl\u0131 \u00e7\u0131kan ki\u015fi kesinlikle bendim.:)<\/p>\n<p><a href=\"https:\/\/www.digitalcarmagazine.com.tr\/Web\/?attachment_id=6840\" rel=\"attachment wp-att-6840\"><img loading=\"lazy\" class=\"alignleft size-medium wp-image-6840\" title=\"DSC_0149a\" src=\"https:\/\/www.digitalcarmagazine.com.tr\/Web\/wp-content\/uploads\/DSC_0149a-300x199.jpg\" alt=\"\" width=\"300\" height=\"199\" srcset=\"https:\/\/www.digitalcarmagazine.com.tr\/Web\/wp-content\/uploads\/DSC_0149a-300x199.jpg 300w, https:\/\/www.digitalcarmagazine.com.tr\/Web\/wp-content\/uploads\/DSC_0149a-1024x679.jpg 1024w, https:\/\/www.digitalcarmagazine.com.tr\/Web\/wp-content\/uploads\/DSC_0149a.jpg 1500w\" sizes=\"(max-width: 300px) 100vw, 300px\" \/><\/a><a href=\"https:\/\/www.digitalcarmagazine.com.tr\/Web\/?attachment_id=6841\" rel=\"attachment wp-att-6841\"><img loading=\"lazy\" class=\"alignleft size-medium wp-image-6841\" title=\"DSC_0151a\" src=\"https:\/\/www.digitalcarmagazine.com.tr\/Web\/wp-content\/uploads\/DSC_0151a-300x199.jpg\" alt=\"\" width=\"300\" height=\"199\" srcset=\"https:\/\/www.digitalcarmagazine.com.tr\/Web\/wp-content\/uploads\/DSC_0151a-300x199.jpg 300w, https:\/\/www.digitalcarmagazine.com.tr\/Web\/wp-content\/uploads\/DSC_0151a-1024x679.jpg 1024w, https:\/\/www.digitalcarmagazine.com.tr\/Web\/wp-content\/uploads\/DSC_0151a.jpg 1500w\" sizes=\"(max-width: 300px) 100vw, 300px\" \/><\/a><a href=\"https:\/\/www.digitalcarmagazine.com.tr\/Web\/?attachment_id=6842\" rel=\"attachment wp-att-6842\"><img loading=\"lazy\" class=\"alignleft size-medium wp-image-6842\" title=\"DSC_0125a\" src=\"https:\/\/www.digitalcarmagazine.com.tr\/Web\/wp-content\/uploads\/DSC_0125a-300x199.jpg\" alt=\"\" width=\"300\" height=\"199\" srcset=\"https:\/\/www.digitalcarmagazine.com.tr\/Web\/wp-content\/uploads\/DSC_0125a-300x199.jpg 300w, https:\/\/www.digitalcarmagazine.com.tr\/Web\/wp-content\/uploads\/DSC_0125a-1024x679.jpg 1024w, https:\/\/www.digitalcarmagazine.com.tr\/Web\/wp-content\/uploads\/DSC_0125a.jpg 1500w\" sizes=\"(max-width: 300px) 100vw, 300px\" \/><\/a>Teknoloji ilerleyip, do\u011fal kaynaklar azald\u0131k\u00e7a elektrikli otomobiller daha da \u00f6nemli hale geliyor. Tek sefer \u015farjla 140 km. s\u00fcr\u00fc\u015f imkan\u0131 tan\u0131yan elektrikli Smart, 100 km\/s h\u0131za 13 saniyeden k\u0131sa bir s\u00fcrede ula\u015f\u0131yor. Ye\u015fil\/Beyaz tasar\u0131m\u0131yla da \u00e7evreci imaj\u0131n\u0131 da per\u00e7inliyor. Renklere de\u011finmi\u015fken, pratik ve e\u011flenceli bir araba Smart ancak renk se\u00e7enekleri gri, siyah, bordo gibi klasik renklerle s\u0131n\u0131rl\u0131. Bence enerjisini yans\u0131tacak daha muzip tonlarla yollara daha \u00e7ok renk katabilir&#8230;<\/p>\n<p>&nbsp;<\/p>\n","protected":false},"excerpt":{"rendered":"<p>Yaz\u0131: Simge F\u0131st\u0131ko\u011flu \/ Foto\u011fraflar: Serhat \u00d6zdek KLOSTROFOB\u0130M YOK! ASANS\u00d6RDE KALMAKTAN KORKMAM. T\u00dcNELE G\u0130R\u0130NCE RUHUM DARALMAZ. FAKAT, ZARURETTEN DE OLSA, \u2018DARALTILMI\u015e\u2019 MEKANLARI \u00c7OK SEVMEM. R\u00dcYA TAT\u0130L\u0130M MAV\u0130 YOLCULUK DE\u011e\u0130LD\u0130R BU Y\u00dcZDEN. D\u00dcNYANIN EN L\u00dcKS TRANSATLANT\u0130\u011e\u0130 DE OLSA K\u0130MSE B\u0130R KAMARAYA TIKAMAZ BEN\u0130. KARAVAN KONUSUNA H\u0130\u00c7 DE\u011e\u0130NM\u0130YORUM B\u0130LE. Bu sebeple Smart\u2019\u0131 kullan\u0131rken daralabilece\u011fimi d\u00fc\u015f\u00fcnd\u00fcm en ba\u015fta. [&hellip;]<\/p>\n","protected":false},"author":1,"featured_media":0,"comment_status":"open","ping_status":"open","sticky":false,"template":"","format":"standard","meta":[],"categories":[1],"tags":[],"_links":{"self":[{"href":"https:\/\/www.digitalcarmagazine.com.tr\/Web\/wp-json\/wp\/v2\/posts\/6835"}],"collection":[{"href":"https:\/\/www.digitalcarmagazine.com.tr\/Web\/wp-json\/wp\/v2\/posts"}],"about":[{"href":"https:\/\/www.digitalcarmagazine.com.tr\/Web\/wp-json\/wp\/v2\/types\/post"}],"author":[{"embeddable":true,"href":"https:\/\/www.digitalcarmagazine.com.tr\/Web\/wp-json\/wp\/v2\/users\/1"}],"replies":[{"embeddable":true,"href":"https:\/\/www.digitalcarmagazine.com.tr\/Web\/wp-json\/wp\/v2\/comments?post=6835"}],"version-history":[{"count":3,"href":"https:\/\/www.digitalcarmagazine.com.tr\/Web\/wp-json\/wp\/v2\/posts\/6835\/revisions"}],"predecessor-version":[{"id":6845,"href":"https:\/\/www.digitalcarmagazine.com.tr\/Web\/wp-json\/wp\/v2\/posts\/6835\/revisions\/6845"}],"wp:attachment":[{"href":"https:\/\/www.digitalcarmagazine.com.tr\/Web\/wp-json\/wp\/v2\/media?parent=6835"}],"wp:term":[{"taxonomy":"category","embeddable":true,"href":"https:\/\/www.digitalcarmagazine.com.tr\/Web\/wp-json\/wp\/v2\/categories?post=6835"},{"taxonomy":"post_tag","embeddable":true,"href":"https:\/\/www.digitalcarmagazine.com.tr\/Web\/wp-json\/wp\/v2\/tags?post=6835"}],"curies":[{"name":"wp","href":"https:\/\/api.w.org\/{rel}","templated":true}]}}