{"id":6809,"date":"2013-07-17T13:52:04","date_gmt":"2013-07-17T13:52:04","guid":{"rendered":"http:\/\/www.digitalcarmagazine.com.tr\/Web\/?p=6809"},"modified":"2013-07-17T13:52:19","modified_gmt":"2013-07-17T13:52:19","slug":"yaz-tatilinde-mercedes-benz-sprinterda-kampanya","status":"publish","type":"post","link":"https:\/\/www.digitalcarmagazine.com.tr\/Web\/yaz-tatilinde-mercedes-benz-sprinterda-kampanya\/","title":{"rendered":"Yaz tatilinde Mercedes-Benz Sprinter&#8217;da kampanya!"},"content":{"rendered":"<h3>Mercedes-Benz, yaz tatilinde Sprinter modeline uygulad\u0131\u011f\u0131 kampanya ile dikkat \u00e7ekiyor. \u00d6zellikle okul ta\u015f\u0131mac\u0131l\u0131\u011f\u0131nda kullan\u0131lan Sprinter, &#8216;servis&#8217; ta\u015f\u0131mac\u0131l\u0131\u011f\u0131nda en \u00e7ok tercih edilen model olarak dikkat \u00e7ekiyor&#8230;<\/h3>\n<p><a href=\"https:\/\/www.digitalcarmagazine.com.tr\/Web\/?attachment_id=6811\" rel=\"attachment wp-att-6811\"><img loading=\"lazy\" class=\"alignleft size-medium wp-image-6811\" title=\"mer\" src=\"https:\/\/www.digitalcarmagazine.com.tr\/Web\/wp-content\/uploads\/mer-300x138.jpg\" alt=\"\" width=\"300\" height=\"138\" srcset=\"https:\/\/www.digitalcarmagazine.com.tr\/Web\/wp-content\/uploads\/mer-300x138.jpg 300w, https:\/\/www.digitalcarmagazine.com.tr\/Web\/wp-content\/uploads\/mer.jpg 450w\" sizes=\"(max-width: 300px) 100vw, 300px\" \/><\/a>Okul ve personel ta\u015f\u0131mac\u0131l\u0131\u011f\u0131nda sekt\u00f6r\u00fcn lider markas\u0131 olan olan Sprinter minib\u00fcsler 0,60% sabit faiz veya 5.500 TL\u2019ye varan pe\u015fin indirimleri ile \u015fimdi her zaman oldu\u011fundan \u00e7ok daha cazip ko\u015fullarla sahiplerini bekliyor. Sprinter orjinal minib\u00fcs ara\u00e7lar arka aksta tek tekerle\u011fi ile 22+1 ki\u015fiye kadar sundu\u011fu koltuk d\u00fczenleri ile m\u00fc\u015fterilerine ergonomi ve konforu bir arada sunuyor.<\/p>\n","protected":false},"excerpt":{"rendered":"<p>Mercedes-Benz, yaz tatilinde Sprinter modeline uygulad\u0131\u011f\u0131 kampanya ile dikkat \u00e7ekiyor. \u00d6zellikle okul ta\u015f\u0131mac\u0131l\u0131\u011f\u0131nda kullan\u0131lan Sprinter, &#8216;servis&#8217; ta\u015f\u0131mac\u0131l\u0131\u011f\u0131nda en \u00e7ok tercih edilen model olarak dikkat \u00e7ekiyor&#8230; Okul ve personel ta\u015f\u0131mac\u0131l\u0131\u011f\u0131nda sekt\u00f6r\u00fcn lider markas\u0131 olan olan Sprinter minib\u00fcsler 0,60% sabit faiz veya 5.500 TL\u2019ye varan pe\u015fin indirimleri ile \u015fimdi her zaman oldu\u011fundan \u00e7ok daha cazip ko\u015fullarla sahiplerini [&hellip;]<\/p>\n","protected":false},"author":1,"featured_media":0,"comment_status":"open","ping_status":"open","sticky":false,"template":"","format":"standard","meta":[],"categories":[1,9],"tags":[],"_links":{"self":[{"href":"https:\/\/www.digitalcarmagazine.com.tr\/Web\/wp-json\/wp\/v2\/posts\/6809"}],"collection":[{"href":"https:\/\/www.digitalcarmagazine.com.tr\/Web\/wp-json\/wp\/v2\/posts"}],"about":[{"href":"https:\/\/www.digitalcarmagazine.com.tr\/Web\/wp-json\/wp\/v2\/types\/post"}],"author":[{"embeddable":true,"href":"https:\/\/www.digitalcarmagazine.com.tr\/Web\/wp-json\/wp\/v2\/users\/1"}],"replies":[{"embeddable":true,"href":"https:\/\/www.digitalcarmagazine.com.tr\/Web\/wp-json\/wp\/v2\/comments?post=6809"}],"version-history":[{"count":3,"href":"https:\/\/www.digitalcarmagazine.com.tr\/Web\/wp-json\/wp\/v2\/posts\/6809\/revisions"}],"predecessor-version":[{"id":6814,"href":"https:\/\/www.digitalcarmagazine.com.tr\/Web\/wp-json\/wp\/v2\/posts\/6809\/revisions\/6814"}],"wp:attachment":[{"href":"https:\/\/www.digitalcarmagazine.com.tr\/Web\/wp-json\/wp\/v2\/media?parent=6809"}],"wp:term":[{"taxonomy":"category","embeddable":true,"href":"https:\/\/www.digitalcarmagazine.com.tr\/Web\/wp-json\/wp\/v2\/categories?post=6809"},{"taxonomy":"post_tag","embeddable":true,"href":"https:\/\/www.digitalcarmagazine.com.tr\/Web\/wp-json\/wp\/v2\/tags?post=6809"}],"curies":[{"name":"wp","href":"https:\/\/api.w.org\/{rel}","templated":true}]}}