{"id":6782,"date":"2013-07-16T12:21:01","date_gmt":"2013-07-16T12:21:01","guid":{"rendered":"http:\/\/www.digitalcarmagazine.com.tr\/Web\/?p=6782"},"modified":"2013-07-16T12:21:01","modified_gmt":"2013-07-16T12:21:01","slug":"simge-fistikoglu-sadece-degisenler-aslina-sadik-kalirlar","status":"publish","type":"post","link":"https:\/\/www.digitalcarmagazine.com.tr\/Web\/simge-fistikoglu-sadece-degisenler-aslina-sadik-kalirlar\/","title":{"rendered":"Simge F\u0131st\u0131ko\u011flu: &#8216;Sadece de\u011fi\u015fenler, asl\u0131na sad\u0131k kal\u0131rlar&#8217;"},"content":{"rendered":"<h3><span style=\"color: #ff0000;\">Yaz\u0131:<\/span> Simge F\u0131st\u0131ko\u011flu \/ <span style=\"color: #ff0000;\">Foto\u011fraflar:<\/span> Serhat \u00d6zdek<\/h3>\n<h3>Ke\u015fke biraz daha zaman\u0131m olsayd\u0131. Yani VW Beetle ile daha fazla vakit ge\u00e7irebilseydim.<\/h3>\n<p><a href=\"https:\/\/www.digitalcarmagazine.com.tr\/Web\/?attachment_id=6783\" rel=\"attachment wp-att-6783\"><img loading=\"lazy\" class=\"alignleft size-medium wp-image-6783\" title=\"IMG_8466a\" src=\"https:\/\/www.digitalcarmagazine.com.tr\/Web\/wp-content\/uploads\/IMG_8466a-300x199.jpg\" alt=\"\" width=\"300\" height=\"199\" srcset=\"https:\/\/www.digitalcarmagazine.com.tr\/Web\/wp-content\/uploads\/IMG_8466a-300x199.jpg 300w, https:\/\/www.digitalcarmagazine.com.tr\/Web\/wp-content\/uploads\/IMG_8466a-1024x682.jpg 1024w, https:\/\/www.digitalcarmagazine.com.tr\/Web\/wp-content\/uploads\/IMG_8466a.jpg 2000w\" sizes=\"(max-width: 300px) 100vw, 300px\" \/><\/a><a href=\"https:\/\/www.digitalcarmagazine.com.tr\/Web\/?attachment_id=6784\" rel=\"attachment wp-att-6784\"><img loading=\"lazy\" class=\"alignleft size-medium wp-image-6784\" title=\"IMG_8347a\" src=\"https:\/\/www.digitalcarmagazine.com.tr\/Web\/wp-content\/uploads\/IMG_8347a-300x199.jpg\" alt=\"\" width=\"300\" height=\"199\" srcset=\"https:\/\/www.digitalcarmagazine.com.tr\/Web\/wp-content\/uploads\/IMG_8347a-300x199.jpg 300w, https:\/\/www.digitalcarmagazine.com.tr\/Web\/wp-content\/uploads\/IMG_8347a-1024x682.jpg 1024w, https:\/\/www.digitalcarmagazine.com.tr\/Web\/wp-content\/uploads\/IMG_8347a.jpg 2000w\" sizes=\"(max-width: 300px) 100vw, 300px\" \/><\/a><a href=\"https:\/\/www.digitalcarmagazine.com.tr\/Web\/?attachment_id=6785\" rel=\"attachment wp-att-6785\"><img loading=\"lazy\" class=\"alignleft size-medium wp-image-6785\" title=\"IMG_8573a\" src=\"https:\/\/www.digitalcarmagazine.com.tr\/Web\/wp-content\/uploads\/IMG_8573a-300x199.jpg\" alt=\"\" width=\"300\" height=\"199\" srcset=\"https:\/\/www.digitalcarmagazine.com.tr\/Web\/wp-content\/uploads\/IMG_8573a-300x199.jpg 300w, https:\/\/www.digitalcarmagazine.com.tr\/Web\/wp-content\/uploads\/IMG_8573a-1024x682.jpg 1024w, https:\/\/www.digitalcarmagazine.com.tr\/Web\/wp-content\/uploads\/IMG_8573a.jpg 2000w\" sizes=\"(max-width: 300px) 100vw, 300px\" \/><\/a>Otomobil markalar\u0131n\u0131n sloganlar\u0131na, internet sitelerinde \u2018hakk\u0131nda\u2019 k\u0131sm\u0131nda yazan ve a\u011f\u0131r edebiyat kokan ifadelerine -\u00e7o\u011funlukla- g\u00fcl\u00fcyorum. \u0130\u00e7imden \u2018Acaba bu c\u00fcmleyi \u00e7ok d\u00fc\u015f\u00fcnd\u00fcler mi?\u2019 diyorum. Beetle&#8217;\u0131 anlatan c\u00fcmlelerden biri de giri\u015fte yazd\u0131\u011f\u0131m bu c\u00fcmle i\u015fte&#8230; <a href=\"https:\/\/www.digitalcarmagazine.com.tr\/Web\/?attachment_id=6786\" rel=\"attachment wp-att-6786\"><img loading=\"lazy\" class=\"alignleft size-medium wp-image-6786\" title=\"IMG_8315a\" src=\"https:\/\/www.digitalcarmagazine.com.tr\/Web\/wp-content\/uploads\/IMG_8315a-300x199.jpg\" alt=\"\" width=\"300\" height=\"199\" srcset=\"https:\/\/www.digitalcarmagazine.com.tr\/Web\/wp-content\/uploads\/IMG_8315a-300x199.jpg 300w, https:\/\/www.digitalcarmagazine.com.tr\/Web\/wp-content\/uploads\/IMG_8315a-1024x682.jpg 1024w, https:\/\/www.digitalcarmagazine.com.tr\/Web\/wp-content\/uploads\/IMG_8315a.jpg 2000w\" sizes=\"(max-width: 300px) 100vw, 300px\" \/><\/a>E\u011fer s\u00f6z konusu klasik bir otomobil ise ben de\u011fi\u015fmesini de\u011fil, geli\u015fmesini tercih ederim. Ruhuna sad\u0131k kalmas\u0131, benim i\u00e7in teknolojik donan\u0131m\u0131ndan daha m\u00fchim. Bu bak\u0131mdan beetle&#8217;\u0131n de\u011fi\u015fimiyle pek ilgilenmiyorum. Ruhunu korudu\u011fu ise kesin. Direksiyona oturdu\u011fum anda ilk intiba, \u2018Y\u00fczlerce kilometre gidebilirim\u2019&#8230; Motoru \u00e7al\u0131\u015ft\u0131r\u0131p yola koyulunca, hele bir de trafikten kurtulunca bu his daha da g\u00fc\u00e7leniyor. 1197 cc&#8217;lik motoru saatte 180 km. Maksimum h\u0131z \u00fcretebiliyor, 100 km.ye ise 11 saniyeden az bir s\u00fcrede eri\u015fiyor. Ortalama 5.9 litre yak\u0131t t\u00fcketimi olan, triptronik se\u00e7ene\u011fiyle 7 ileri vitesli beetle&#8217;\u0131 \u00e7o\u011funlukla sport modunda kulland\u0131m ve yol tutu\u015funu sevdim.<\/p>\n<p><a href=\"https:\/\/www.digitalcarmagazine.com.tr\/Web\/?attachment_id=6787\" rel=\"attachment wp-att-6787\"><img loading=\"lazy\" class=\"alignleft size-medium wp-image-6787\" title=\"IMG_8328a\" src=\"https:\/\/www.digitalcarmagazine.com.tr\/Web\/wp-content\/uploads\/IMG_8328a-300x199.jpg\" alt=\"\" width=\"300\" height=\"199\" srcset=\"https:\/\/www.digitalcarmagazine.com.tr\/Web\/wp-content\/uploads\/IMG_8328a-300x199.jpg 300w, https:\/\/www.digitalcarmagazine.com.tr\/Web\/wp-content\/uploads\/IMG_8328a-1024x682.jpg 1024w, https:\/\/www.digitalcarmagazine.com.tr\/Web\/wp-content\/uploads\/IMG_8328a.jpg 2000w\" sizes=\"(max-width: 300px) 100vw, 300px\" \/><\/a>Ruhu olan bir otomobil dedim ya, kendi ruhunuzu yans\u0131tman\u0131za da imkan tan\u0131yor. Design donan\u0131m serisi, otomobilinizin i\u00e7ini de d\u0131\u015f\u0131yla uyumlu -ve daha renkli- k\u0131l\u0131yor.<\/p>\n<p>Digital Car Magazine Genel Yay\u0131n Y\u00f6netmeni Aykut \u00d6zdek \u2018beetle&#8217;\u0131 denemek ister misin?\u2019 dedi\u011finde heyecanlanm\u0131\u015ft\u0131m. Fakat bilgisayar\u0131m\u0131n ba\u015f\u0131na oturdu\u011fumdan bu yana yazarken ayn\u0131 heyecan\u0131 duy(a)mad\u0131\u011f\u0131m\u0131 hissettim. \u2018Neden?\u2019 diye d\u00fc\u015f\u00fcnd\u00fcm ve otomobille yeterince vakit ge\u00e7irmedi\u011fim i\u00e7in teknik bilgimin, aktaracak duygumdan fazla oldu\u011funu \u00fcz\u00fclerek fark ettim.<\/p>\n<p>Ke\u015fke biraz daha zaman\u0131m\u0131z olsayd\u0131 beetle\u2026 Tan\u0131san sen de beni severdin \ud83d\ude42<\/p>\n<p>Geni\u015f zamanlarda tela\u015fs\u0131z s\u00fcr\u00fc\u015fler dilerim.<\/p>\n","protected":false},"excerpt":{"rendered":"<p>Yaz\u0131: Simge F\u0131st\u0131ko\u011flu \/ Foto\u011fraflar: Serhat \u00d6zdek Ke\u015fke biraz daha zaman\u0131m olsayd\u0131. Yani VW Beetle ile daha fazla vakit ge\u00e7irebilseydim. Otomobil markalar\u0131n\u0131n sloganlar\u0131na, internet sitelerinde \u2018hakk\u0131nda\u2019 k\u0131sm\u0131nda yazan ve a\u011f\u0131r edebiyat kokan ifadelerine -\u00e7o\u011funlukla- g\u00fcl\u00fcyorum. \u0130\u00e7imden \u2018Acaba bu c\u00fcmleyi \u00e7ok d\u00fc\u015f\u00fcnd\u00fcler mi?\u2019 diyorum. Beetle&#8217;\u0131 anlatan c\u00fcmlelerden biri de giri\u015fte yazd\u0131\u011f\u0131m bu c\u00fcmle i\u015fte&#8230; E\u011fer s\u00f6z [&hellip;]<\/p>\n","protected":false},"author":1,"featured_media":0,"comment_status":"open","ping_status":"open","sticky":false,"template":"","format":"standard","meta":[],"categories":[1],"tags":[],"_links":{"self":[{"href":"https:\/\/www.digitalcarmagazine.com.tr\/Web\/wp-json\/wp\/v2\/posts\/6782"}],"collection":[{"href":"https:\/\/www.digitalcarmagazine.com.tr\/Web\/wp-json\/wp\/v2\/posts"}],"about":[{"href":"https:\/\/www.digitalcarmagazine.com.tr\/Web\/wp-json\/wp\/v2\/types\/post"}],"author":[{"embeddable":true,"href":"https:\/\/www.digitalcarmagazine.com.tr\/Web\/wp-json\/wp\/v2\/users\/1"}],"replies":[{"embeddable":true,"href":"https:\/\/www.digitalcarmagazine.com.tr\/Web\/wp-json\/wp\/v2\/comments?post=6782"}],"version-history":[{"count":3,"href":"https:\/\/www.digitalcarmagazine.com.tr\/Web\/wp-json\/wp\/v2\/posts\/6782\/revisions"}],"predecessor-version":[{"id":6790,"href":"https:\/\/www.digitalcarmagazine.com.tr\/Web\/wp-json\/wp\/v2\/posts\/6782\/revisions\/6790"}],"wp:attachment":[{"href":"https:\/\/www.digitalcarmagazine.com.tr\/Web\/wp-json\/wp\/v2\/media?parent=6782"}],"wp:term":[{"taxonomy":"category","embeddable":true,"href":"https:\/\/www.digitalcarmagazine.com.tr\/Web\/wp-json\/wp\/v2\/categories?post=6782"},{"taxonomy":"post_tag","embeddable":true,"href":"https:\/\/www.digitalcarmagazine.com.tr\/Web\/wp-json\/wp\/v2\/tags?post=6782"}],"curies":[{"name":"wp","href":"https:\/\/api.w.org\/{rel}","templated":true}]}}