{"id":6727,"date":"2013-07-16T10:56:09","date_gmt":"2013-07-16T10:56:09","guid":{"rendered":"http:\/\/www.digitalcarmagazine.com.tr\/Web\/?p=6727"},"modified":"2013-08-23T12:53:59","modified_gmt":"2013-08-23T12:53:59","slug":"en-iyinin-en-iyisi-odulu-audi-r8in","status":"publish","type":"post","link":"https:\/\/www.digitalcarmagazine.com.tr\/Web\/en-iyinin-en-iyisi-odulu-audi-r8in\/","title":{"rendered":"&#8216;En iyinin en iyisi&#8217; \u00f6d\u00fcl\u00fc Audi R8&#8217;in!"},"content":{"rendered":"<h3>Audi R8, y\u00fcksek tasar\u0131m kalitesiyle \u201cen iyinin en iyisi: 2013 \u2013 red dot award\u201da lay\u0131k g\u00f6r\u00fcld\u00fc.\u00a0Bu y\u0131l a\u00e7\u0131klanan \u00f6d\u00fcllerde Audi ayr\u0131ca, iki modeliyle daha; A3 Sportback ve Audi S3 ile de &#8220;red dot&#8221; ald\u0131.<\/h3>\n<div><a href=\"https:\/\/www.digitalcarmagazine.com.tr\/Web\/?attachment_id=6728\" rel=\"attachment wp-att-6728\"><img loading=\"lazy\" class=\"alignleft size-medium wp-image-6728\" title=\"Jury vergibt ?red dot: best of the best? fuer hoechste Designqualitaet des R8\" src=\"https:\/\/www.digitalcarmagazine.com.tr\/Web\/wp-content\/uploads\/Audi_red_dot_award02-300x212.jpg\" alt=\"\" width=\"300\" height=\"212\" srcset=\"https:\/\/www.digitalcarmagazine.com.tr\/Web\/wp-content\/uploads\/Audi_red_dot_award02-300x212.jpg 300w, https:\/\/www.digitalcarmagazine.com.tr\/Web\/wp-content\/uploads\/Audi_red_dot_award02-1024x724.jpg 1024w\" sizes=\"(max-width: 300px) 100vw, 300px\" \/><\/a>Audi tasar\u0131m d\u00fcnyas\u0131n\u0131n en prestijli \u00f6d\u00fcllerinden biri olarak kabul edilen \u201cred dot award 2013\u201dte \u00fcr\u00fcn tasar\u0131m\u0131 kategorisine \u00fc\u00e7 modeliyle damga vurdu. Audi R8, y\u00fcksek tasar\u0131m kalitesiyle j\u00fcri taraf\u0131ndan \u201cen iyinin en iyisi\u201d \u00f6d\u00fcl\u00fcne lay\u0131k g\u00f6r\u00fcld\u00fc.<\/div>\n<h4><span style=\"color: #ff0000;\">Audi A3 Sportback ve Audi S3 de y\u00fcksek stil kaliteleriyle &#8220;red dot&#8221; ald\u0131.<\/span><\/h4>\n<div>24 \u00fclkeden 37 uzman taraf\u0131ndan olu\u015fan j\u00fcri bu y\u0131l, 54 \u00fclkeden 4 bin 600\u2019\u00fc a\u015fan \u00fcr\u00fcn ve projeyi de\u011ferlendirdi. 22 otomobil modelinin dahil oldu\u011fu yar\u0131\u015fmada, \u00fcr\u00fcnler estetik formlar\u0131n yan\u0131 s\u0131ra, tasar\u0131mc\u0131s\u0131n\u0131n yenilik anlay\u0131\u015f\u0131na ve \u00f6nc\u00fc trendlere g\u00f6re de\u011ferlendirildi.\u00a0red dot \u00d6d\u00fcl\u00fc 1955\u2019ten bu yana, Design Zentrum Nordrhein-Westfalen taraf\u0131ndan \u00fcr\u00fcn tasar\u0131m\u0131, ileti\u015fim tasar\u0131m\u0131 ve tasar\u0131m konsepti gibi ba\u011f\u0131ms\u0131z disiplinlerde d\u00fcnyan\u0131n d\u00f6rt bir yan\u0131ndaki yarat\u0131c\u0131 beyinlere sunuluyor. Muhte\u015fem tasar\u0131ma verilen kalite damgas\u0131 \u015feklindeki \u00f6d\u00fcl\u00fcn adaylar\u0131, mobilya \u00fcreticilerinden ara\u015ft\u0131rma merkezlerine kadar olduk\u00e7a \u00e7e\u015fitli sekt\u00f6rler ve segmentlerden geliyor.<\/div>\n","protected":false},"excerpt":{"rendered":"<p>Audi R8, y\u00fcksek tasar\u0131m kalitesiyle \u201cen iyinin en iyisi: 2013 \u2013 red dot award\u201da lay\u0131k g\u00f6r\u00fcld\u00fc.\u00a0Bu y\u0131l a\u00e7\u0131klanan \u00f6d\u00fcllerde Audi ayr\u0131ca, iki modeliyle daha; A3 Sportback ve Audi S3 ile de &#8220;red dot&#8221; ald\u0131. Audi tasar\u0131m d\u00fcnyas\u0131n\u0131n en prestijli \u00f6d\u00fcllerinden biri olarak kabul edilen \u201cred dot award 2013\u201dte \u00fcr\u00fcn tasar\u0131m\u0131 kategorisine \u00fc\u00e7 modeliyle damga vurdu. [&hellip;]<\/p>\n","protected":false},"author":1,"featured_media":0,"comment_status":"open","ping_status":"open","sticky":false,"template":"","format":"standard","meta":[],"categories":[1],"tags":[],"_links":{"self":[{"href":"https:\/\/www.digitalcarmagazine.com.tr\/Web\/wp-json\/wp\/v2\/posts\/6727"}],"collection":[{"href":"https:\/\/www.digitalcarmagazine.com.tr\/Web\/wp-json\/wp\/v2\/posts"}],"about":[{"href":"https:\/\/www.digitalcarmagazine.com.tr\/Web\/wp-json\/wp\/v2\/types\/post"}],"author":[{"embeddable":true,"href":"https:\/\/www.digitalcarmagazine.com.tr\/Web\/wp-json\/wp\/v2\/users\/1"}],"replies":[{"embeddable":true,"href":"https:\/\/www.digitalcarmagazine.com.tr\/Web\/wp-json\/wp\/v2\/comments?post=6727"}],"version-history":[{"count":8,"href":"https:\/\/www.digitalcarmagazine.com.tr\/Web\/wp-json\/wp\/v2\/posts\/6727\/revisions"}],"predecessor-version":[{"id":6942,"href":"https:\/\/www.digitalcarmagazine.com.tr\/Web\/wp-json\/wp\/v2\/posts\/6727\/revisions\/6942"}],"wp:attachment":[{"href":"https:\/\/www.digitalcarmagazine.com.tr\/Web\/wp-json\/wp\/v2\/media?parent=6727"}],"wp:term":[{"taxonomy":"category","embeddable":true,"href":"https:\/\/www.digitalcarmagazine.com.tr\/Web\/wp-json\/wp\/v2\/categories?post=6727"},{"taxonomy":"post_tag","embeddable":true,"href":"https:\/\/www.digitalcarmagazine.com.tr\/Web\/wp-json\/wp\/v2\/tags?post=6727"}],"curies":[{"name":"wp","href":"https:\/\/api.w.org\/{rel}","templated":true}]}}