{"id":6716,"date":"2013-07-16T10:39:18","date_gmt":"2013-07-16T10:39:18","guid":{"rendered":"http:\/\/www.digitalcarmagazine.com.tr\/Web\/?p=6716"},"modified":"2013-07-16T10:39:19","modified_gmt":"2013-07-16T10:39:19","slug":"turkiyeye-ozel-uretilen-e-serisi-satista","status":"publish","type":"post","link":"https:\/\/www.digitalcarmagazine.com.tr\/Web\/turkiyeye-ozel-uretilen-e-serisi-satista\/","title":{"rendered":"&#8216;T\u00fcrkiye&#8217;ye \u00f6zel \u00fcretilen&#8217; E Serisi sat\u0131\u015fta!"},"content":{"rendered":"<h3>Mercedes-Benz E Serisi&#8217;nin 1.6 litre benzinli motorlu versiyonu, 142.000 TL&#8217;lik fiyat\u0131 ile T\u00fcrkiye&#8217;de sat\u0131\u015fa sunuldu. E Serisi yenilikleri ile dikkat \u00e7ekiyor. Yeni S Serisi&#8217;nden de bir\u00e7ok \u00f6zelli\u011fi bar\u0131nd\u0131ran E Serisi 1.6 T\u00fcrkiye i\u00e7in \u00f6zel \u00fcretiliyor!<\/h3>\n<p><a href=\"https:\/\/www.digitalcarmagazine.com.tr\/Web\/?attachment_id=6717\" rel=\"attachment wp-att-6717\"><img loading=\"lazy\" class=\"alignleft size-medium wp-image-6717\" title=\"Mercedes-Benz E 300 BlueTec HYBRID, Limousine Elegance, (W 212),\" src=\"https:\/\/www.digitalcarmagazine.com.tr\/Web\/wp-content\/uploads\/Mercedes-Benz-E-Serisi-2-300x199.jpg\" alt=\"\" width=\"300\" height=\"199\" srcset=\"https:\/\/www.digitalcarmagazine.com.tr\/Web\/wp-content\/uploads\/Mercedes-Benz-E-Serisi-2-300x199.jpg 300w, https:\/\/www.digitalcarmagazine.com.tr\/Web\/wp-content\/uploads\/Mercedes-Benz-E-Serisi-2-1024x680.jpg 1024w, https:\/\/www.digitalcarmagazine.com.tr\/Web\/wp-content\/uploads\/Mercedes-Benz-E-Serisi-2.jpg 1803w\" sizes=\"(max-width: 300px) 100vw, 300px\" \/><\/a>Mercedes-Benz E-Serisi kapsaml\u0131 bir \u015fekilde yenilenerek l\u00fcks ara\u00e7 segmentindeki lider konumunu daha da g\u00fc\u00e7lendirdi. Yeni E-Serisi \u015fimdi d\u00fc\u015f\u00fck vergi dilimine giren 1,6 motor se\u00e7ene\u011fi ile T\u00fcrkiye\u2019de.<\/p>\n<p>Mercedes-Benz Otomobil Pazarlama ve Sat\u0131\u015f M\u00fcd\u00fcr\u00fc \u015e\u00fckr\u00fc Bekdikhan yeni E 180 i\u00e7in \u015funlar\u0131 s\u00f6yledi; \u201cMercedes-Benz \u00fcr\u00fcn gam\u0131n\u0131n en \u00f6nemli modellerinden biri olan E-Serisi\u2019 nde ak\u0131ll\u0131 s\u00fcr\u00fc\u015f \u00f6zellikleri, modern ve sportif bir g\u00f6r\u00fcn\u00fcmle birle\u015ftirilerek m\u00fckemmel bir \u015fekilde harmanland\u0131. Piyasaya girdi\u011fi g\u00fcnden bu yana b\u00fcy\u00fck be\u011feni ve yo\u011fun talep alan E-Serisi\u2019si bug\u00fcnden itibaren 1,6 motor se\u00e7ene\u011fi ile Mercedes-Benz T\u00fcrk bayilerinde sat\u0131\u015fta. Mercedes-Benz taraf\u0131ndan T\u00fcrkiye&#8217;ye \u00f6zel olarak \u00fcretilen bu motor, segmentinde bir ilk olarak sunuluyor.142.000TL den ba\u015flayan fiyatlarla sat\u0131\u015fa sundu\u011fumuz E-Serisi\u2019ni i\u00e7in \u015fimdiden bayilerimizde yo\u011fun bir showroom trafi\u011fi yakalam\u0131\u015f durumday\u0131z.\u201d<\/p>\n<p>PRE-SAFE<sup>\u00ae<\/sup> ile ba\u015flayan ve DISTRONIC PLUS\u2019la devam eden g\u00fcvenlik teknolojileri Mercedes-Benz\u2019de s\u00fcr\u00fc\u015fe yeni bir boyut getiriyor: yeni E-Serisi\u2019nde konfor ve g\u00fcvenlik bir arada sunuluyor. Mercedes-Benz buna \u201cak\u0131ll\u0131 s\u00fcr\u00fc\u015f\u201d ad\u0131n\u0131 veriyor. E-Serisi\u2019nde, gelecekteki S-Serisi\u2019nden al\u0131nm\u0131\u015f bir\u00e7ok yeni ve optimize edilmi\u015f sistem \u00a0ilk kez kullan\u0131l\u0131yor ve s\u00fcr\u00fc\u015f\u00fc daha konforlu ve g\u00fcvenli bir hale getiriyor.<\/p>\n<p>Adaptif fren yard\u0131m\u0131na sahip bir radar bazl\u0131 \u00e7arp\u0131\u015fma uyar\u0131 sistemi olan \u201c\u00e7arp\u0131\u015fma \u00f6nleme sistemi\u201d (collision prevention assist) yeni E-Serisi\u2019nde standart olarak sunuluyor. Bu sistem, arkadan \u00e7arpma risklerini azalt\u0131yor. Ayn\u0131 zamanda, standart donan\u0131m\u0131n bir par\u00e7as\u0131n\u0131 olu\u015fturan \u201cattention assist\u201d, uzun mesafelerde s\u00fcr\u00fcc\u00fcn\u00fcn yorgunluk d\u00fczeyini tespit ederek s\u00fcr\u00fcc\u00fcy\u00fc zinde ve uyan\u0131k kalmaya kar\u015f\u0131 uyar\u0131yor. Bunlar\u0131n yan\u0131nda, gerek yeni gerekse \u00f6nemli \u00f6l\u00e7\u00fcde optimize edilmi\u015f fonksiyonlara sahip yard\u0131mc\u0131 sistemler de mevcut:<\/p>\n<ul>\n<li>Takip edilen ara\u00e7 ile aradaki mesafeyi s\u00fcrekli koruyan, trafik s\u0131k\u0131\u015ft\u0131\u011f\u0131nda otomatik olarak dur-kalk yapmas\u0131n\u0131 sa\u011flayan, hatta \u00f6ndeki arac\u0131 k\u00fc\u00e7\u00fck virajlarda da takip edebilen <strong>\u201cDireksiyon yard\u0131mc\u0131s\u0131 ile birlikte DISTRONIC PLUS<\/strong><strong>\u201d<\/strong><\/li>\n<li>\u0130lk defa ara\u00e7larda kullan\u0131lan, seyir halindeki trafi\u011fi ve yayalar\u0131 takip ederek buna g\u00f6re frene uygulanacak g\u00fcc\u00fc art\u0131ran <strong>\u201cBAS PLUS Fren Yard\u0131m sistemi\u201d<\/strong><\/li>\n<li>Yayalar\u0131 tespit ederek kendili\u011finden frenleme yapan, b\u00f6ylece 50 km\/s\u2019e kadar olan h\u0131zlarda \u00e7arp\u0131\u015fmay\u0131 \u00f6nleyen <strong>\u201cPRE-SAFE<sup>\u00ae<\/sup> <\/strong><strong>Fren sistemi\u201d<\/strong><\/li>\n<li>Olas\u0131 kazay\u0131 alg\u0131layan ve yolcular\u0131 kazay\u0131 en hafif \u015fekilde atlatmaya haz\u0131rlayan <strong>\u201cPRE-SAFE<sup>\u00ae<\/sup> PLUS\u201d<\/strong><\/li>\n<li>Arac\u0131n \u015feridinde kalmas\u0131n\u0131 denetleyen, \u015ferit \u00e7izgilerinin tam ortas\u0131nda seyredilmesini sa\u011flayan ve aktif m\u00fcdahalede bulunan <strong>\u201cAktif \u015eerit Takip Yard\u0131mc\u0131s\u0131\u201d <\/strong><strong>\u00a0<\/strong><\/li>\n<li>\u00a0Uzun h\u00fczmeli farlar\u0131, trafik durumuna g\u00f6re di\u011fer ara\u00e7 s\u00fcr\u00fcc\u00fclerinin g\u00f6z\u00fcn\u00fc almayacak \u015fekilde otomatik ayarlayan<strong> \u201c<\/strong><strong>Uyarlanabilir Uzun Far Yard\u0131mc\u0131s\u0131 PLUS\u201d<\/strong><\/li>\n<li>\u00a0Arac\u0131 kendi kendine park ettiren <strong>\u201c<\/strong><strong>Aktif Park Yard\u0131mc\u0131s\u0131\u201d<\/strong><\/li>\n<li>H\u0131z limitleri, sollama yasa\u011f\u0131, giri\u015f yasaklar\u0131 gibi trafik i\u015faretlerini g\u00f6steren, ayn\u0131 zamanda g\u00f6rsel ve i\u015fitsel ikazlar veren <strong>\u201cTrafik Levhalar\u0131 Yard\u0131mc\u0131s\u0131\u201d<\/strong><\/li>\n<li>\u00d6n ve arka taraflardaki d\u00f6rt kameradan gelen g\u00f6r\u00fcnt\u00fc bilgilerini kullanarak, arac\u0131n ve \u00e7evresinin ku\u015f bak\u0131\u015f\u0131 g\u00f6r\u00fcn\u00fc\u015f\u00fcn\u00fc \u00e7\u0131karan, manevra s\u0131ras\u0131nda, park yerlerine giri\u015f \u00e7\u0131k\u0131\u015fta kolayl\u0131k sa\u011flayan <strong>\u201c<\/strong><strong>360-derece kamera\u201d<\/strong>.<\/li>\n<\/ul>\n<p>Yeni E-Serisi\u2019nde sunulan <strong>\u201cHands-Free Access\u201d<\/strong> sistemi ise bagaj kapa\u011f\u0131n\u0131 el de\u011fmeden, temass\u0131z \u00e7al\u0131\u015ft\u0131ran bir ba\u015fka Mercedes-Benz yenili\u011fi. Bu sayede arac\u0131n y\u00fcklenmesi ve bo\u015falt\u0131lmas\u0131 \u00e7ok daha pratik bir hale geliyor. Alternatif olarak Mercedes-Benz, E-Serisi\u2019nde, 17,8 cm y\u00fcksek \u00e7\u00f6z\u00fcn\u00fcrl\u00fckl\u00fc renkli ekrana, internet ba\u011flant\u0131s\u0131na ve sabit diskli navigasyon sistemine sahip <strong>COMAND Online<\/strong> multimedya sistemi sunuyor. COMAND Online, ara\u00e7 durmu\u015f vaziyetteyken s\u00fcr\u00fcc\u00fclerin internette s\u00f6rf yapabilmelerini veya \u00f6zellikle h\u0131zl\u0131 sayfa y\u00fckleme ve basit kullan\u0131m \u00f6zelli\u011fiyle s\u00fcr\u00fc\u015f esnas\u0131nda elveri\u015fli olan Mercedes-Benz uygulamalar\u0131 kullan\u0131m\u0131 i\u00e7in internet eri\u015fimi sunuyor. Entegre uygulamalar aras\u0131nda, Google\u2122 \u00a0yerel arama ve hava durumu, ayn\u0131 zamanda Google haritalar\u0131 kullanarak daha \u00f6nceden PC\u2019de yap\u0131land\u0131r\u0131lm\u0131\u015f ve araca aktar\u0131lm\u0131\u015f herhangi bir rotay\u0131 indirme kolayl\u0131\u011f\u0131 yer al\u0131yor.<\/p>\n<p>Yeni E-Serisi, 7G TRONIC \u015fanz\u0131man\u0131, ECO start\/stop sistemine sahip bu yeni motoru ile son derece y\u00fcksek verim sunuyor. Bu motor, 2015\u2019te uygulamaya konulacak EU6 standartlar\u0131n\u0131 \u015fimdiden kar\u015f\u0131l\u0131yor.<\/p>\n<p><strong>\u00a0<\/strong><\/p>\n<table width=\"494\" border=\"1\" cellspacing=\"0\" cellpadding=\"0\">\n<tbody>\n<tr>\n<td valign=\"top\" width=\"76\"><strong>Model<\/strong><strong><\/strong><\/td>\n<td valign=\"top\" width=\"71\"><strong>Motor Hacmi<\/strong><\/p>\n<p><strong>Cc<\/strong><strong><\/strong><\/td>\n<td valign=\"top\" width=\"64\"><strong>Motor G\u00fcc\u00fc <\/strong><\/td>\n<td valign=\"top\" width=\"71\"><strong>Tork Nm<\/strong><\/td>\n<td valign=\"top\" width=\"57\"><strong>Maksimum H\u0131z<\/strong><\/td>\n<td valign=\"top\" width=\"57\"><strong>0-100 Km\/h (s)<\/strong><strong><\/strong><\/td>\n<td valign=\"top\" width=\"99\"><strong>Yak\u0131t T\u00fcketimi l\/100 km<\/strong><strong><\/strong><\/td>\n<\/tr>\n<tr>\n<td valign=\"top\" width=\"76\">E 180<\/td>\n<td valign=\"top\" width=\"71\">1595<\/td>\n<td valign=\"top\" width=\"64\">156 PS<\/p>\n<p>&nbsp;<\/td>\n<td valign=\"top\" width=\"71\">250 Nm<\/p>\n<p>&nbsp;<\/td>\n<td valign=\"top\" width=\"57\">220 kph<\/td>\n<td valign=\"top\" width=\"57\">9,6<\/td>\n<td valign=\"top\" width=\"99\">\u015eehiri\u00e7i: 7,8 &#8211; 8,3<\/p>\n<p>\u015eehird\u0131\u015f\u0131: 5,1 &#8211; 5,5<\/td>\n<\/tr>\n<\/tbody>\n<\/table>\n","protected":false},"excerpt":{"rendered":"<p>Mercedes-Benz E Serisi&#8217;nin 1.6 litre benzinli motorlu versiyonu, 142.000 TL&#8217;lik fiyat\u0131 ile T\u00fcrkiye&#8217;de sat\u0131\u015fa sunuldu. E Serisi yenilikleri ile dikkat \u00e7ekiyor. Yeni S Serisi&#8217;nden de bir\u00e7ok \u00f6zelli\u011fi bar\u0131nd\u0131ran E Serisi 1.6 T\u00fcrkiye i\u00e7in \u00f6zel \u00fcretiliyor! Mercedes-Benz E-Serisi kapsaml\u0131 bir \u015fekilde yenilenerek l\u00fcks ara\u00e7 segmentindeki lider konumunu daha da g\u00fc\u00e7lendirdi. Yeni E-Serisi \u015fimdi d\u00fc\u015f\u00fck vergi dilimine [&hellip;]<\/p>\n","protected":false},"author":1,"featured_media":0,"comment_status":"open","ping_status":"open","sticky":false,"template":"","format":"standard","meta":[],"categories":[1],"tags":[],"_links":{"self":[{"href":"https:\/\/www.digitalcarmagazine.com.tr\/Web\/wp-json\/wp\/v2\/posts\/6716"}],"collection":[{"href":"https:\/\/www.digitalcarmagazine.com.tr\/Web\/wp-json\/wp\/v2\/posts"}],"about":[{"href":"https:\/\/www.digitalcarmagazine.com.tr\/Web\/wp-json\/wp\/v2\/types\/post"}],"author":[{"embeddable":true,"href":"https:\/\/www.digitalcarmagazine.com.tr\/Web\/wp-json\/wp\/v2\/users\/1"}],"replies":[{"embeddable":true,"href":"https:\/\/www.digitalcarmagazine.com.tr\/Web\/wp-json\/wp\/v2\/comments?post=6716"}],"version-history":[{"count":3,"href":"https:\/\/www.digitalcarmagazine.com.tr\/Web\/wp-json\/wp\/v2\/posts\/6716\/revisions"}],"predecessor-version":[{"id":6720,"href":"https:\/\/www.digitalcarmagazine.com.tr\/Web\/wp-json\/wp\/v2\/posts\/6716\/revisions\/6720"}],"wp:attachment":[{"href":"https:\/\/www.digitalcarmagazine.com.tr\/Web\/wp-json\/wp\/v2\/media?parent=6716"}],"wp:term":[{"taxonomy":"category","embeddable":true,"href":"https:\/\/www.digitalcarmagazine.com.tr\/Web\/wp-json\/wp\/v2\/categories?post=6716"},{"taxonomy":"post_tag","embeddable":true,"href":"https:\/\/www.digitalcarmagazine.com.tr\/Web\/wp-json\/wp\/v2\/tags?post=6716"}],"curies":[{"name":"wp","href":"https:\/\/api.w.org\/{rel}","templated":true}]}}