{"id":6691,"date":"2013-07-12T14:58:42","date_gmt":"2013-07-12T14:58:42","guid":{"rendered":"http:\/\/www.digitalcarmagazine.com.tr\/Web\/?p=6691"},"modified":"2013-07-12T14:58:42","modified_gmt":"2013-07-12T14:58:42","slug":"peugeot-engelleri-kaldiriyor","status":"publish","type":"post","link":"https:\/\/www.digitalcarmagazine.com.tr\/Web\/peugeot-engelleri-kaldiriyor\/","title":{"rendered":"Peugeot &#8216;Engelleri kald\u0131r\u0131yor!&#8217;"},"content":{"rendered":"<h3 style=\"text-align: left;\" align=\"center\">Peugeot T\u00fcrkiye, s\u00fcrd\u00fcr\u00fclebilir kalk\u0131nmaya verdi\u011fi \u00f6nem do\u011frultusunda, uzun s\u00fcredir \u00fczerinde \u00e7al\u0131\u015ft\u0131\u011f\u0131, T\u00fcrkiye i\u00e7in \u00f6nemli bir kurumsal sosyal sorumluluk \u00e7al\u0131\u015fmas\u0131 olan &#8220;Peugeot ile Engelsiz Ya\u015fam&#8221; projesini hayata ge\u00e7irdi. Aile ve Sosyal Politikalar Bakanl\u0131\u011f\u0131\u2019n\u0131n destekledi\u011fi projenin di\u011fer payda\u015flar\u0131, UNDP-Birle\u015fmi\u015f Milletler Kalk\u0131nma Program\u0131 ve AYDER Alternatif Ya\u015fam Derne\u011fi.<\/h3>\n<p style=\"text-align: left;\"><a href=\"https:\/\/www.digitalcarmagazine.com.tr\/Web\/?attachment_id=6692\" rel=\"attachment wp-att-6692\"><img loading=\"lazy\" class=\"alignleft size-medium wp-image-6692\" title=\"Peugeot_Kurumiciegitim_01\" src=\"https:\/\/www.digitalcarmagazine.com.tr\/Web\/wp-content\/uploads\/Peugeot_Kurumiciegitim_01-300x100.jpg\" alt=\"\" width=\"300\" height=\"100\" srcset=\"https:\/\/www.digitalcarmagazine.com.tr\/Web\/wp-content\/uploads\/Peugeot_Kurumiciegitim_01-300x100.jpg 300w, https:\/\/www.digitalcarmagazine.com.tr\/Web\/wp-content\/uploads\/Peugeot_Kurumiciegitim_01.jpg 851w\" sizes=\"(max-width: 300px) 100vw, 300px\" \/><\/a><a href=\"https:\/\/www.digitalcarmagazine.com.tr\/Web\/?attachment_id=6693\" rel=\"attachment wp-att-6693\"><img loading=\"lazy\" class=\"alignleft size-medium wp-image-6693\" title=\"Peugeot_DuslerMutfagiZiyareti_02\" src=\"https:\/\/www.digitalcarmagazine.com.tr\/Web\/wp-content\/uploads\/Peugeot_DuslerMutfagiZiyareti_02-300x168.jpg\" alt=\"\" width=\"300\" height=\"168\" srcset=\"https:\/\/www.digitalcarmagazine.com.tr\/Web\/wp-content\/uploads\/Peugeot_DuslerMutfagiZiyareti_02-300x168.jpg 300w, https:\/\/www.digitalcarmagazine.com.tr\/Web\/wp-content\/uploads\/Peugeot_DuslerMutfagiZiyareti_02-1024x576.jpg 1024w, https:\/\/www.digitalcarmagazine.com.tr\/Web\/wp-content\/uploads\/Peugeot_DuslerMutfagiZiyareti_02.jpg 1843w\" sizes=\"(max-width: 300px) 100vw, 300px\" \/><\/a>T.C Aile ve Sosyal Politikalar Bakanl\u0131\u011f\u0131 Bakanl\u0131k M\u00fc\u015faviri Kenan \u00d6NALAN, UNDP\u00a0 Birle\u015fmi\u015f Milletler Kalk\u0131nma Program\u0131 Uluslararas\u0131 \u00d6zel Sekt\u00f6r ve Kalk\u0131nma Merkezi Direkt\u00f6r Yard\u0131mc\u0131s\u0131 Hans\u0131n DO\u011eAN, AYDER &#8211; Alternatif Ya\u015fam Derne\u011fi Kurucusu ve Ba\u015fkan\u0131 Ercan TUTAL ve Peugeot Otomotiv Pazarlama A.\u015e. Genel M\u00fcd\u00fcr\u00fc Marc BERGERETTI&#8217;nin kat\u0131l\u0131m\u0131yla, 8 Temmuz Pazartesi g\u00fcn\u00fc Sheraton Otel\u2019de ger\u00e7ekle\u015ftirilen bas\u0131n toplant\u0131s\u0131nda projeyle ilgili detayl\u0131 bilgiler verildi.<\/p>\n<p style=\"text-align: left;\">Peugeot T\u00fcrkiye Genel M\u00fcd\u00fcr\u00fc Marc BERGERETTI; &#8220;Engelli bireylerin, toplumun geneliyle ayn\u0131 ya\u015fam alanlar\u0131n\u0131 payla\u015fmas\u0131n\u0131 sa\u011flamak ve kendilerine ula\u015f\u0131labilirlik sunmak hepimizin g\u00f6revi&#8221;<\/p>\n<p style=\"text-align: left;\">Peugeot\u2019nun s\u00fcrd\u00fcr\u00fclebilir kalk\u0131nmaya \u00e7ok \u00f6nem verdi\u011fini belirterek s\u00f6ze ba\u015flayan Marc BERGERETTI, ger\u00e7ekle\u015ftirdikleri bu proje ile engellilere y\u00f6nelik konular\u0131n y\u00f6netimin i\u015f modellerinde yer almas\u0131n\u0131; y\u00f6netim, \u00e7al\u0131\u015fanlar, bayiler ve t\u00fcm payda\u015flar\u0131 taraf\u0131ndan benimsenmesini ve uygulanmas\u0131n\u0131 sa\u011flamay\u0131 hedeflediklerini belirtti. BERGERETTI s\u00f6zlerine \u015f\u00f6yle devam etti; &#8220;Birle\u015fmi\u015f Milletler taraf\u0131ndan grupland\u0131r\u0131lan, g\u00f6rme, i\u015fitme, bedensel ve zihinsel \/ kronik engelli bireylerin, toplumun geneliyle ayn\u0131 ya\u015fam alanlar\u0131n\u0131 payla\u015fmas\u0131 i\u00e7in hepimiz \u00e7al\u0131\u015fmal\u0131y\u0131z. B\u00fcy\u00fck bir heyecanla ba\u015flad\u0131\u011f\u0131m\u0131z projemizde, ilk olarak \u00fc\u00e7 a\u015famada ilerlemeyi hedefledik. \u00d6ncelikle kendi \u00e7al\u0131\u015fanlar\u0131m\u0131zdan ba\u015flayarak engellili\u011fi hissetme, onlara sayg\u0131l\u0131 olma, sorumlu davran\u0131\u015f i\u00e7erisinde olma ve onlarla do\u011fru ileti\u015fim kurabilmek amac\u0131yla \u00e7e\u015fitli e\u011fitimler yap\u0131lmas\u0131na karar verdik. Daha sonra engelli bireylerle daha uyumlu bir hayat ge\u00e7irebilmek i\u00e7in engelli dostu Peugeot \u00e7al\u0131\u015fanlar\u0131 ve bayileri olu\u015fturmak i\u00e7in \u00e7al\u0131\u015fmalara ba\u015flad\u0131k. Di\u011fer yandan, engellilerin ara\u00e7 kullan\u0131mlar\u0131nda s\u00fcr\u00fcc\u00fc ve sistem g\u00fcvenli\u011fini art\u0131r\u0131c\u0131 \u00e7al\u0131\u015fmalar\u0131 ba\u015flatt\u0131k.\u201d<\/p>\n<p style=\"text-align: left;\"><a href=\"https:\/\/www.digitalcarmagazine.com.tr\/Web\/?attachment_id=6694\" rel=\"attachment wp-att-6694\"><img loading=\"lazy\" class=\"alignleft size-medium wp-image-6694\" title=\"Peugeot_DuslerMutfagiZiyareti_02\" src=\"https:\/\/www.digitalcarmagazine.com.tr\/Web\/wp-content\/uploads\/Peugeot_DuslerMutfagiZiyareti_021-300x168.jpg\" alt=\"\" width=\"300\" height=\"168\" srcset=\"https:\/\/www.digitalcarmagazine.com.tr\/Web\/wp-content\/uploads\/Peugeot_DuslerMutfagiZiyareti_021-300x168.jpg 300w, https:\/\/www.digitalcarmagazine.com.tr\/Web\/wp-content\/uploads\/Peugeot_DuslerMutfagiZiyareti_021-1024x576.jpg 1024w, https:\/\/www.digitalcarmagazine.com.tr\/Web\/wp-content\/uploads\/Peugeot_DuslerMutfagiZiyareti_021.jpg 1843w\" sizes=\"(max-width: 300px) 100vw, 300px\" \/><\/a><a href=\"https:\/\/www.digitalcarmagazine.com.tr\/Web\/?attachment_id=6695\" rel=\"attachment wp-att-6695\"><img loading=\"lazy\" class=\"alignleft size-medium wp-image-6695\" title=\"Peugeot_Engelsiz_Yasam_01\" src=\"https:\/\/www.digitalcarmagazine.com.tr\/Web\/wp-content\/uploads\/Peugeot_Engelsiz_Yasam_01-300x200.jpg\" alt=\"\" width=\"300\" height=\"200\" srcset=\"https:\/\/www.digitalcarmagazine.com.tr\/Web\/wp-content\/uploads\/Peugeot_Engelsiz_Yasam_01-300x200.jpg 300w, https:\/\/www.digitalcarmagazine.com.tr\/Web\/wp-content\/uploads\/Peugeot_Engelsiz_Yasam_01-1024x683.jpg 1024w, https:\/\/www.digitalcarmagazine.com.tr\/Web\/wp-content\/uploads\/Peugeot_Engelsiz_Yasam_01.jpg 1335w\" sizes=\"(max-width: 300px) 100vw, 300px\" \/><\/a>Marc Bergeretti, kendileri i\u00e7in \u00e7ok de\u011ferli olan Peugeot ile Engelsiz Ya\u015fam projesinde bir strateji dahilinde sa\u011flam ad\u0131mlarla ilerlediklerini ve bu alandaki farkl\u0131 \u00e7al\u0131\u015fmalarla \u00f6rnek olacak projenin, uzun y\u0131llar devam\u0131n\u0131 sa\u011flayacaklar\u0131n\u0131 da s\u00f6yledi.<\/p>\n<p style=\"text-align: left;\">T.C. Aile ve Sosyal Politikalar Bakanl\u0131\u011f\u0131 Engelli ve Ya\u015fl\u0131 Hizmetleri Genel M\u00fcd\u00fcrl\u00fc\u011f\u00fc Bakanl\u0131k M\u00fc\u015faviri Kenan \u00d6NALAN, projenin Bakanl\u0131k taraf\u0131ndan be\u011feniyle kar\u015f\u0131land\u0131\u011f\u0131n\u0131 ve desteklendi\u011fini belirterek &#8220;Toplumumuzun \u00f6nemli bir kesimini olu\u015fturan engellilerimiz, uzun y\u0131llardan beri yanl\u0131\u015f yakla\u015f\u0131mlarla toplumsal ya\u015famdan d\u0131\u015flanm\u0131\u015fken, son 10 y\u0131lda \u00fclkemizdeki engelli alg\u0131s\u0131nda b\u00fcy\u00fck de\u011fi\u015fmeler oldu. Ancak, biz Bakanl\u0131k olarak bunlar\u0131 yeterli g\u00f6rm\u00fcyor, daha da geli\u015ftirmek istiyoruz. Engelliler yaln\u0131zca belli g\u00fcnlerde belli yerlerde hat\u0131rlanmas\u0131 gereken de\u011fil, her an her yerde toplumun i\u00e7inde olmas\u0131 gereken ki\u015filer. Bu y\u00fczden, engellilik alan\u0131ndaki sorunlar ancak t\u00fcm taraflar\u0131n katk\u0131s\u0131 ve i\u015fbirli\u011fiyle \u00e7\u00f6z\u00fclebilecektir. Engelliler i\u00e7in bu kadar kapsaml\u0131 bir projeye ba\u015flad\u0131klar\u0131 i\u00e7in Peugeot\u2019yu tebrik ediyoruz. Bu \u00e7er\u00e7evede, engelli olanlar ile olmayanlar aras\u0131ndaki mesafeyi ortadan kald\u0131racak ve toplumsal dayan\u0131\u015fmaya katk\u0131da bulunacak t\u00fcm \u00e7al\u0131\u015fmalara destek verdi\u011fimizi bir kez daha belirtmek istiyoruz. Biz Bakanl\u0131k ve Genel M\u00fcd\u00fcrl\u00fck olarak engellilerin toplumsal ya\u015fam\u0131n her alan\u0131na dahil olmas\u0131 ve toplumla ayn\u0131 ya\u015fam alan\u0131n\u0131 payla\u015fmas\u0131 i\u00e7in \u00e7al\u0131\u015f\u0131yor, \u201c\u00f6nce insan\u201d ilkesi do\u011frultusunda \u201cEvrensel \u0130nsan Haklar\u0131\u201d yakla\u015f\u0131m\u0131 ile \u201cHak Eksenli\u201d bir bak\u0131\u015f a\u00e7\u0131s\u0131n\u0131n \u00fclkemizin her k\u00f6\u015fesinde yay\u0131lmas\u0131n\u0131 sa\u011flamak istiyoruz. \u00a0Temel gayemiz her zaman engelli engelsiz t\u00fcm toplumun hep birlikte uyum i\u00e7erisinde b\u00fct\u00fcnle\u015fmesi ve her bir bireyin kar\u015f\u0131l\u0131kl\u0131 sayg\u0131 ve sevgi ortam\u0131nda birbirlerini anlayarak ya\u015fayabildi\u011fi bir T\u00fcrkiye\u2019nin ye\u015fertilmesidir. Bu projenin de Bakanl\u0131\u011f\u0131m\u0131z\u0131n toplumumuzda var olmas\u0131n\u0131 diledi\u011fi engelli alg\u0131s\u0131na ve engellilik politikas\u0131na b\u00fcy\u00fck katk\u0131 sa\u011flayaca\u011f\u0131na inan\u0131yoruz&#8221; dedi.<\/p>\n<p style=\"text-align: left;\"><a href=\"https:\/\/www.digitalcarmagazine.com.tr\/Web\/?attachment_id=6696\" rel=\"attachment wp-att-6696\"><img loading=\"lazy\" class=\"alignleft size-medium wp-image-6696\" title=\"Peugeot_Engelsiz_Yasam_03\" src=\"https:\/\/www.digitalcarmagazine.com.tr\/Web\/wp-content\/uploads\/Peugeot_Engelsiz_Yasam_03-300x200.jpg\" alt=\"\" width=\"300\" height=\"200\" srcset=\"https:\/\/www.digitalcarmagazine.com.tr\/Web\/wp-content\/uploads\/Peugeot_Engelsiz_Yasam_03-300x200.jpg 300w, https:\/\/www.digitalcarmagazine.com.tr\/Web\/wp-content\/uploads\/Peugeot_Engelsiz_Yasam_03-1024x682.jpg 1024w, https:\/\/www.digitalcarmagazine.com.tr\/Web\/wp-content\/uploads\/Peugeot_Engelsiz_Yasam_03.jpg 1656w\" sizes=\"(max-width: 300px) 100vw, 300px\" \/><\/a>UNDP &#8211; Birle\u015fmi\u015f Milletler Kalk\u0131nma Program\u0131 Uluslararas\u0131 \u00d6zel Sekt\u00f6r ve Kalk\u0131nma Merkezi Direkt\u00f6r Yard\u0131mc\u0131s\u0131 Hans\u0131n DO\u011eAN, Birle\u015fmi\u015f Milletler engelli ki\u015filerin haklar\u0131na dair s\u00f6zle\u015fme&#8217;nin 13 Aral\u0131k 2006 tarihinde BM Genel Kurulu&#8217;nda oylamas\u0131z kabul edildi\u011fini belirterek, aralar\u0131nda T\u00fcrkiye&#8217;nin de bulundu\u011fu 53 \u00fclkenin s\u00f6zle\u015fmeyi imzalamas\u0131yla 3 May\u0131s 2008&#8217;de y\u00fcr\u00fcrl\u00fc\u011fe girdi\u011fini s\u00f6yledi. Hans\u0131n Do\u011fan; &#8220;Peugeot ile Engelsiz Ya\u015fam projesi engellilerin sosyal, ekonomik ve k\u00fclt\u00fcrel ya\u015fama e\u015fit birer birey olarak kat\u0131lmalar\u0131n\u0131 sa\u011flama y\u00f6n\u00fcnde somut bir ad\u0131md\u0131r. Her kurumun benzer sorumluluklar i\u00e7inde hareket etmesi gerekti\u011fi inanc\u0131yla, Peugeot ile ba\u015flad\u0131\u011f\u0131m\u0131z projenin ba\u015fka kurumlara \u00f6rnek olmas\u0131n\u0131 diliyoruz&#8221; dedi.<\/p>\n<p style=\"text-align: left;\">AYDER &#8211; Alternatif Ya\u015fam Derne\u011fi Kurucusu ve Ba\u015fkan\u0131 Ercan TUTAL, &#8220;14 y\u0131ld\u0131r engelli bireylerin toplumsal hayata tam ve e\u015fit kat\u0131l\u0131m\u0131 i\u00e7in yenilik\u00e7i, s\u00fcrd\u00fcr\u00fclebilir ve alternatif projeler \u00fcreten Alternatif Ya\u015fam Derne\u011fi olarak, Peugeot ile Engelsiz Ya\u015fam projesinde de Peugeot ve UNDP ortakl\u0131\u011f\u0131 ile pek \u00e7ok ilke imza ataca\u011f\u0131m\u0131zdan hi\u00e7 \u015f\u00fcphem yoktur&#8221; a\u00e7\u0131klamas\u0131nda bulundu.<\/p>\n<h4 style=\"text-align: left;\"><span style=\"color: #ff0000;\">G\u00f6n\u00fclden G\u00f6n\u00fcll\u00fcy\u00fcm<\/span><\/h4>\n<p style=\"text-align: left;\">T\u00fcrkiye&#8217;de uzun y\u0131llard\u0131r hizmet veren otomobil markalar\u0131ndan biri olan Peugeot\u2019nun s\u00fcrd\u00fcr\u00fclebilir kalk\u0131nmaya y\u00f6nelik olarak haz\u0131rlad\u0131\u011f\u0131 kurumsal sosyal sorumluluk projesinde ilk a\u015fama, &#8220;G\u00f6n\u00fclden G\u00f6n\u00fcll\u00fcy\u00fcm&#8221;\u00a0 e\u011fitimleri ile ba\u015flad\u0131. Peugeot&#8217;nun kurum i\u00e7indeki \u00e7al\u0131\u015fanlar\u0131, engellili\u011fe do\u011fru yakla\u015f\u0131m konusunda e\u011fitimden ge\u00e7ti. &#8220;G\u00f6n\u00fclden G\u00f6n\u00fcll\u00fcy\u00fcm&#8221; e\u011fitimlerine kat\u0131lan Peugeot \u00e7al\u0131\u015fanlar\u0131, &#8216;Engellili\u011fe do\u011fru yakla\u015f\u0131m&#8217; hakk\u0131nda T.C Aile ve Sosyal Politikalar Bakanl\u0131\u011f\u0131 ve AYDER &#8211; Alternatif Ya\u015fam Derne\u011fi&#8217;nin e\u011fitimleri ile bilin\u00e7lendirildi. Ayr\u0131ca, sim\u00fclasyon \u00e7al\u0131\u015fmalar\u0131 ile engelli bireylerin nas\u0131l bir hayat ya\u015fad\u0131\u011f\u0131n\u0131, neler hissettiklerini ya\u015fayarak \u00f6\u011frendiler.<\/p>\n<p style=\"text-align: left;\">Peugeot, t\u00fcm bayi te\u015fkilat\u0131 \u00fcst d\u00fczey yetkililerinin de &#8216;Engellili\u011fe do\u011fru yakla\u015f\u0131m&#8217; e\u011fitimi almalar\u0131n\u0131 sa\u011flad\u0131. G\u00fcn i\u00e7erisinde kendilerine farkl\u0131 sim\u00fclasyonlar ger\u00e7ekle\u015ftirildi. T\u00fcm bayi \u00e7al\u0131\u015fanlar\u0131 da s\u00fcre\u00e7 dahilinde bu e\u011fitimlerden ge\u00e7irilecek. B\u00f6ylece 2000\u2019den fazla Peugeot \u00e7al\u0131\u015fan\u0131 bu e\u011fitimlerden ge\u00e7mi\u015f olacak. Ayr\u0131ca, t\u00fcm Peugeot Yetkili Bayileri\u2019nin engelli ula\u015f\u0131m\u0131na uyumlulu\u011fu ile ilgili \u00e7al\u0131\u015fmalara da ba\u015fland\u0131. Bu s\u00fcre\u00e7 sonunda Peugeot bayilerini ziyaret edecek olan engelli bireyler hem ula\u015f\u0131m hem de ileti\u015fim konusunda en \u00fcst seviyede ilgi ile kar\u015f\u0131lanacaklar.<\/p>\n<p style=\"text-align: left;\"><span style=\"color: #ff0000;\">Hayat beraber olunca anlaml\u0131<\/span><\/p>\n<p style=\"text-align: left;\">2013 y\u0131l\u0131nda e\u011fitim ve uyum s\u00fcrecine a\u011f\u0131rl\u0131k veren Peugeot, projenin bir di\u011fer aya\u011f\u0131 olarak farkl\u0131 spor organizasyonlar\u0131 arac\u0131l\u0131\u011f\u0131yla engelleri a\u015fmak y\u00f6n\u00fcnde ad\u0131mlar at\u0131yor. \u0130lk olarak Peugeot, proje dahilinde, T\u00fcrkiye Milli Olimpiyatlar Komitesi taraf\u0131ndan d\u00fczenlenen 25. Bo\u011fazi\u00e7i K\u0131talararas\u0131 Yar\u0131\u015flar\u0131&#8217;nda engelli y\u00fcz\u00fcc\u00fcler kategorisinin destek\u00e7isi oldu. Peugeot \u00e7al\u0131\u015fanlar\u0131ndan olu\u015fan g\u00f6n\u00fcll\u00fc grubu, 18 engelli sporcu ve refakat\u00e7ilerinin ula\u015f\u0131mlar\u0131 dahil g\u00fcn boyu t\u00fcm ihtiya\u00e7lar\u0131n\u0131 kar\u015f\u0131lad\u0131. Kula\u00e7larla iki k\u0131tay\u0131 birbirine ba\u011flama ba\u015far\u0131s\u0131n\u0131 elde eden ve yar\u0131\u015f sonunda dereceye giren engelli sporcular\u0131n \u00f6d\u00fcl\u00fcn\u00fc de Peugeot yetkilileri takdim etti.<\/p>\n<p style=\"text-align: left;\">Peugeot ile Engelsiz Ya\u015fam Projesi, s\u00fcrd\u00fcr\u00fclebilir kalk\u0131nmay\u0131 hedef alarak, \u00f6n\u00fcm\u00fczdeki d\u00f6nem i\u00e7erisinde engelleri kald\u0131rarak farkl\u0131 aktiviteler ile devam edecek.<\/p>\n","protected":false},"excerpt":{"rendered":"<p>Peugeot T\u00fcrkiye, s\u00fcrd\u00fcr\u00fclebilir kalk\u0131nmaya verdi\u011fi \u00f6nem do\u011frultusunda, uzun s\u00fcredir \u00fczerinde \u00e7al\u0131\u015ft\u0131\u011f\u0131, T\u00fcrkiye i\u00e7in \u00f6nemli bir kurumsal sosyal sorumluluk \u00e7al\u0131\u015fmas\u0131 olan &#8220;Peugeot ile Engelsiz Ya\u015fam&#8221; projesini hayata ge\u00e7irdi. Aile ve Sosyal Politikalar Bakanl\u0131\u011f\u0131\u2019n\u0131n destekledi\u011fi projenin di\u011fer payda\u015flar\u0131, UNDP-Birle\u015fmi\u015f Milletler Kalk\u0131nma Program\u0131 ve AYDER Alternatif Ya\u015fam Derne\u011fi. T.C Aile ve Sosyal Politikalar Bakanl\u0131\u011f\u0131 Bakanl\u0131k M\u00fc\u015faviri Kenan \u00d6NALAN, [&hellip;]<\/p>\n","protected":false},"author":1,"featured_media":0,"comment_status":"open","ping_status":"open","sticky":false,"template":"","format":"standard","meta":[],"categories":[1],"tags":[],"_links":{"self":[{"href":"https:\/\/www.digitalcarmagazine.com.tr\/Web\/wp-json\/wp\/v2\/posts\/6691"}],"collection":[{"href":"https:\/\/www.digitalcarmagazine.com.tr\/Web\/wp-json\/wp\/v2\/posts"}],"about":[{"href":"https:\/\/www.digitalcarmagazine.com.tr\/Web\/wp-json\/wp\/v2\/types\/post"}],"author":[{"embeddable":true,"href":"https:\/\/www.digitalcarmagazine.com.tr\/Web\/wp-json\/wp\/v2\/users\/1"}],"replies":[{"embeddable":true,"href":"https:\/\/www.digitalcarmagazine.com.tr\/Web\/wp-json\/wp\/v2\/comments?post=6691"}],"version-history":[{"count":2,"href":"https:\/\/www.digitalcarmagazine.com.tr\/Web\/wp-json\/wp\/v2\/posts\/6691\/revisions"}],"predecessor-version":[{"id":6698,"href":"https:\/\/www.digitalcarmagazine.com.tr\/Web\/wp-json\/wp\/v2\/posts\/6691\/revisions\/6698"}],"wp:attachment":[{"href":"https:\/\/www.digitalcarmagazine.com.tr\/Web\/wp-json\/wp\/v2\/media?parent=6691"}],"wp:term":[{"taxonomy":"category","embeddable":true,"href":"https:\/\/www.digitalcarmagazine.com.tr\/Web\/wp-json\/wp\/v2\/categories?post=6691"},{"taxonomy":"post_tag","embeddable":true,"href":"https:\/\/www.digitalcarmagazine.com.tr\/Web\/wp-json\/wp\/v2\/tags?post=6691"}],"curies":[{"name":"wp","href":"https:\/\/api.w.org\/{rel}","templated":true}]}}