{"id":6647,"date":"2013-06-28T09:09:13","date_gmt":"2013-06-28T09:09:13","guid":{"rendered":"http:\/\/www.digitalcarmagazine.com.tr\/Web\/?p=6647"},"modified":"2013-06-28T09:09:13","modified_gmt":"2013-06-28T09:09:13","slug":"chevroletde-koltuk-degisikligi","status":"publish","type":"post","link":"https:\/\/www.digitalcarmagazine.com.tr\/Web\/chevroletde-koltuk-degisikligi\/","title":{"rendered":"Chevrolet&#8217;de koltuk de\u011fi\u015fikli\u011fi!"},"content":{"rendered":"<h3 style=\"text-align: left;\" align=\"center\">Dr. Thomas Sedran (48) 1 Temmuz 2013\u2019ten itibaren ge\u00e7erli olmak \u00fczere Chevrolet Avrupa\u2019n\u0131n Ba\u015fkan\u0131 ve Genel M\u00fcd\u00fcr\u00fc olarak atand\u0131.\u00a0Sedran, 1 Nisan 2012\u2019den bu yana Opel\/Vauxhall\u2019da Operasyonlar, \u0130\u015f Geli\u015ftirme ve Kurumsal Stratejiden sorumlu \u0130dare Kurulu \u00fcyeli\u011fini y\u00fcr\u00fct\u00fcyordu.<\/h3>\n<p style=\"text-align: left;\"><a href=\"https:\/\/www.digitalcarmagazine.com.tr\/Web\/?attachment_id=6648\" rel=\"attachment wp-att-6648\"><img loading=\"lazy\" class=\"alignleft size-medium wp-image-6648\" title=\"Dr. Thomas Sedran\" src=\"https:\/\/www.digitalcarmagazine.com.tr\/Web\/wp-content\/uploads\/Sedran-Thomas-211x300.jpg\" alt=\"\" width=\"211\" height=\"300\" srcset=\"https:\/\/www.digitalcarmagazine.com.tr\/Web\/wp-content\/uploads\/Sedran-Thomas-211x300.jpg 211w, https:\/\/www.digitalcarmagazine.com.tr\/Web\/wp-content\/uploads\/Sedran-Thomas.jpg 496w\" sizes=\"(max-width: 211px) 100vw, 211px\" \/><\/a>Yeni atamayla ilgili a\u00e7\u0131klama yapan GM\u2019in Global \u00dcretimden Sorumlu Ba\u015fkan Yard\u0131mc\u0131s\u0131 ve Uluslararas\u0131 Operasyonlardan Sorumlu Ba\u015fkan\u0131 Tim Lee, &#8220;Otomotiv sekt\u00f6r\u00fcnde 20 y\u0131l\u0131 a\u015fk\u0131n tecr\u00fcbesiyle, Dr. Thomas Sedran Chevrolet ve Cadillac\u2019\u0131n Avrupa\u2019daki ba\u015far\u0131s\u0131n\u0131 s\u00fcrd\u00fcrmesi i\u00e7in faaliyetlerimizi ve uzun d\u00f6nemli stratejimizi y\u00f6nlendirmede kilit rol oynayacak. Kendisine Opel\/Vauxhall\u2019deki ba\u015far\u0131l\u0131 \u00e7al\u0131\u015fmalar\u0131ndan ve Chevrolet ve Cadillac\u2019\u0131n Avrupa\u2019daki operasyonlar\u0131n\u0131 y\u00f6netecek olmas\u0131ndan dolay\u0131 te\u015fekk\u00fcr ediyoruz&#8221; dedi.<\/p>\n<p style=\"text-align: left;\">Dr. Thomas Sedran da yeni g\u00f6reviyle ilgili olarak, &#8220;GM\u2019in global iki dev markas\u0131 Chevrolet ve Cadillac\u2019\u0131 Avrupa\u2019da y\u00f6netecek olmaktan dolay\u0131 heyecan duyuyorum. Chevrolet ge\u00e7ti\u011fimiz \u00fc\u00e7 y\u0131lda 15 yeni ve yenilenmi\u015f modeli pazara sundu. Yak\u0131n zaman \u00f6nce pazara sundu\u011fu Trax ve \u00e7ok yak\u0131nda pazara sunulacak olan Corvette Stingray ile Chevrolet, sekt\u00f6rde en yeni portf\u00f6ylerden birine sahip olmu\u015f olacak. Cadillac, ATS\u2019in bize yeni m\u00fc\u015fteri kazand\u0131rma f\u0131rsat\u0131 sunmas\u0131 sayesinde yeni segmentlere de girecek\u201d dedi.<\/p>\n<p style=\"text-align: left;\">Sedran bu g\u00f6revi 27 y\u0131l General Motors\u2019da \u00e7al\u0131\u015ft\u0131ktan sonra, ailesiyle daha fazla zaman ge\u00e7irmek i\u00e7in kendi iste\u011fiyle emekliye ayr\u0131lacak olan Susan Docherty\u2019den devralacak.<\/p>\n<p style=\"text-align: left;\"><span class=\"Apple-style-span\" style=\"color: #ff0000; font-weight: bold;\">Dr. Thomas Sedran Kimdir?<\/span><\/p>\n<p style=\"text-align: left;\">Dr. Thomas Sedran 1 Nisan 2012\u2019de Adam Opel AG\u2019nin \u0130dare Kurulu \u00fcyeli\u011fine getirildi. Bu g\u00f6revinde\u00a0Operasyonlar, \u0130\u015f Geli\u015ftirme ve Kurumsal Stratejiden sorumluydu.\u00a0Sedran \u015firketin Avrupa ve di\u011fer b\u00f6lgelerdeki uzun vadeli b\u00fcy\u00fcmesine y\u00f6nelik i\u015f stratejileri geli\u015ftirmek ve uygulamaktan sorumluydu.\u00a0Sedran Opel\u2019de \u00e7al\u0131\u015fmaya ba\u015flamadan \u00f6nce alt\u0131 y\u0131l boyunca merkezi Almanya\u2019n\u0131n M\u00fcnih \u015fehrinde bulunan global y\u00f6netim dan\u0131\u015fmanl\u0131\u011f\u0131 \u015firketi AlixPartners\u2019da otomotiv sekt\u00f6r\u00fcnden sorumluydu. Bu g\u00f6revi s\u0131ras\u0131nda Opel\/Vauxhall ile yak\u0131ndan \u00e7al\u0131\u015fma f\u0131rsat\u0131 buldu.\u00a013 A\u011fustos 1964\u2019te Almanya\u2019n\u0131n Augsburg \u015fehrinde do\u011fan Sedran, kariyerinin b\u00fcy\u00fck k\u0131sm\u0131n\u0131 y\u00f6netim dan\u0131\u015fmanl\u0131\u011f\u0131 yaparak ge\u00e7irdi. AlixPartners\u2019dan \u00f6nce Roland Berger Strateji Dan\u0131\u015fmanl\u0131\u011f\u0131 \u015firketinde Global Otomotiv Merkezi\u2019nden sorumlu olarak \u00e7al\u0131\u015ft\u0131.<\/p>\n<p style=\"text-align: left;\"><a name=\"0.1__GoBack\"><\/a><\/p>\n<p style=\"text-align: left;\">Almanya\u2019daki Hohenheim \u00dcniversitesi\u2019nde i\u015fletme master\u2019\u0131 yapan Sedran, M\u00fcnih\u2019teki Ludwig Maximillian \u00dcniversitesi\u2019nde de doktora e\u011fitimini tamamlad\u0131.<\/p>\n","protected":false},"excerpt":{"rendered":"<p>Dr. Thomas Sedran (48) 1 Temmuz 2013\u2019ten itibaren ge\u00e7erli olmak \u00fczere Chevrolet Avrupa\u2019n\u0131n Ba\u015fkan\u0131 ve Genel M\u00fcd\u00fcr\u00fc olarak atand\u0131.\u00a0Sedran, 1 Nisan 2012\u2019den bu yana Opel\/Vauxhall\u2019da Operasyonlar, \u0130\u015f Geli\u015ftirme ve Kurumsal Stratejiden sorumlu \u0130dare Kurulu \u00fcyeli\u011fini y\u00fcr\u00fct\u00fcyordu. Yeni atamayla ilgili a\u00e7\u0131klama yapan GM\u2019in Global \u00dcretimden Sorumlu Ba\u015fkan Yard\u0131mc\u0131s\u0131 ve Uluslararas\u0131 Operasyonlardan Sorumlu Ba\u015fkan\u0131 Tim Lee, &#8220;Otomotiv [&hellip;]<\/p>\n","protected":false},"author":1,"featured_media":0,"comment_status":"open","ping_status":"open","sticky":false,"template":"","format":"standard","meta":[],"categories":[1],"tags":[],"_links":{"self":[{"href":"https:\/\/www.digitalcarmagazine.com.tr\/Web\/wp-json\/wp\/v2\/posts\/6647"}],"collection":[{"href":"https:\/\/www.digitalcarmagazine.com.tr\/Web\/wp-json\/wp\/v2\/posts"}],"about":[{"href":"https:\/\/www.digitalcarmagazine.com.tr\/Web\/wp-json\/wp\/v2\/types\/post"}],"author":[{"embeddable":true,"href":"https:\/\/www.digitalcarmagazine.com.tr\/Web\/wp-json\/wp\/v2\/users\/1"}],"replies":[{"embeddable":true,"href":"https:\/\/www.digitalcarmagazine.com.tr\/Web\/wp-json\/wp\/v2\/comments?post=6647"}],"version-history":[{"count":2,"href":"https:\/\/www.digitalcarmagazine.com.tr\/Web\/wp-json\/wp\/v2\/posts\/6647\/revisions"}],"predecessor-version":[{"id":6650,"href":"https:\/\/www.digitalcarmagazine.com.tr\/Web\/wp-json\/wp\/v2\/posts\/6647\/revisions\/6650"}],"wp:attachment":[{"href":"https:\/\/www.digitalcarmagazine.com.tr\/Web\/wp-json\/wp\/v2\/media?parent=6647"}],"wp:term":[{"taxonomy":"category","embeddable":true,"href":"https:\/\/www.digitalcarmagazine.com.tr\/Web\/wp-json\/wp\/v2\/categories?post=6647"},{"taxonomy":"post_tag","embeddable":true,"href":"https:\/\/www.digitalcarmagazine.com.tr\/Web\/wp-json\/wp\/v2\/tags?post=6647"}],"curies":[{"name":"wp","href":"https:\/\/api.w.org\/{rel}","templated":true}]}}