{"id":6630,"date":"2013-06-28T09:03:17","date_gmt":"2013-06-28T09:03:17","guid":{"rendered":"http:\/\/www.digitalcarmagazine.com.tr\/Web\/?p=6630"},"modified":"2013-07-16T11:01:44","modified_gmt":"2013-07-16T11:01:44","slug":"yeni-mazda3%e2%80%99un-dunya-promiyeri-istanbul%e2%80%99da-yapildi","status":"publish","type":"post","link":"https:\/\/www.digitalcarmagazine.com.tr\/Web\/yeni-mazda3%e2%80%99un-dunya-promiyeri-istanbul%e2%80%99da-yapildi\/","title":{"rendered":"Yeni Mazda3\u2019\u00fcn D\u00fcnya Pr\u00f6miyeri \u0130stanbul\u2019da yap\u0131ld\u0131&#8230;"},"content":{"rendered":"<h3>Mazda, SKYACTIV Teknolojileriyle donat\u0131lm\u0131\u015f Yeni Mazda3\u2019\u00fc \u00a0\u0130stanbul\u2019da g\u00fcn y\u00fcz\u00fcne \u00e7\u0131kard\u0131. D\u00fcnyan\u0131n be\u015f ayr\u0131 noktas\u0131nda e\u015f zamanl\u0131 olarak ger\u00e7ekle\u015ftirilen organizasyon i\u00e7in se\u00e7ilen \u00fc\u00e7 Avrupa \u015fehrinden birisi canl\u0131 karakteri sebebiyle \u0130stanbul oldu. Mazda\u2019n\u0131n lokomotif modelinin yeni neslinin tan\u0131t\u0131m\u0131 i\u00e7in New York ve Melbourne\u2019un yan\u0131s\u0131ra Londra ve St. Petersburg\u2019da da etkinlikler yap\u0131ld\u0131.<\/h3>\n<p><a href=\"https:\/\/www.digitalcarmagazine.com.tr\/Web\/?attachment_id=6631\" rel=\"attachment wp-att-6631\"><img loading=\"lazy\" class=\"alignleft size-medium wp-image-6631\" title=\"Mazda3_Hatchback_2013_action_01__jpg72\" src=\"https:\/\/www.digitalcarmagazine.com.tr\/Web\/wp-content\/uploads\/Mazda3_Hatchback_2013_action_01__jpg72-300x200.jpg\" alt=\"\" width=\"300\" height=\"200\" srcset=\"https:\/\/www.digitalcarmagazine.com.tr\/Web\/wp-content\/uploads\/Mazda3_Hatchback_2013_action_01__jpg72-300x200.jpg 300w, https:\/\/www.digitalcarmagazine.com.tr\/Web\/wp-content\/uploads\/Mazda3_Hatchback_2013_action_01__jpg72-1024x683.jpg 1024w, https:\/\/www.digitalcarmagazine.com.tr\/Web\/wp-content\/uploads\/Mazda3_Hatchback_2013_action_01__jpg72.jpg 1280w\" sizes=\"(max-width: 300px) 100vw, 300px\" \/><\/a><a href=\"https:\/\/www.digitalcarmagazine.com.tr\/Web\/?attachment_id=6632\" rel=\"attachment wp-att-6632\"><img loading=\"lazy\" class=\"alignleft size-medium wp-image-6632\" title=\"Mazda3_Hatchback_2013_action_05__jpg72\" src=\"https:\/\/www.digitalcarmagazine.com.tr\/Web\/wp-content\/uploads\/Mazda3_Hatchback_2013_action_05__jpg72-300x205.jpg\" alt=\"\" width=\"300\" height=\"205\" srcset=\"https:\/\/www.digitalcarmagazine.com.tr\/Web\/wp-content\/uploads\/Mazda3_Hatchback_2013_action_05__jpg72-300x205.jpg 300w, https:\/\/www.digitalcarmagazine.com.tr\/Web\/wp-content\/uploads\/Mazda3_Hatchback_2013_action_05__jpg72-1024x700.jpg 1024w, https:\/\/www.digitalcarmagazine.com.tr\/Web\/wp-content\/uploads\/Mazda3_Hatchback_2013_action_05__jpg72.jpg 1280w\" sizes=\"(max-width: 300px) 100vw, 300px\" \/><\/a>T\u00fcm zamanlar\u0131n en \u00e7ok satan Mazda modeli;\u00a0 \u201cKODO \u2013 Hareketin Ruhu\u201d tasar\u0131m\u0131 ve al\u0131\u015f\u0131lm\u0131\u015fa meydan okuyan SKYACTIV Teknolojileri ile donat\u0131lm\u0131\u015f Yeni Mazda3 hatchback modelinin tan\u0131t\u0131m\u0131 Sait Halim Pa\u015fa Yal\u0131s\u0131\u2019nda ger\u00e7ekle\u015ftirildi. Di\u011fer \u015fehirlerle e\u015f zamanl\u0131 planlanan \u0130stanbul\u2019daki organizasyonda Mazda Motor Avrupa y\u00f6neticileri de haz\u0131r bulundu.<\/p>\n<p><a href=\"https:\/\/www.digitalcarmagazine.com.tr\/Web\/?attachment_id=6633\" rel=\"attachment wp-att-6633\"><img loading=\"lazy\" class=\"alignleft size-medium wp-image-6633\" title=\"Mazda3_Hatchback_2013_action_02__jpg72\" src=\"https:\/\/www.digitalcarmagazine.com.tr\/Web\/wp-content\/uploads\/Mazda3_Hatchback_2013_action_02__jpg72-300x168.jpg\" alt=\"\" width=\"300\" height=\"168\" srcset=\"https:\/\/www.digitalcarmagazine.com.tr\/Web\/wp-content\/uploads\/Mazda3_Hatchback_2013_action_02__jpg72-300x168.jpg 300w, https:\/\/www.digitalcarmagazine.com.tr\/Web\/wp-content\/uploads\/Mazda3_Hatchback_2013_action_02__jpg72-1024x576.jpg 1024w, https:\/\/www.digitalcarmagazine.com.tr\/Web\/wp-content\/uploads\/Mazda3_Hatchback_2013_action_02__jpg72.jpg 1280w\" sizes=\"(max-width: 300px) 100vw, 300px\" \/><\/a><a href=\"https:\/\/www.digitalcarmagazine.com.tr\/Web\/?attachment_id=6634\" rel=\"attachment wp-att-6634\"><img loading=\"lazy\" class=\"alignleft size-medium wp-image-6634\" title=\"Mazda3_Hatchback_2013_action_03__jpg72\" src=\"https:\/\/www.digitalcarmagazine.com.tr\/Web\/wp-content\/uploads\/Mazda3_Hatchback_2013_action_03__jpg72-300x161.jpg\" alt=\"\" width=\"300\" height=\"161\" srcset=\"https:\/\/www.digitalcarmagazine.com.tr\/Web\/wp-content\/uploads\/Mazda3_Hatchback_2013_action_03__jpg72-300x161.jpg 300w, https:\/\/www.digitalcarmagazine.com.tr\/Web\/wp-content\/uploads\/Mazda3_Hatchback_2013_action_03__jpg72-1024x552.jpg 1024w, https:\/\/www.digitalcarmagazine.com.tr\/Web\/wp-content\/uploads\/Mazda3_Hatchback_2013_action_03__jpg72.jpg 1280w\" sizes=\"(max-width: 300px) 100vw, 300px\" \/><\/a>Mazda Motor Avrupa Lojistik ve M\u00fc\u015fteri Hizmetlerinden Sorumlu Ba\u015fkan Yard\u0131mc\u0131s\u0131 Jorgen Olesen: \u201cYeni kompakt modelimiz, ge\u00e7en 10 y\u0131lda, Mazda\u2019n\u0131n global sat\u0131\u015flar\u0131n\u0131n \u00fc\u00e7te birini olu\u015fturan 3.5 milyonluk sat\u0131\u015f adediyle \u015firket planlar\u0131m\u0131z\u0131n \u00f6nemli bir par\u00e7as\u0131n\u0131 olu\u015fturuyor. Teknoloji ve stratejinin bulu\u015ftu\u011fu Yeni Mazda3\u2019\u00fc bir kilometre ta\u015f\u0131 olarak g\u00f6r\u00fcyoruz ve bu pop\u00fcler modelimizin yeni neslini \u0130stanbul\u2019da tan\u0131tmaktan \u00f6t\u00fcr\u00fc ayr\u0131ca memnuniyet duyuyoruz\u201ddedi.<\/p>\n<p><a href=\"https:\/\/www.digitalcarmagazine.com.tr\/Web\/?attachment_id=6635\" rel=\"attachment wp-att-6635\"><img loading=\"lazy\" class=\"alignleft size-medium wp-image-6635\" title=\"Mazda3_Hatchback_2013_interior_02__jpg72\" src=\"https:\/\/www.digitalcarmagazine.com.tr\/Web\/wp-content\/uploads\/Mazda3_Hatchback_2013_interior_02__jpg72-300x212.jpg\" alt=\"\" width=\"300\" height=\"212\" srcset=\"https:\/\/www.digitalcarmagazine.com.tr\/Web\/wp-content\/uploads\/Mazda3_Hatchback_2013_interior_02__jpg72-300x212.jpg 300w, https:\/\/www.digitalcarmagazine.com.tr\/Web\/wp-content\/uploads\/Mazda3_Hatchback_2013_interior_02__jpg72-1024x724.jpg 1024w, https:\/\/www.digitalcarmagazine.com.tr\/Web\/wp-content\/uploads\/Mazda3_Hatchback_2013_interior_02__jpg72.jpg 1280w\" sizes=\"(max-width: 300px) 100vw, 300px\" \/><\/a><a href=\"https:\/\/www.digitalcarmagazine.com.tr\/Web\/?attachment_id=6636\" rel=\"attachment wp-att-6636\"><img loading=\"lazy\" class=\"alignleft size-medium wp-image-6636\" title=\"Mazda3_Hatchback_2013_interior_01__jpg72\" src=\"https:\/\/www.digitalcarmagazine.com.tr\/Web\/wp-content\/uploads\/Mazda3_Hatchback_2013_interior_01__jpg72-300x212.jpg\" alt=\"\" width=\"300\" height=\"212\" srcset=\"https:\/\/www.digitalcarmagazine.com.tr\/Web\/wp-content\/uploads\/Mazda3_Hatchback_2013_interior_01__jpg72-300x212.jpg 300w, https:\/\/www.digitalcarmagazine.com.tr\/Web\/wp-content\/uploads\/Mazda3_Hatchback_2013_interior_01__jpg72-1024x724.jpg 1024w, https:\/\/www.digitalcarmagazine.com.tr\/Web\/wp-content\/uploads\/Mazda3_Hatchback_2013_interior_01__jpg72.jpg 1280w\" sizes=\"(max-width: 300px) 100vw, 300px\" \/><\/a>Mazda T\u00fcrkiye Genel M\u00fcd\u00fcr\u00fc Nurkan Yurdakul ise konuya ili\u015fkin olarak \u201cYeni Mazda3\u2019\u00fcn D\u00fcnya Pr\u00f6miyeri i\u00e7in se\u00e7ilen \u015fehirlerden birinin \u0130stanbul olmas\u0131 bizi olduk\u00e7a sevindirdi. Yeni Mazda3\u2019\u00fcn sahip oldu\u011fu tasar\u0131m ve teknolojisi ile Mazda CX-5 ve Mazda6\u2019dan sonra Mazda\u2019n\u0131n yeni nesil ara\u00e7lar aras\u0131ndaki yerini almas\u0131 ise ayr\u0131ca heyecan duydu\u011fumuz bir nokta. Yeni Mazda3\u2019den beklentimiz \u00e7ok y\u00fcksek\u201d dedi.<\/p>\n<p><a href=\"https:\/\/www.digitalcarmagazine.com.tr\/Web\/?attachment_id=6637\" rel=\"attachment wp-att-6637\"><img loading=\"lazy\" class=\"alignleft size-medium wp-image-6637\" title=\"Mazda3_Hatchback_2013_detail_02__jpg72\" src=\"https:\/\/www.digitalcarmagazine.com.tr\/Web\/wp-content\/uploads\/Mazda3_Hatchback_2013_detail_02__jpg72-300x212.jpg\" alt=\"\" width=\"300\" height=\"212\" srcset=\"https:\/\/www.digitalcarmagazine.com.tr\/Web\/wp-content\/uploads\/Mazda3_Hatchback_2013_detail_02__jpg72-300x212.jpg 300w, https:\/\/www.digitalcarmagazine.com.tr\/Web\/wp-content\/uploads\/Mazda3_Hatchback_2013_detail_02__jpg72-1024x724.jpg 1024w, https:\/\/www.digitalcarmagazine.com.tr\/Web\/wp-content\/uploads\/Mazda3_Hatchback_2013_detail_02__jpg72.jpg 1280w\" sizes=\"(max-width: 300px) 100vw, 300px\" \/><\/a><a href=\"https:\/\/www.digitalcarmagazine.com.tr\/Web\/?attachment_id=6638\" rel=\"attachment wp-att-6638\"><img loading=\"lazy\" class=\"alignleft size-medium wp-image-6638\" title=\"Mazda3_Hatchback_2013_detail_03__jpg72\" src=\"https:\/\/www.digitalcarmagazine.com.tr\/Web\/wp-content\/uploads\/Mazda3_Hatchback_2013_detail_03__jpg72-300x212.jpg\" alt=\"\" width=\"300\" height=\"212\" srcset=\"https:\/\/www.digitalcarmagazine.com.tr\/Web\/wp-content\/uploads\/Mazda3_Hatchback_2013_detail_03__jpg72-300x212.jpg 300w, https:\/\/www.digitalcarmagazine.com.tr\/Web\/wp-content\/uploads\/Mazda3_Hatchback_2013_detail_03__jpg72-1024x724.jpg 1024w, https:\/\/www.digitalcarmagazine.com.tr\/Web\/wp-content\/uploads\/Mazda3_Hatchback_2013_detail_03__jpg72.jpg 1280w\" sizes=\"(max-width: 300px) 100vw, 300px\" \/><\/a>Yeni Mazda3, keyifli bir s\u00fcr\u00fc\u015f\u00fcn yan\u0131s\u0131ra yak\u0131t ekonomisi sunma ve g\u00fcvenli ara\u00e7lar \u00fcretmeye y\u00f6nelik Mazda stratejisi S\u00fcrd\u00fcr\u00fclebilir Zoom-Zoom\u2019un uyguland\u0131\u011f\u0131 en yeni modeldir. D\u00fcnyan\u0131n en h\u0131zl\u0131 r\u00f6lantide durma sistemi olan i-stop ve Mazda\u2019n\u0131n fren enerjisi yenileme sistemi olan i-ELOOP ile birlikte sunulmaktad\u0131r. Yeni motorlar\u0131 ve \u015fanz\u0131manlar\u0131 sayesinde etkileyici bir performansa sahiptir. Kompakt boyutlar\u0131yla Mazda3, SKYACTIV Teknolojilerinin uyguland\u0131\u011f\u0131 6. Nesil ara\u00e7lar\u0131n en yeni \u00fcyesidir. Yeni Mazda3\u2019\u00fcn T\u00fcrkiye\u2019de 2014 y\u0131l\u0131 itibariyle sat\u0131\u015fa sunulmas\u0131 planlanmaktad\u0131r.<\/p>\n<p><a href=\"https:\/\/www.digitalcarmagazine.com.tr\/Web\/?attachment_id=6639\" rel=\"attachment wp-att-6639\"><img loading=\"lazy\" class=\"alignleft size-medium wp-image-6639\" title=\"Mazda3_Hatchback_2013_still_01__jpg72\" src=\"https:\/\/www.digitalcarmagazine.com.tr\/Web\/wp-content\/uploads\/Mazda3_Hatchback_2013_still_01__jpg72-300x212.jpg\" alt=\"\" width=\"300\" height=\"212\" srcset=\"https:\/\/www.digitalcarmagazine.com.tr\/Web\/wp-content\/uploads\/Mazda3_Hatchback_2013_still_01__jpg72-300x212.jpg 300w, https:\/\/www.digitalcarmagazine.com.tr\/Web\/wp-content\/uploads\/Mazda3_Hatchback_2013_still_01__jpg72-1024x724.jpg 1024w, https:\/\/www.digitalcarmagazine.com.tr\/Web\/wp-content\/uploads\/Mazda3_Hatchback_2013_still_01__jpg72.jpg 1280w\" sizes=\"(max-width: 300px) 100vw, 300px\" \/><\/a><\/p>\n","protected":false},"excerpt":{"rendered":"<p>Mazda, SKYACTIV Teknolojileriyle donat\u0131lm\u0131\u015f Yeni Mazda3\u2019\u00fc \u00a0\u0130stanbul\u2019da g\u00fcn y\u00fcz\u00fcne \u00e7\u0131kard\u0131. D\u00fcnyan\u0131n be\u015f ayr\u0131 noktas\u0131nda e\u015f zamanl\u0131 olarak ger\u00e7ekle\u015ftirilen organizasyon i\u00e7in se\u00e7ilen \u00fc\u00e7 Avrupa \u015fehrinden birisi canl\u0131 karakteri sebebiyle \u0130stanbul oldu. Mazda\u2019n\u0131n lokomotif modelinin yeni neslinin tan\u0131t\u0131m\u0131 i\u00e7in New York ve Melbourne\u2019un yan\u0131s\u0131ra Londra ve St. Petersburg\u2019da da etkinlikler yap\u0131ld\u0131. T\u00fcm zamanlar\u0131n en \u00e7ok satan Mazda [&hellip;]<\/p>\n","protected":false},"author":1,"featured_media":0,"comment_status":"open","ping_status":"open","sticky":false,"template":"","format":"standard","meta":[],"categories":[1],"tags":[],"_links":{"self":[{"href":"https:\/\/www.digitalcarmagazine.com.tr\/Web\/wp-json\/wp\/v2\/posts\/6630"}],"collection":[{"href":"https:\/\/www.digitalcarmagazine.com.tr\/Web\/wp-json\/wp\/v2\/posts"}],"about":[{"href":"https:\/\/www.digitalcarmagazine.com.tr\/Web\/wp-json\/wp\/v2\/types\/post"}],"author":[{"embeddable":true,"href":"https:\/\/www.digitalcarmagazine.com.tr\/Web\/wp-json\/wp\/v2\/users\/1"}],"replies":[{"embeddable":true,"href":"https:\/\/www.digitalcarmagazine.com.tr\/Web\/wp-json\/wp\/v2\/comments?post=6630"}],"version-history":[{"count":5,"href":"https:\/\/www.digitalcarmagazine.com.tr\/Web\/wp-json\/wp\/v2\/posts\/6630\/revisions"}],"predecessor-version":[{"id":6738,"href":"https:\/\/www.digitalcarmagazine.com.tr\/Web\/wp-json\/wp\/v2\/posts\/6630\/revisions\/6738"}],"wp:attachment":[{"href":"https:\/\/www.digitalcarmagazine.com.tr\/Web\/wp-json\/wp\/v2\/media?parent=6630"}],"wp:term":[{"taxonomy":"category","embeddable":true,"href":"https:\/\/www.digitalcarmagazine.com.tr\/Web\/wp-json\/wp\/v2\/categories?post=6630"},{"taxonomy":"post_tag","embeddable":true,"href":"https:\/\/www.digitalcarmagazine.com.tr\/Web\/wp-json\/wp\/v2\/tags?post=6630"}],"curies":[{"name":"wp","href":"https:\/\/api.w.org\/{rel}","templated":true}]}}