{"id":6626,"date":"2013-06-28T08:49:54","date_gmt":"2013-06-28T08:49:54","guid":{"rendered":"http:\/\/www.digitalcarmagazine.com.tr\/Web\/?p=6626"},"modified":"2013-06-28T08:49:54","modified_gmt":"2013-06-28T08:49:54","slug":"eskisehir%e2%80%99de-ilk-tirmanma-yarisi","status":"publish","type":"post","link":"https:\/\/www.digitalcarmagazine.com.tr\/Web\/eskisehir%e2%80%99de-ilk-tirmanma-yarisi\/","title":{"rendered":"Eski\u015fehir\u2019de \u0130lk T\u0131rmanma Yar\u0131\u015f\u0131"},"content":{"rendered":"<h3>2013 T\u00fcrkiye T\u0131rmanma \u015eampiyonas\u0131\u2019n\u0131n 6. aya\u011f\u0131 bu haftasonu Eski\u015fehir Sakar\u0131\u0131l\u0131ca k\u00f6y\u00fcnde ko\u015fulacak&#8230;<\/h3>\n<p><a href=\"https:\/\/www.digitalcarmagazine.com.tr\/Web\/?attachment_id=6627\" rel=\"attachment wp-att-6627\"><img loading=\"lazy\" class=\"alignleft size-medium wp-image-6627\" title=\"Sirlan_Tirmanma_Kat3_HakanErtarman\" src=\"https:\/\/www.digitalcarmagazine.com.tr\/Web\/wp-content\/uploads\/Sirlan_Tirmanma_Kat3_HakanErtarman-300x199.jpg\" alt=\"\" width=\"300\" height=\"199\" srcset=\"https:\/\/www.digitalcarmagazine.com.tr\/Web\/wp-content\/uploads\/Sirlan_Tirmanma_Kat3_HakanErtarman-300x199.jpg 300w, https:\/\/www.digitalcarmagazine.com.tr\/Web\/wp-content\/uploads\/Sirlan_Tirmanma_Kat3_HakanErtarman-1024x682.jpg 1024w, https:\/\/www.digitalcarmagazine.com.tr\/Web\/wp-content\/uploads\/Sirlan_Tirmanma_Kat3_HakanErtarman.jpg 2000w\" sizes=\"(max-width: 300px) 100vw, 300px\" \/><\/a>2013 T\u00fcrkiye T\u0131rmanma \u015eampiyonas\u0131\u2019n\u0131n 6. aya\u011f\u0131, 30 Haziran Pazar g\u00fcn\u00fc Eski\u015fehir Mihalgazi beldesi Sakar\u0131\u0131l\u0131ca k\u00f6y\u00fcnde ger\u00e7ekle\u015ftirilecek.\u00a0Eski\u015fehir Otomobil Sporlar\u0131 Kul\u00fcb\u00fc (ESOK) taraf\u0131ndan ilk kez d\u00fczenlenen organizasyon Eski\u015fehir Rallisi\u2019nde KYK ad\u0131 ile ini\u015f olarak ge\u00e7ilen \u00f6zel etab\u0131n tersten ge\u00e7ilmesiyle ko\u015fulacak.\u00a0Sakar\u0131\u0131l\u0131ca Hamamlar\u0131 ile Hekimda\u011f aras\u0131nda yer alan 7.3 kilometrelik asfalt zeminli parkurda iki \u00e7\u0131k\u0131\u015f \u00fczerinden yap\u0131lacak yar\u0131\u015f\u0131n teknik kontrol\u00fc ayn\u0131 g\u00fcn 08:30-09:45 saatleri aras\u0131nda ger\u00e7ekle\u015ftirilecek.\u00a0Alt\u0131 ayr\u0131 kategoride yap\u0131lacak Sakar\u0131\u0131l\u0131ca T\u0131rmanma Yar\u0131\u015f\u0131\u2019n\u0131n antrenmanlar\u0131 11.00- 12.30 saatlerinde iki \u00e7\u0131k\u0131\u015f olarak yap\u0131lacak. Yar\u0131\u015f\u0131n start\u0131 ise ayn\u0131 g\u00fcn saat 14.00\u2019de verilecek<\/p>\n","protected":false},"excerpt":{"rendered":"<p>2013 T\u00fcrkiye T\u0131rmanma \u015eampiyonas\u0131\u2019n\u0131n 6. aya\u011f\u0131 bu haftasonu Eski\u015fehir Sakar\u0131\u0131l\u0131ca k\u00f6y\u00fcnde ko\u015fulacak&#8230; 2013 T\u00fcrkiye T\u0131rmanma \u015eampiyonas\u0131\u2019n\u0131n 6. aya\u011f\u0131, 30 Haziran Pazar g\u00fcn\u00fc Eski\u015fehir Mihalgazi beldesi Sakar\u0131\u0131l\u0131ca k\u00f6y\u00fcnde ger\u00e7ekle\u015ftirilecek.\u00a0Eski\u015fehir Otomobil Sporlar\u0131 Kul\u00fcb\u00fc (ESOK) taraf\u0131ndan ilk kez d\u00fczenlenen organizasyon Eski\u015fehir Rallisi\u2019nde KYK ad\u0131 ile ini\u015f olarak ge\u00e7ilen \u00f6zel etab\u0131n tersten ge\u00e7ilmesiyle ko\u015fulacak.\u00a0Sakar\u0131\u0131l\u0131ca Hamamlar\u0131 ile Hekimda\u011f aras\u0131nda yer [&hellip;]<\/p>\n","protected":false},"author":1,"featured_media":0,"comment_status":"open","ping_status":"open","sticky":false,"template":"","format":"standard","meta":[],"categories":[1,10],"tags":[],"_links":{"self":[{"href":"https:\/\/www.digitalcarmagazine.com.tr\/Web\/wp-json\/wp\/v2\/posts\/6626"}],"collection":[{"href":"https:\/\/www.digitalcarmagazine.com.tr\/Web\/wp-json\/wp\/v2\/posts"}],"about":[{"href":"https:\/\/www.digitalcarmagazine.com.tr\/Web\/wp-json\/wp\/v2\/types\/post"}],"author":[{"embeddable":true,"href":"https:\/\/www.digitalcarmagazine.com.tr\/Web\/wp-json\/wp\/v2\/users\/1"}],"replies":[{"embeddable":true,"href":"https:\/\/www.digitalcarmagazine.com.tr\/Web\/wp-json\/wp\/v2\/comments?post=6626"}],"version-history":[{"count":2,"href":"https:\/\/www.digitalcarmagazine.com.tr\/Web\/wp-json\/wp\/v2\/posts\/6626\/revisions"}],"predecessor-version":[{"id":6629,"href":"https:\/\/www.digitalcarmagazine.com.tr\/Web\/wp-json\/wp\/v2\/posts\/6626\/revisions\/6629"}],"wp:attachment":[{"href":"https:\/\/www.digitalcarmagazine.com.tr\/Web\/wp-json\/wp\/v2\/media?parent=6626"}],"wp:term":[{"taxonomy":"category","embeddable":true,"href":"https:\/\/www.digitalcarmagazine.com.tr\/Web\/wp-json\/wp\/v2\/categories?post=6626"},{"taxonomy":"post_tag","embeddable":true,"href":"https:\/\/www.digitalcarmagazine.com.tr\/Web\/wp-json\/wp\/v2\/tags?post=6626"}],"curies":[{"name":"wp","href":"https:\/\/api.w.org\/{rel}","templated":true}]}}