{"id":6613,"date":"2013-06-28T08:42:22","date_gmt":"2013-06-28T08:42:22","guid":{"rendered":"http:\/\/www.digitalcarmagazine.com.tr\/Web\/?p=6613"},"modified":"2013-06-28T08:42:22","modified_gmt":"2013-06-28T08:42:22","slug":"kaldigimiz-yerden-devam-etmek-istiyoruz","status":"publish","type":"post","link":"https:\/\/www.digitalcarmagazine.com.tr\/Web\/kaldigimiz-yerden-devam-etmek-istiyoruz\/","title":{"rendered":"&#8220;Kald\u0131\u011f\u0131m\u0131z yerden devam etmek \u0130stiyoruz&#8221;"},"content":{"rendered":"<h3>T\u00fcrk ralli tarihinin efsane pilotlar\u0131ndan Ercan Kazaz, k\u0131sa ad\u0131 TOSFED olan T\u00fcrkiye Otomobil Sporlar\u0131 Federasyonu\u2019nun 4 Temmuz 2013 g\u00fcn\u00fc d\u00fczenlenecek olan Ola\u011fan\u00fcst\u00fc Genel Kurulu\u2019nda ba\u015fkanl\u0131\u011fa adayl\u0131\u011f\u0131n\u0131 a\u00e7\u0131klad\u0131.<\/h3>\n<p><a href=\"https:\/\/www.digitalcarmagazine.com.tr\/Web\/?attachment_id=6615\" rel=\"attachment wp-att-6615\"><img loading=\"lazy\" class=\"alignleft size-medium wp-image-6615\" title=\"Ercan_Kazaz\" src=\"https:\/\/www.digitalcarmagazine.com.tr\/Web\/wp-content\/uploads\/Ercan_Kazaz-218x300.jpg\" alt=\"\" width=\"218\" height=\"300\" srcset=\"https:\/\/www.digitalcarmagazine.com.tr\/Web\/wp-content\/uploads\/Ercan_Kazaz-218x300.jpg 218w, https:\/\/www.digitalcarmagazine.com.tr\/Web\/wp-content\/uploads\/Ercan_Kazaz-745x1024.jpg 745w, https:\/\/www.digitalcarmagazine.com.tr\/Web\/wp-content\/uploads\/Ercan_Kazaz.jpg 1496w\" sizes=\"(max-width: 218px) 100vw, 218px\" \/><\/a>1986 y\u0131l\u0131nda ba\u015flad\u0131\u011f\u0131 motorsporlar\u0131 kariyeri boyunca 4 kez T\u00fcrkiye Ralli \u015eampiyonlu\u011fu, 1 kez Balkan Ralli \u015eampiyonlu\u011fu, 1 kez T\u00fcrkiye Pist \u015eampiyonlu\u011fu ve 1 kez de T\u00fcrkiye Ralli Super 1600 \u015eampiyonlu\u011fu elde eden Ercan Kazaz, 2012 sezonu sonunda aktif sporculuk hayat\u0131na ara verip, Demir Berbero\u011flu y\u00f6netiminde Asba\u015fkanl\u0131k g\u00f6revine ba\u015flam\u0131\u015ft\u0131. May\u0131s ay\u0131nda delegelerin ald\u0131\u011f\u0131 ola\u011fan\u00fcst\u00fc genel kurul karar\u0131 sonras\u0131 y\u00f6netim kurulu ve yedek \u00fcyelerle birlikte istifa eden Kazaz, bu kez ba\u015fkan olarak spora hizmet etmek amac\u0131 ile 4 Temmuz 2013 g\u00fcn\u00fc Ankara\u2019da d\u00fczenlenecek olan Ola\u011fan\u00fcst\u00fc Genel Kurul \u00f6ncesinde adayl\u0131\u011f\u0131n\u0131 a\u00e7\u0131klad\u0131.<\/p>\n<h4><span style=\"color: #ff0000;\">KALDI\u011eI YERDEN DEVAM ETMEK \u0130ST\u0130YOR<\/span><\/h4>\n<p>Muhalif grup taraf\u0131ndan delegelerden imza toplanmas\u0131 sonucu ola\u011fan\u00fcst\u00fc genel kurula gidilmesi \u00fczerine, yarat\u0131lan kaos sonras\u0131 koltuk sevdal\u0131s\u0131 olmad\u0131klar\u0131n\u0131 kamuoyuna g\u00f6stermek ve sporcular\u0131n bu i\u015fe tepkisini \u00e7ekmek i\u00e7in istifa ettiklerini a\u00e7\u0131klayan Kazaz, \u201cKald\u0131\u011f\u0131m\u0131z yerden devam etmek istiyoruz\u201d diyerek ba\u015fkanl\u0131\u011fa aday oldu\u011funu belirtti.<\/p>\n<h4><span style=\"color: #ff0000;\">HEDEF SPORCULAR ve KUL\u00dcPLERE DESTEK<\/span><\/h4>\n<p>\u201cElbette sporda vizyon de\u011fi\u015fti ve bu Demir Berbero\u011flu\u2019nun fikri katk\u0131s\u0131d\u0131r. Bizler de bu fikre baz\u0131 r\u00f6tu\u015flar yaparak, sporun esas \u00f6\u011fesi olan amat\u00f6rlere y\u00f6nelik uygulamalar sayesinde start say\u0131lar\u0131n\u0131 artt\u0131rd\u0131k. Yapt\u0131\u011f\u0131m\u0131z radikal kural de\u011fi\u015fiklikleri ve yaratt\u0131\u011f\u0131m\u0131z TOSFED Ralli Kupas\u0131 format\u0131 sayesinde, amat\u00f6rlere artan destek ve motivasyonla 80 otomobilli kay\u0131tlara h\u0131zl\u0131ca ula\u015ft\u0131k. Daha yapaca\u011f\u0131m\u0131z \u00e7ok \u015fey de var.<\/p>\n<h4><span style=\"color: #ff0000;\">SON S\u00d6Z DELEGELER\u0130N<\/span><\/h4>\n<p>TOSFED Ba\u015fkan aday\u0131 Ercan Kazaz; \u201cArt\u0131k sand\u0131k ortada ve s\u00f6z sporcular\u0131n da iradesini hisseden delege arkada\u015flar\u0131m\u0131zda\u2026 Bu kez vicdanlar\u0131yla 5 saniye bile olsa ba\u015f ba\u015fa kalarak, ya de\u011fi\u015fimin devam\u0131 lehine oy verecekler, ya da son 12 senedir bu sporun d\u00fcmeninde olup \u201cbenim\u00a0yeni fikirlerim var o zaman uygulayamad\u0131m\u201d diyen eskinin temsilcisi ile 2004 senesinden sonra b\u00fcy\u00fck \u00e7\u00f6k\u00fc\u015f\u00fcn ya\u015fand\u0131\u011f\u0131 g\u00fcnlere h\u0131zl\u0131 bir \u015fekilde d\u00f6n\u00fcp, sporun bir pistin etraf\u0131na indirgenmesi i\u00e7in oylar\u0131n\u0131 kullanacaklar&#8230;\u201d a\u00e7\u0131klamas\u0131n\u0131 yapt\u0131.<\/p>\n","protected":false},"excerpt":{"rendered":"<p>T\u00fcrk ralli tarihinin efsane pilotlar\u0131ndan Ercan Kazaz, k\u0131sa ad\u0131 TOSFED olan T\u00fcrkiye Otomobil Sporlar\u0131 Federasyonu\u2019nun 4 Temmuz 2013 g\u00fcn\u00fc d\u00fczenlenecek olan Ola\u011fan\u00fcst\u00fc Genel Kurulu\u2019nda ba\u015fkanl\u0131\u011fa adayl\u0131\u011f\u0131n\u0131 a\u00e7\u0131klad\u0131. 1986 y\u0131l\u0131nda ba\u015flad\u0131\u011f\u0131 motorsporlar\u0131 kariyeri boyunca 4 kez T\u00fcrkiye Ralli \u015eampiyonlu\u011fu, 1 kez Balkan Ralli \u015eampiyonlu\u011fu, 1 kez T\u00fcrkiye Pist \u015eampiyonlu\u011fu ve 1 kez de T\u00fcrkiye Ralli Super [&hellip;]<\/p>\n","protected":false},"author":1,"featured_media":0,"comment_status":"open","ping_status":"open","sticky":false,"template":"","format":"standard","meta":[],"categories":[1,10],"tags":[],"_links":{"self":[{"href":"https:\/\/www.digitalcarmagazine.com.tr\/Web\/wp-json\/wp\/v2\/posts\/6613"}],"collection":[{"href":"https:\/\/www.digitalcarmagazine.com.tr\/Web\/wp-json\/wp\/v2\/posts"}],"about":[{"href":"https:\/\/www.digitalcarmagazine.com.tr\/Web\/wp-json\/wp\/v2\/types\/post"}],"author":[{"embeddable":true,"href":"https:\/\/www.digitalcarmagazine.com.tr\/Web\/wp-json\/wp\/v2\/users\/1"}],"replies":[{"embeddable":true,"href":"https:\/\/www.digitalcarmagazine.com.tr\/Web\/wp-json\/wp\/v2\/comments?post=6613"}],"version-history":[{"count":4,"href":"https:\/\/www.digitalcarmagazine.com.tr\/Web\/wp-json\/wp\/v2\/posts\/6613\/revisions"}],"predecessor-version":[{"id":6618,"href":"https:\/\/www.digitalcarmagazine.com.tr\/Web\/wp-json\/wp\/v2\/posts\/6613\/revisions\/6618"}],"wp:attachment":[{"href":"https:\/\/www.digitalcarmagazine.com.tr\/Web\/wp-json\/wp\/v2\/media?parent=6613"}],"wp:term":[{"taxonomy":"category","embeddable":true,"href":"https:\/\/www.digitalcarmagazine.com.tr\/Web\/wp-json\/wp\/v2\/categories?post=6613"},{"taxonomy":"post_tag","embeddable":true,"href":"https:\/\/www.digitalcarmagazine.com.tr\/Web\/wp-json\/wp\/v2\/tags?post=6613"}],"curies":[{"name":"wp","href":"https:\/\/api.w.org\/{rel}","templated":true}]}}