{"id":6602,"date":"2013-06-24T14:25:57","date_gmt":"2013-06-24T14:25:57","guid":{"rendered":"http:\/\/www.digitalcarmagazine.com.tr\/Web\/?p=6602"},"modified":"2013-06-24T14:25:57","modified_gmt":"2013-06-24T14:25:57","slug":"hyundai-assandan-dev-yatirim","status":"publish","type":"post","link":"https:\/\/www.digitalcarmagazine.com.tr\/Web\/hyundai-assandan-dev-yatirim\/","title":{"rendered":"Hyundai Assan&#8217;dan dev yat\u0131r\u0131m!"},"content":{"rendered":"<h3>Hyundai\u2019nin ge\u00e7ti\u011fimiz y\u0131l duyurdu\u011fu 1,1 milyar TL\u2019den fazla tutardaki yat\u0131r\u0131m\u0131 tamamland\u0131. Yeni i10 modelinin \u00fcretimiyle birlikte Hyundai Assan \u0130zmit Fabrikas\u0131\u2019n\u0131n y\u0131ll\u0131k \u00fcretim kapasitesi 200 bin adedin \u00fczerine \u00e7\u0131kacak ve yarat\u0131lan yeni istihdam ve ihracat ile T\u00fcrk ekonomisine ek katk\u0131 sa\u011flanm\u0131\u015f olacak.<\/h3>\n<p><a href=\"https:\/\/www.digitalcarmagazine.com.tr\/Web\/?attachment_id=6603\" rel=\"attachment wp-att-6603\"><img loading=\"lazy\" class=\"alignleft size-medium wp-image-6603\" title=\"Hyundai Assan Izmit Fabrikasi\" src=\"https:\/\/www.digitalcarmagazine.com.tr\/Web\/wp-content\/uploads\/Hyundai-Assan-Izmit-Fabrikasi-300x82.jpg\" alt=\"\" width=\"300\" height=\"82\" srcset=\"https:\/\/www.digitalcarmagazine.com.tr\/Web\/wp-content\/uploads\/Hyundai-Assan-Izmit-Fabrikasi-300x82.jpg 300w, https:\/\/www.digitalcarmagazine.com.tr\/Web\/wp-content\/uploads\/Hyundai-Assan-Izmit-Fabrikasi-1024x279.jpg 1024w\" sizes=\"(max-width: 300px) 100vw, 300px\" \/><\/a>Fabrikan\u0131n Pres, G\u00f6vde ve Montaj hatlar\u0131nda yap\u0131lan b\u00fcy\u00fctme \u00e7al\u0131\u015fmalar\u0131n\u0131n yan\u0131 s\u0131ra a\u00e7\u0131k alanlar\u0131ndaki gerekli d\u00fczenlemeler de tamamland\u0131. Bu sayede Yeni i10, Eyl\u00fcl ay\u0131 sonu itibariyle T\u00fcrkiye ve t\u00fcm Avrupa i\u00e7in bantlardan indirilecek.\u00a0Yeni yat\u0131r\u0131mla birlikte yarat\u0131lacak ek istihdam say\u0131s\u0131 da art\u0131r\u0131ld\u0131. Daha \u00f6nce yan sanayi \u00fcreticileriyle birlikte toplam 2 bin 400 civar\u0131 olarak a\u00e7\u0131klanan yeni i\u015f\u00e7i say\u0131s\u0131 2 bin 800 ki\u015fiye \u00e7\u0131kar\u0131ld\u0131. Bu rakam i\u00e7inde Hyundai Assan Fabrikas\u0131\u2019nda olu\u015fturulacak direkt ek istihdam ise 775 ki\u015fi olacak. Hyundai\u2019nin yeni yat\u0131r\u0131m\u0131 i\u00e7in 4 adet yeni Koreli yan sanayi firmas\u0131 da T\u00fcrkiye\u2019de yat\u0131r\u0131m ger\u00e7ekle\u015ftirdi. Kalan 2 bin ki\u015filik yeni istihdam ise bu yeni kurulu\u015flar ve mevcut yani sanayi firmalar\u0131 taraf\u0131ndan yarat\u0131lm\u0131\u015f olacak. B\u00f6ylece Hyundai Assan i\u00e7in fabrika ve yan sanayide \u00e7al\u0131\u015fan ki\u015fi say\u0131s\u0131 6 bin 300 ki\u015finin \u00fcst\u00fcne \u00e7\u0131km\u0131\u015f olacak.<\/p>\n<p>Hyundai Assan \u0130zmit Fabrikas\u0131, 2010 y\u0131l\u0131ndan bu yana \u00fcretilen i20 modelinin yan\u0131na eklenecek olan Yeni i10 ile birlikte Avrupa\u2019n\u0131n k\u00fc\u00e7\u00fck otomobil \u00fcretim \u00fcss\u00fc haline gelecek. Bantlardan \u00e7\u0131kan ara\u00e7lar \u00f6zellikle t\u00fcm Avrupa \u00fclkelerinin de dahil oldu\u011fu 30\u2019dan fazla \u00fclkeye ihra\u00e7 edilecek. B\u00f6ylece 2014 y\u0131l\u0131nda 160 bin adedin \u00fcst\u00fcnde, 2015 y\u0131l\u0131nda da 180 bin adet civar\u0131nda arac\u0131n ihra\u00e7 edilmesi ve T\u00fcrkiye ekonomisine katk\u0131 sa\u011flanmas\u0131 ama\u00e7lan\u0131yor.<\/p>\n<p>&nbsp;<\/p>\n","protected":false},"excerpt":{"rendered":"<p>Hyundai\u2019nin ge\u00e7ti\u011fimiz y\u0131l duyurdu\u011fu 1,1 milyar TL\u2019den fazla tutardaki yat\u0131r\u0131m\u0131 tamamland\u0131. Yeni i10 modelinin \u00fcretimiyle birlikte Hyundai Assan \u0130zmit Fabrikas\u0131\u2019n\u0131n y\u0131ll\u0131k \u00fcretim kapasitesi 200 bin adedin \u00fczerine \u00e7\u0131kacak ve yarat\u0131lan yeni istihdam ve ihracat ile T\u00fcrk ekonomisine ek katk\u0131 sa\u011flanm\u0131\u015f olacak. Fabrikan\u0131n Pres, G\u00f6vde ve Montaj hatlar\u0131nda yap\u0131lan b\u00fcy\u00fctme \u00e7al\u0131\u015fmalar\u0131n\u0131n yan\u0131 s\u0131ra a\u00e7\u0131k alanlar\u0131ndaki gerekli [&hellip;]<\/p>\n","protected":false},"author":1,"featured_media":0,"comment_status":"open","ping_status":"open","sticky":false,"template":"","format":"standard","meta":[],"categories":[1],"tags":[],"_links":{"self":[{"href":"https:\/\/www.digitalcarmagazine.com.tr\/Web\/wp-json\/wp\/v2\/posts\/6602"}],"collection":[{"href":"https:\/\/www.digitalcarmagazine.com.tr\/Web\/wp-json\/wp\/v2\/posts"}],"about":[{"href":"https:\/\/www.digitalcarmagazine.com.tr\/Web\/wp-json\/wp\/v2\/types\/post"}],"author":[{"embeddable":true,"href":"https:\/\/www.digitalcarmagazine.com.tr\/Web\/wp-json\/wp\/v2\/users\/1"}],"replies":[{"embeddable":true,"href":"https:\/\/www.digitalcarmagazine.com.tr\/Web\/wp-json\/wp\/v2\/comments?post=6602"}],"version-history":[{"count":2,"href":"https:\/\/www.digitalcarmagazine.com.tr\/Web\/wp-json\/wp\/v2\/posts\/6602\/revisions"}],"predecessor-version":[{"id":6605,"href":"https:\/\/www.digitalcarmagazine.com.tr\/Web\/wp-json\/wp\/v2\/posts\/6602\/revisions\/6605"}],"wp:attachment":[{"href":"https:\/\/www.digitalcarmagazine.com.tr\/Web\/wp-json\/wp\/v2\/media?parent=6602"}],"wp:term":[{"taxonomy":"category","embeddable":true,"href":"https:\/\/www.digitalcarmagazine.com.tr\/Web\/wp-json\/wp\/v2\/categories?post=6602"},{"taxonomy":"post_tag","embeddable":true,"href":"https:\/\/www.digitalcarmagazine.com.tr\/Web\/wp-json\/wp\/v2\/tags?post=6602"}],"curies":[{"name":"wp","href":"https:\/\/api.w.org\/{rel}","templated":true}]}}