{"id":6374,"date":"2013-05-10T20:38:33","date_gmt":"2013-05-10T20:38:33","guid":{"rendered":"http:\/\/www.digitalcarmagazine.com.tr\/Web\/?p=6374"},"modified":"2013-05-10T20:38:34","modified_gmt":"2013-05-10T20:38:34","slug":"toyota%e2%80%99dan-trafik%e2%80%99te-guvenlik-icin-sorumlu-yaklasim","status":"publish","type":"post","link":"https:\/\/www.digitalcarmagazine.com.tr\/Web\/toyota%e2%80%99dan-trafik%e2%80%99te-guvenlik-icin-sorumlu-yaklasim\/","title":{"rendered":"Toyota\u2019dan Trafik\u2019te G\u00fcvenlik \u0130\u00e7in Sorumlu Yakla\u015f\u0131m"},"content":{"rendered":"<h3 style=\"text-align: left;\" align=\"center\">Toyota kurumsal sosyal sorumluluk projesi \u00e7er\u00e7evesinde trafik g\u00fcvenli\u011fi konusunda s\u00fcrd\u00fcr\u00fclebilir \u00e7\u00f6z\u00fcmler ve yakla\u015f\u0131mlar \u00fcretme konusunda Ula\u015ft\u0131rma, Denizcilik ve Haberle\u015fme Bakanl\u0131\u011f\u0131 ile \u0130\u00e7i\u015fleri Bakanl\u0131\u011f\u0131\u2019n\u0131n \u00f6nderli\u011finde haz\u0131rlanan Kurumsal Trafik G\u00fcvenli\u011fi Deklarasyonu\u2019nu imzalad\u0131.<\/h3>\n<p style=\"text-align: left;\"><a href=\"https:\/\/www.digitalcarmagazine.com.tr\/Web\/?attachment_id=6375\" rel=\"attachment wp-att-6375\"><img loading=\"lazy\" class=\"alignleft size-medium wp-image-6375\" title=\"Toyota'dan Trafik G\u00fcvenligi \u0130\u00e7in Sorumlu Yaklas\u0131m\" src=\"https:\/\/www.digitalcarmagazine.com.tr\/Web\/wp-content\/uploads\/Toyotadan-Trafik-G\u00fcvenligi-\u0130\u00e7in-Sorumlu-Yaklas\u0131m-300x199.jpg\" alt=\"\" width=\"300\" height=\"199\" srcset=\"https:\/\/www.digitalcarmagazine.com.tr\/Web\/wp-content\/uploads\/Toyotadan-Trafik-G\u00fcvenligi-\u0130\u00e7in-Sorumlu-Yaklas\u0131m-300x199.jpg 300w, https:\/\/www.digitalcarmagazine.com.tr\/Web\/wp-content\/uploads\/Toyotadan-Trafik-G\u00fcvenligi-\u0130\u00e7in-Sorumlu-Yaklas\u0131m-1024x682.jpg 1024w, https:\/\/www.digitalcarmagazine.com.tr\/Web\/wp-content\/uploads\/Toyotadan-Trafik-G\u00fcvenligi-\u0130\u00e7in-Sorumlu-Yaklas\u0131m.jpg 1949w\" sizes=\"(max-width: 300px) 100vw, 300px\" \/><\/a>Ula\u015ft\u0131rma, Denizcilik ve Haberle\u015fme Bakanl\u0131\u011f\u0131\u2019n\u0131n koordinasyonunda ve T\u00dcVT\u00dcRK\u2019\u00fcn deste\u011fiyle y\u00fcr\u00fct\u00fclen Trafikte Sorumluluk Hareketi ve \u0130\u00e7i\u015fleri Bakanl\u0131\u011f\u0131\u2019n\u0131n i\u015f birli\u011finde hayata ge\u00e7irilen Trafik G\u00fcvenli\u011fi Platformu kapsam\u0131nda Kurumsal Trafik G\u00fcvenli\u011fi Deklarasyonu\u2019na imza atan Toyota, kurumlar\u0131n trafik g\u00fcvenli\u011fini art\u0131rma konusunda \u00fczerine d\u00fc\u015fen her t\u00fcrl\u00fc sorumlulu\u011fu da yerine getirece\u011fini a\u00e7\u0131klad\u0131. Kamu kurumlar\u0131, alanlar\u0131nda her konuda \u00f6nc\u00fc 20&#8217;e yak\u0131n \u00f6zel sekt\u00f6r kurulu\u015fu, \u00fcniversiteler, meslek \u00f6rg\u00fctleri, sivil toplum kurulu\u015flar\u0131ndan temsilcilerle i\u015f birli\u011fi i\u00e7inde geli\u015ftirilen Kurumsal Trafik G\u00fcvenli\u011fi Deklarasyonu, T\u00fcrkiye i\u00e7in hala bir \u00f6nemli bir sorun olan &#8220;Trafik G\u00fcvenli\u011fi&#8221; a\u00e7\u0131s\u0131ndan \u00f6nem ta\u015f\u0131maktad\u0131r. Toyota, kurumsal sosyal sorumluluk anlay\u0131\u015f\u0131 ile bug\u00fcne kadar pek \u00e7ok projede yer alarak bu konudaki kararl\u0131l\u0131\u011f\u0131n\u0131 da bir kez daha g\u00f6stermi\u015f oldu.<\/p>\n","protected":false},"excerpt":{"rendered":"<p>Toyota kurumsal sosyal sorumluluk projesi \u00e7er\u00e7evesinde trafik g\u00fcvenli\u011fi konusunda s\u00fcrd\u00fcr\u00fclebilir \u00e7\u00f6z\u00fcmler ve yakla\u015f\u0131mlar \u00fcretme konusunda Ula\u015ft\u0131rma, Denizcilik ve Haberle\u015fme Bakanl\u0131\u011f\u0131 ile \u0130\u00e7i\u015fleri Bakanl\u0131\u011f\u0131\u2019n\u0131n \u00f6nderli\u011finde haz\u0131rlanan Kurumsal Trafik G\u00fcvenli\u011fi Deklarasyonu\u2019nu imzalad\u0131. Ula\u015ft\u0131rma, Denizcilik ve Haberle\u015fme Bakanl\u0131\u011f\u0131\u2019n\u0131n koordinasyonunda ve T\u00dcVT\u00dcRK\u2019\u00fcn deste\u011fiyle y\u00fcr\u00fct\u00fclen Trafikte Sorumluluk Hareketi ve \u0130\u00e7i\u015fleri Bakanl\u0131\u011f\u0131\u2019n\u0131n i\u015f birli\u011finde hayata ge\u00e7irilen Trafik G\u00fcvenli\u011fi Platformu kapsam\u0131nda Kurumsal [&hellip;]<\/p>\n","protected":false},"author":1,"featured_media":0,"comment_status":"open","ping_status":"open","sticky":false,"template":"","format":"standard","meta":[],"categories":[1],"tags":[],"_links":{"self":[{"href":"https:\/\/www.digitalcarmagazine.com.tr\/Web\/wp-json\/wp\/v2\/posts\/6374"}],"collection":[{"href":"https:\/\/www.digitalcarmagazine.com.tr\/Web\/wp-json\/wp\/v2\/posts"}],"about":[{"href":"https:\/\/www.digitalcarmagazine.com.tr\/Web\/wp-json\/wp\/v2\/types\/post"}],"author":[{"embeddable":true,"href":"https:\/\/www.digitalcarmagazine.com.tr\/Web\/wp-json\/wp\/v2\/users\/1"}],"replies":[{"embeddable":true,"href":"https:\/\/www.digitalcarmagazine.com.tr\/Web\/wp-json\/wp\/v2\/comments?post=6374"}],"version-history":[{"count":3,"href":"https:\/\/www.digitalcarmagazine.com.tr\/Web\/wp-json\/wp\/v2\/posts\/6374\/revisions"}],"predecessor-version":[{"id":6378,"href":"https:\/\/www.digitalcarmagazine.com.tr\/Web\/wp-json\/wp\/v2\/posts\/6374\/revisions\/6378"}],"wp:attachment":[{"href":"https:\/\/www.digitalcarmagazine.com.tr\/Web\/wp-json\/wp\/v2\/media?parent=6374"}],"wp:term":[{"taxonomy":"category","embeddable":true,"href":"https:\/\/www.digitalcarmagazine.com.tr\/Web\/wp-json\/wp\/v2\/categories?post=6374"},{"taxonomy":"post_tag","embeddable":true,"href":"https:\/\/www.digitalcarmagazine.com.tr\/Web\/wp-json\/wp\/v2\/tags?post=6374"}],"curies":[{"name":"wp","href":"https:\/\/api.w.org\/{rel}","templated":true}]}}