{"id":6368,"date":"2013-05-10T20:35:19","date_gmt":"2013-05-10T20:35:19","guid":{"rendered":"http:\/\/www.digitalcarmagazine.com.tr\/Web\/?p=6368"},"modified":"2013-05-10T20:35:21","modified_gmt":"2013-05-10T20:35:21","slug":"yagiz-eskisehir%e2%80%99in-ardindan-tarsus%e2%80%99ta%e2%80%a6","status":"publish","type":"post","link":"https:\/\/www.digitalcarmagazine.com.tr\/Web\/yagiz-eskisehir%e2%80%99in-ardindan-tarsus%e2%80%99ta%e2%80%a6\/","title":{"rendered":"Ya\u011f\u0131z Eski\u015fehir\u2019in ard\u0131ndan Tarsus\u2019ta\u2026"},"content":{"rendered":"<h3>2012 Do\u011fu Avrupa Ralli \u015eampiyonu Ya\u011f\u0131z Avc\u0131- Eski\u015fehir\u2019de Uluslararas\u0131 Battalgazi Rallisi\u2019ndeki ikincili\u011fin ard\u0131ndan, bu hafta sonu V1 Challenge ilk start\u0131n\u0131 Tarsus\u2019ta alacak.<\/h3>\n<p><a href=\"https:\/\/www.digitalcarmagazine.com.tr\/Web\/?attachment_id=6369\" rel=\"attachment wp-att-6369\"><img loading=\"lazy\" class=\"alignleft size-medium wp-image-6369\" title=\"yagizavci-eskisehir\" src=\"https:\/\/www.digitalcarmagazine.com.tr\/Web\/wp-content\/uploads\/yagizavci-eskisehir-300x199.jpg\" alt=\"\" width=\"300\" height=\"199\" srcset=\"https:\/\/www.digitalcarmagazine.com.tr\/Web\/wp-content\/uploads\/yagizavci-eskisehir-300x199.jpg 300w, https:\/\/www.digitalcarmagazine.com.tr\/Web\/wp-content\/uploads\/yagizavci-eskisehir-1024x682.jpg 1024w, https:\/\/www.digitalcarmagazine.com.tr\/Web\/wp-content\/uploads\/yagizavci-eskisehir.jpg 2000w\" sizes=\"(max-width: 300px) 100vw, 300px\" \/><\/a><a href=\"https:\/\/www.digitalcarmagazine.com.tr\/Web\/?attachment_id=6370\" rel=\"attachment wp-att-6370\"><img loading=\"lazy\" class=\"alignleft size-medium wp-image-6370\" title=\"yagiz-avci\" src=\"https:\/\/www.digitalcarmagazine.com.tr\/Web\/wp-content\/uploads\/yagiz-avci-233x300.jpg\" alt=\"\" width=\"233\" height=\"300\" srcset=\"https:\/\/www.digitalcarmagazine.com.tr\/Web\/wp-content\/uploads\/yagiz-avci-233x300.jpg 233w, https:\/\/www.digitalcarmagazine.com.tr\/Web\/wp-content\/uploads\/yagiz-avci-796x1024.jpg 796w, https:\/\/www.digitalcarmagazine.com.tr\/Web\/wp-content\/uploads\/yagiz-avci.jpg 1556w\" sizes=\"(max-width: 233px) 100vw, 233px\" \/><\/a><a href=\"https:\/\/www.digitalcarmagazine.com.tr\/Web\/?attachment_id=6371\" rel=\"attachment wp-att-6371\"><img loading=\"lazy\" class=\"alignleft size-medium wp-image-6371\" title=\"yagizavci-eskisehir-2\" src=\"https:\/\/www.digitalcarmagazine.com.tr\/Web\/wp-content\/uploads\/yagizavci-eskisehir-2-300x199.jpg\" alt=\"\" width=\"300\" height=\"199\" srcset=\"https:\/\/www.digitalcarmagazine.com.tr\/Web\/wp-content\/uploads\/yagizavci-eskisehir-2-300x199.jpg 300w, https:\/\/www.digitalcarmagazine.com.tr\/Web\/wp-content\/uploads\/yagizavci-eskisehir-2-1024x682.jpg 1024w, https:\/\/www.digitalcarmagazine.com.tr\/Web\/wp-content\/uploads\/yagizavci-eskisehir-2.jpg 2000w\" sizes=\"(max-width: 300px) 100vw, 300px\" \/><\/a>2013 T\u00fcrkiye Ralli \u015eampiyonas\u0131\u2019nda sezon, 04-05 May\u0131s tarihlerinde Eski\u015fehir\u2019de d\u00fczenlenen Uluslararas\u0131 Battalgazi Rallisi ile devam etti.\u00a02013 sezonuna Ege Rallisi birincili\u011fi ile h\u0131zl\u0131 bir ba\u015flang\u0131\u00e7 yapan ge\u00e7en y\u0131l\u0131n Do\u011fu Avrupa Ralli \u015eampiyonu\u00a0 Ya\u011f\u0131z Avc\u0131, Eski\u015fehir\u2019de yine\u00a0 Bahad\u0131r G\u00fccenmez\u2019in co-pilotlu\u011funda m\u00fccadele etti. Castrol Ford Team T\u00fcrkiye\u00a0ad\u0131na Ford Fiesta S2000 ile yar\u0131\u015fan Avc\u0131-G\u00fccenmez ekibi, \u00fc\u00e7\u00fcnc\u00fc etapta yoldan \u00e7\u0131karak zaman kaybettikleri ralliyi 12.7 saniye farkla ikinci olarak tamamlad\u0131. Pirelli\u2019nin sa\u011flad\u0131\u011f\u0131 lastiklerle yar\u0131\u015fan Ya\u011f\u0131z Avc\u0131-Bahad\u0131r G\u00fccenmez, bu yar\u0131\u015f\u0131n ard\u0131ndan T\u00fcrkiye Ralli \u015eampiyonas\u0131 liderli\u011fini e\u015fit puana ula\u015fan Fatih Kara-G\u00fcray Karacar ekibi ile payla\u015f\u0131yor.<\/p>\n<p>Hursan, Edox, Simtech ve MacTeam deste\u011finde yar\u0131\u015fan Red Bull sporcusu Ya\u011f\u0131z Avc\u0131, Battalgazi Rallisi\u2019nin ard\u0131ndan \u201cEge Rallisi&#8217;nden sonra Eski\u015fehir&#8217;de de hedefimiz kazanmakt\u0131 ve olduk\u00e7a zor ve bir hayli yak\u0131n bir m\u00fccadele oldu. 2.etap ile birlikte az farkla liderli\u011fe y\u00fckseldik, fakat 3.etapta hata yapt\u0131k ve yol d\u0131\u015f\u0131na \u00e7\u0131kt\u0131k. Bu olay\u0131 sadece zaman kayb\u0131yla atlatm\u0131\u015f olmam\u0131z \u015fans oldu. Sonras\u0131nda ise toparlamakta biraz zorland\u0131k. Bir hayli kirlenen etaplar hataya \u00e7ok a\u00e7\u0131kt\u0131 ve yar\u0131\u015f\u0131 12.9 saniye ile ikinci s\u0131rada tamamlad\u0131k. Yar\u0131\u015f\u0131 kazanan rakiplerimiz Fatih Kara-G\u00fcray Karacar \u00e7ok iyi bir yar\u0131\u015f \u00e7\u0131kard\u0131 ve onlar\u0131 tekrar tebrik ederim. Castrol Ford Team T\u00fcrkiye olarak g\u00fczel puanlar ald\u0131k ve \u015fampiyonadaki iddiam\u0131z\u0131 s\u00fcrd\u00fcrd\u00fck.\u201d a\u00e7\u0131klamas\u0131n\u0131 yapt\u0131.<\/p>\n<h4><span style=\"color: #ff0000;\">SIRADA V1 CHALLENGE VAR<\/span><\/h4>\n<p>2012 sezonunda birincilikle tamamlad\u0131\u011f\u0131 V1 Challenge\u2019da bu sezon da yar\u0131\u015fmay\u0131 s\u00fcrd\u00fcrecek olan Avc\u0131, sezonun ilk start\u0131n\u0131 bu hafta sonu Tarsus\u2019ta alacak. Ge\u00e7ti\u011fimiz y\u0131l oldu\u011fu gibi yine Tarsuslu otomobilseverlerden b\u00fcy\u00fck ilgi g\u00f6rmesi beklenen yar\u0131\u015f, 18 tecr\u00fcbeli pilotun m\u00fccadelesine sahne olacak.<\/p>\n","protected":false},"excerpt":{"rendered":"<p>2012 Do\u011fu Avrupa Ralli \u015eampiyonu Ya\u011f\u0131z Avc\u0131- Eski\u015fehir\u2019de Uluslararas\u0131 Battalgazi Rallisi\u2019ndeki ikincili\u011fin ard\u0131ndan, bu hafta sonu V1 Challenge ilk start\u0131n\u0131 Tarsus\u2019ta alacak. 2013 T\u00fcrkiye Ralli \u015eampiyonas\u0131\u2019nda sezon, 04-05 May\u0131s tarihlerinde Eski\u015fehir\u2019de d\u00fczenlenen Uluslararas\u0131 Battalgazi Rallisi ile devam etti.\u00a02013 sezonuna Ege Rallisi birincili\u011fi ile h\u0131zl\u0131 bir ba\u015flang\u0131\u00e7 yapan ge\u00e7en y\u0131l\u0131n Do\u011fu Avrupa Ralli \u015eampiyonu\u00a0 Ya\u011f\u0131z Avc\u0131, [&hellip;]<\/p>\n","protected":false},"author":1,"featured_media":0,"comment_status":"open","ping_status":"open","sticky":false,"template":"","format":"standard","meta":[],"categories":[1,10],"tags":[],"_links":{"self":[{"href":"https:\/\/www.digitalcarmagazine.com.tr\/Web\/wp-json\/wp\/v2\/posts\/6368"}],"collection":[{"href":"https:\/\/www.digitalcarmagazine.com.tr\/Web\/wp-json\/wp\/v2\/posts"}],"about":[{"href":"https:\/\/www.digitalcarmagazine.com.tr\/Web\/wp-json\/wp\/v2\/types\/post"}],"author":[{"embeddable":true,"href":"https:\/\/www.digitalcarmagazine.com.tr\/Web\/wp-json\/wp\/v2\/users\/1"}],"replies":[{"embeddable":true,"href":"https:\/\/www.digitalcarmagazine.com.tr\/Web\/wp-json\/wp\/v2\/comments?post=6368"}],"version-history":[{"count":2,"href":"https:\/\/www.digitalcarmagazine.com.tr\/Web\/wp-json\/wp\/v2\/posts\/6368\/revisions"}],"predecessor-version":[{"id":6373,"href":"https:\/\/www.digitalcarmagazine.com.tr\/Web\/wp-json\/wp\/v2\/posts\/6368\/revisions\/6373"}],"wp:attachment":[{"href":"https:\/\/www.digitalcarmagazine.com.tr\/Web\/wp-json\/wp\/v2\/media?parent=6368"}],"wp:term":[{"taxonomy":"category","embeddable":true,"href":"https:\/\/www.digitalcarmagazine.com.tr\/Web\/wp-json\/wp\/v2\/categories?post=6368"},{"taxonomy":"post_tag","embeddable":true,"href":"https:\/\/www.digitalcarmagazine.com.tr\/Web\/wp-json\/wp\/v2\/tags?post=6368"}],"curies":[{"name":"wp","href":"https:\/\/api.w.org\/{rel}","templated":true}]}}