{"id":6323,"date":"2013-05-08T17:54:56","date_gmt":"2013-05-08T17:54:56","guid":{"rendered":"http:\/\/www.digitalcarmagazine.com.tr\/Web\/?p=6323"},"modified":"2013-05-09T11:51:52","modified_gmt":"2013-05-09T11:51:52","slug":"kotu-adam%e2%80%99-arabasi","status":"publish","type":"post","link":"https:\/\/www.digitalcarmagazine.com.tr\/Web\/kotu-adam%e2%80%99-arabasi\/","title":{"rendered":"&#8216;K\u00f6t\u00fc adam&#8217; arabas\u0131!"},"content":{"rendered":"<h3><span style=\"color: #ff0000;\">Yaz\u0131:<\/span> Bahar Yapman \/ bahar@digitalcarmagazine.com.tr<\/h3>\n<h3>Kad\u0131ns\u0131 bir esteti\u011fin m\u00fckemmel \u015fekilde birle\u015fti\u011fi, keskin ve sert bak\u0131\u015fl\u0131, siyah \u2018K\u00f6t\u00fc Adam Arabas\u0131!\u2019<\/h3>\n<p><a href=\"https:\/\/www.digitalcarmagazine.com.tr\/Web\/?attachment_id=6324\" rel=\"attachment wp-att-6324\"><img loading=\"lazy\" class=\"alignleft size-medium wp-image-6324\" title=\"541734_238384086294749_1976420587_n\" src=\"https:\/\/www.digitalcarmagazine.com.tr\/Web\/wp-content\/uploads\/541734_238384086294749_1976420587_n-300x300.jpg\" alt=\"\" width=\"300\" height=\"300\" srcset=\"https:\/\/www.digitalcarmagazine.com.tr\/Web\/wp-content\/uploads\/541734_238384086294749_1976420587_n-300x300.jpg 300w, https:\/\/www.digitalcarmagazine.com.tr\/Web\/wp-content\/uploads\/541734_238384086294749_1976420587_n-150x150.jpg 150w, https:\/\/www.digitalcarmagazine.com.tr\/Web\/wp-content\/uploads\/541734_238384086294749_1976420587_n.jpg 618w\" sizes=\"(max-width: 300px) 100vw, 300px\" \/><\/a>Evet, ba\u015fl\u0131\u011f\u0131 okudu\u011funuz anda baz\u0131 modeller zihninizde canlanmaya ba\u015flad\u0131 diye d\u00fc\u015f\u00fcn\u00fcyorum. \u00a0Hatta onlara hemen bir karakterde y\u00fcklediniz. Hatta ve hatta kendi ki\u015fili\u011finize g\u00f6re modelinizi bile belirlediniz. \u015eahsen ben bunlar\u0131 defalarca yapt\u0131m. Hepimiz hayaller kurar\u0131z. G\u00fcnl\u00fck k\u0131yafetlerimizden seyahate, i\u015fimizden ili\u015fkilerimize, otomobillerden tutun da yiyece\u011fimiz \u015feylere kadar hep, her \u015feyle ilgili hayaller kurarak ya\u015far\u0131z. Bende hayalleri ger\u00e7e\u011fe d\u00f6n\u00fc\u015ft\u00fcren, \u00a0d\u00fc\u015flere ya\u015fam veren bir D\u00f6vme Sanat\u00e7\u0131s\u0131y\u0131m. Hayalleri insan bedenlerinde ebediyete ta\u015f\u0131yarak, onlar i\u00e7in unutulmaz bir an olarak sanat\u0131mla i\u015fliyorum.<\/p>\n<p>Peki araba sevdas\u0131 da nereden geldi demeyin. Kendimi bildim bileli hep ihtiya\u00e7tan \u00f6tedeydi. Bir Burnout delisi olarak araba par\u00e7alamak t\u00fcm oyunlardan daha keyifliydi. K\u0131sacas\u0131 \u2018Ne zaman o siyah kasay\u0131 g\u00f6rsem, ne zaman motorun o g\u00fc\u00e7l\u00fc sesini duysam i\u015fte hep ayn\u0131 duygu, \u2018bana ait\u2019 olmal\u0131!<\/p>\n<p>D\u00f6nelim ba\u015fl\u0131kta yazd\u0131\u011f\u0131m konuya, otomobiller! Araba m\u0131? Otomobil mi? San\u0131r\u0131m bu s\u00f6ylem hep bir tart\u0131\u015fma konusu. Otomotiv d\u00fcnyas\u0131nda \u2018otomobil\u2019 halk dilinde ise \u2018araba\u2019 olarak i\u015fleniyormu\u015f. Bende ilk \u00a0yaz\u0131da bu iki terimi de kulland\u0131m. Peki kimdir bu k\u00f6t\u00fc adam arabalar\u0131? Tabi ki Mustang\u2019lar, Corvette\u2019ler ve Plymouth\u2019lar&#8230;<\/p>\n<p>Ne varsa eskilerde var diye bo\u015funa dememi\u015fler! Teknoloji ile birlikte otomobillerin hissettirdikleri de yok olup gidiyor. D\u00fc\u015f\u00fck motor g\u00fcc\u00fc ya da sessiz ilerleyen bu mekanik aksamlar, eski zevki pek vermiyor gibi. Tabii bunlar benim ki\u015fisel fikirlerim. \u00c7evreyi az kirletmeli, elektrikli olmal\u0131 veya az yakmal\u0131\u2026 Fakat o eski ihti\u015fam\u0131n\u0131 da kesinlikle kaybetmemeli. Paran\u0131z varsa bir nebze hala bu duygular\u0131 tadabilirsiniz. Bir Mercedes, bir Porsche, bir Ferrari ya da Maserati! Bu modeller hala bu zevke hitap edebilir fakat sahip olmak hi\u00e7 de \u00f6yle kolay de\u011fildir. Deste deste bankonotlar! Eskiden bir Mercedes modelini kullanma f\u0131rsat\u0131m oldu. Konforu, teknolojisi her \u015fey harikayd\u0131. Fakat asla benim i\u00e7in \u2018K\u00f6t\u00fc Adam Arabas\u0131\u2019 olamazd\u0131. \u00c7\u00fcnk\u00fc istedi\u011fim konfor, l\u00fcks vs. bunlar de\u011fildi.<\/p>\n<p><a href=\"https:\/\/www.digitalcarmagazine.com.tr\/Web\/?attachment_id=6326\" rel=\"attachment wp-att-6326\"><img loading=\"lazy\" class=\"alignleft size-medium wp-image-6326\" title=\"mustang_rear\" src=\"https:\/\/www.digitalcarmagazine.com.tr\/Web\/wp-content\/uploads\/mustang_rear-300x150.jpg\" alt=\"\" width=\"300\" height=\"150\" srcset=\"https:\/\/www.digitalcarmagazine.com.tr\/Web\/wp-content\/uploads\/mustang_rear-300x150.jpg 300w, https:\/\/www.digitalcarmagazine.com.tr\/Web\/wp-content\/uploads\/mustang_rear-1024x512.jpg 1024w\" sizes=\"(max-width: 300px) 100vw, 300px\" \/><\/a><a href=\"https:\/\/www.digitalcarmagazine.com.tr\/Web\/?attachment_id=6325\" rel=\"attachment wp-att-6325\"><img loading=\"lazy\" class=\"alignleft size-medium wp-image-6325\" title=\"1970_plymouth_barracuda\" src=\"https:\/\/www.digitalcarmagazine.com.tr\/Web\/wp-content\/uploads\/1970_plymouth_barracuda-300x225.jpg\" alt=\"\" width=\"300\" height=\"225\" srcset=\"https:\/\/www.digitalcarmagazine.com.tr\/Web\/wp-content\/uploads\/1970_plymouth_barracuda-300x225.jpg 300w, https:\/\/www.digitalcarmagazine.com.tr\/Web\/wp-content\/uploads\/1970_plymouth_barracuda.jpeg 550w\" sizes=\"(max-width: 300px) 100vw, 300px\" \/><\/a>Ger\u00e7ek \u015fu ki, bu g\u00fcn tarif etmeye \u00e7al\u0131\u015ft\u0131\u011f\u0131m pek \u00e7ok \u015fey biraz lafta kal\u0131yor. Hen\u00fcz yan koltuklarda idare etmi\u015f biri olarak, beni heyecanland\u0131ran bu otomobilleri pardon arabalar\u0131 hen\u00fcz kullanm\u0131\u015f de\u011filim. Bu deneyimi en k\u0131sa s\u00fcrede ya\u015fayarak \u00a0burada \u00a0sizlerle payla\u015fmak istiyorum.<\/p>\n<p>Duygular\u0131m, yeteneklerimle birle\u015ferek \u00a0hayat\u0131ma y\u00f6n verir. Arabalar da benim i\u00e7in g\u00f6rsel bir etkiydi. Art\u0131k onlarla tan\u0131\u015fma vakti! K\u00f6t\u00fc adamla tan\u0131\u015fabilirim.<\/p>\n<p>Tekrar g\u00f6r\u00fc\u015fmek \u00fczere&#8230; Merhaba,<\/p>\n","protected":false},"excerpt":{"rendered":"<p>Yaz\u0131: Bahar Yapman \/ bahar@digitalcarmagazine.com.tr Kad\u0131ns\u0131 bir esteti\u011fin m\u00fckemmel \u015fekilde birle\u015fti\u011fi, keskin ve sert bak\u0131\u015fl\u0131, siyah \u2018K\u00f6t\u00fc Adam Arabas\u0131!\u2019 Evet, ba\u015fl\u0131\u011f\u0131 okudu\u011funuz anda baz\u0131 modeller zihninizde canlanmaya ba\u015flad\u0131 diye d\u00fc\u015f\u00fcn\u00fcyorum. \u00a0Hatta onlara hemen bir karakterde y\u00fcklediniz. Hatta ve hatta kendi ki\u015fili\u011finize g\u00f6re modelinizi bile belirlediniz. \u015eahsen ben bunlar\u0131 defalarca yapt\u0131m. Hepimiz hayaller kurar\u0131z. G\u00fcnl\u00fck k\u0131yafetlerimizden [&hellip;]<\/p>\n","protected":false},"author":1,"featured_media":0,"comment_status":"open","ping_status":"open","sticky":false,"template":"","format":"standard","meta":[],"categories":[1],"tags":[],"_links":{"self":[{"href":"https:\/\/www.digitalcarmagazine.com.tr\/Web\/wp-json\/wp\/v2\/posts\/6323"}],"collection":[{"href":"https:\/\/www.digitalcarmagazine.com.tr\/Web\/wp-json\/wp\/v2\/posts"}],"about":[{"href":"https:\/\/www.digitalcarmagazine.com.tr\/Web\/wp-json\/wp\/v2\/types\/post"}],"author":[{"embeddable":true,"href":"https:\/\/www.digitalcarmagazine.com.tr\/Web\/wp-json\/wp\/v2\/users\/1"}],"replies":[{"embeddable":true,"href":"https:\/\/www.digitalcarmagazine.com.tr\/Web\/wp-json\/wp\/v2\/comments?post=6323"}],"version-history":[{"count":13,"href":"https:\/\/www.digitalcarmagazine.com.tr\/Web\/wp-json\/wp\/v2\/posts\/6323\/revisions"}],"predecessor-version":[{"id":6349,"href":"https:\/\/www.digitalcarmagazine.com.tr\/Web\/wp-json\/wp\/v2\/posts\/6323\/revisions\/6349"}],"wp:attachment":[{"href":"https:\/\/www.digitalcarmagazine.com.tr\/Web\/wp-json\/wp\/v2\/media?parent=6323"}],"wp:term":[{"taxonomy":"category","embeddable":true,"href":"https:\/\/www.digitalcarmagazine.com.tr\/Web\/wp-json\/wp\/v2\/categories?post=6323"},{"taxonomy":"post_tag","embeddable":true,"href":"https:\/\/www.digitalcarmagazine.com.tr\/Web\/wp-json\/wp\/v2\/tags?post=6323"}],"curies":[{"name":"wp","href":"https:\/\/api.w.org\/{rel}","templated":true}]}}