{"id":6067,"date":"2013-04-11T09:11:16","date_gmt":"2013-04-11T09:11:16","guid":{"rendered":"http:\/\/www.digitalcarmagazine.com.tr\/Web\/?p=6067"},"modified":"2013-04-11T09:11:17","modified_gmt":"2013-04-11T09:11:17","slug":"yeni-kugada-hedef-uretim-100-000-adet","status":"publish","type":"post","link":"https:\/\/www.digitalcarmagazine.com.tr\/Web\/yeni-kugada-hedef-uretim-100-000-adet\/","title":{"rendered":"Yeni Kuga&#8217;da hedef \u00fcretim 100.000 adet!"},"content":{"rendered":"<h3 style=\"text-align: left;\" align=\"center\">Ford Avrupa, Yeni Ford Kuga\u2019ya olan y\u00fcksek talebi kar\u015f\u0131lamak \u00fczere \u0130spanya-Valencia fabrikas\u0131ndaki \u00fcretimi y\u00fczde 10 art\u0131raca\u011f\u0131n\u0131 a\u00e7\u0131klad\u0131.\u00a0Kuga\u2019n\u0131n y\u0131ll\u0131k \u00fcretim adedi Avrupa\u2019da ilk kez 100.000\u2019e ula\u015facak.\u00a0Yeni Kuga\u2019n\u0131n 2013 \u015eubat ay\u0131 sat\u0131\u015flar\u0131, bir \u00f6nceki y\u0131l\u0131n ayn\u0131 d\u00f6nemine g\u00f6re y\u00fczde 27 oran\u0131nda artt\u0131.\u00a0Yeni Kuga\u2019ya sahip olmak i\u00e7in \u00fclkemizde 3 ay s\u0131ra beklemek gerekiyor.<\/h3>\n<p style=\"text-align: left;\"><a href=\"https:\/\/www.digitalcarmagazine.com.tr\/Web\/?attachment_id=6068\" rel=\"attachment wp-att-6068\"><img loading=\"lazy\" class=\"alignleft size-medium wp-image-6068\" title=\"Yeni Ford Kuga 2\" src=\"https:\/\/www.digitalcarmagazine.com.tr\/Web\/wp-content\/uploads\/Yeni-Ford-Kuga-2-300x200.jpg\" alt=\"\" width=\"300\" height=\"200\" srcset=\"https:\/\/www.digitalcarmagazine.com.tr\/Web\/wp-content\/uploads\/Yeni-Ford-Kuga-2-300x200.jpg 300w, https:\/\/www.digitalcarmagazine.com.tr\/Web\/wp-content\/uploads\/Yeni-Ford-Kuga-2.jpg 567w\" sizes=\"(max-width: 300px) 100vw, 300px\" \/><\/a>Ford Avrupa, SUV s\u0131n\u0131f\u0131ndaki temsilcisi Kuga\u2019ya olan y\u00fcksek talebi kar\u015f\u0131lamak \u00fczere, \u0130spanya\u2019n\u0131n Valencia kentindeki fabrikas\u0131n\u0131n \u00fcretim adedini y\u00fczde 10 oran\u0131nda art\u0131raca\u011f\u0131n\u0131 a\u00e7\u0131klad\u0131. Yeni Kuga\u2019ya Avrupa\u2019da g\u00f6sterilen yo\u011fun ilgi T\u00fcrkiye\u2019de de g\u00f6r\u00fcl\u00fcyor. Kuga, tan\u0131t\u0131m\u0131n\u0131n ard\u0131ndan ge\u00e7en 1,5 ayda 270 adet sat\u0131\u015f ba\u015far\u0131s\u0131 g\u00f6sterdi. \u00d6zellikle 1.6 litre 182 HP g\u00fcc\u00fcndeki otomatik \u015fanz\u0131manl\u0131 EcoBoost benzinli versiyonu i\u00e7in \u00fclkemizdeki sipari\u015fler i\u00e7in 3 ay sonras\u0131na s\u0131ra vermeye ba\u015flad\u0131. Bu yo\u011fun talep kar\u015f\u0131s\u0131nda Valencia-\u0130spanya\u2019daki \u00fcretimi art\u0131ran Ford, y\u0131ll\u0131k Kuga \u00fcretiminde Avrupa\u2019da ilk kez 100.000 adede ula\u015faca\u011f\u0131n\u0131 a\u00e7\u0131klad\u0131. T\u00fcrkiye\u2019de de y\u0131lsonuna kadar 2.600 adet Yeni Kuga sat\u0131lmas\u0131 bekleniyor.<\/p>\n<p style=\"text-align: left;\">\n","protected":false},"excerpt":{"rendered":"<p>Ford Avrupa, Yeni Ford Kuga\u2019ya olan y\u00fcksek talebi kar\u015f\u0131lamak \u00fczere \u0130spanya-Valencia fabrikas\u0131ndaki \u00fcretimi y\u00fczde 10 art\u0131raca\u011f\u0131n\u0131 a\u00e7\u0131klad\u0131.\u00a0Kuga\u2019n\u0131n y\u0131ll\u0131k \u00fcretim adedi Avrupa\u2019da ilk kez 100.000\u2019e ula\u015facak.\u00a0Yeni Kuga\u2019n\u0131n 2013 \u015eubat ay\u0131 sat\u0131\u015flar\u0131, bir \u00f6nceki y\u0131l\u0131n ayn\u0131 d\u00f6nemine g\u00f6re y\u00fczde 27 oran\u0131nda artt\u0131.\u00a0Yeni Kuga\u2019ya sahip olmak i\u00e7in \u00fclkemizde 3 ay s\u0131ra beklemek gerekiyor. Ford Avrupa, SUV s\u0131n\u0131f\u0131ndaki temsilcisi [&hellip;]<\/p>\n","protected":false},"author":1,"featured_media":0,"comment_status":"open","ping_status":"open","sticky":false,"template":"","format":"standard","meta":[],"categories":[1],"tags":[],"_links":{"self":[{"href":"https:\/\/www.digitalcarmagazine.com.tr\/Web\/wp-json\/wp\/v2\/posts\/6067"}],"collection":[{"href":"https:\/\/www.digitalcarmagazine.com.tr\/Web\/wp-json\/wp\/v2\/posts"}],"about":[{"href":"https:\/\/www.digitalcarmagazine.com.tr\/Web\/wp-json\/wp\/v2\/types\/post"}],"author":[{"embeddable":true,"href":"https:\/\/www.digitalcarmagazine.com.tr\/Web\/wp-json\/wp\/v2\/users\/1"}],"replies":[{"embeddable":true,"href":"https:\/\/www.digitalcarmagazine.com.tr\/Web\/wp-json\/wp\/v2\/comments?post=6067"}],"version-history":[{"count":3,"href":"https:\/\/www.digitalcarmagazine.com.tr\/Web\/wp-json\/wp\/v2\/posts\/6067\/revisions"}],"predecessor-version":[{"id":6071,"href":"https:\/\/www.digitalcarmagazine.com.tr\/Web\/wp-json\/wp\/v2\/posts\/6067\/revisions\/6071"}],"wp:attachment":[{"href":"https:\/\/www.digitalcarmagazine.com.tr\/Web\/wp-json\/wp\/v2\/media?parent=6067"}],"wp:term":[{"taxonomy":"category","embeddable":true,"href":"https:\/\/www.digitalcarmagazine.com.tr\/Web\/wp-json\/wp\/v2\/categories?post=6067"},{"taxonomy":"post_tag","embeddable":true,"href":"https:\/\/www.digitalcarmagazine.com.tr\/Web\/wp-json\/wp\/v2\/tags?post=6067"}],"curies":[{"name":"wp","href":"https:\/\/api.w.org\/{rel}","templated":true}]}}