{"id":6050,"date":"2013-04-11T08:59:02","date_gmt":"2013-04-11T08:59:02","guid":{"rendered":"http:\/\/www.digitalcarmagazine.com.tr\/Web\/?p=6050"},"modified":"2013-04-11T08:59:02","modified_gmt":"2013-04-11T08:59:02","slug":"opelde-nisan-ayina-ozel-firsatlar","status":"publish","type":"post","link":"https:\/\/www.digitalcarmagazine.com.tr\/Web\/opelde-nisan-ayina-ozel-firsatlar\/","title":{"rendered":"Opel&#8217;de Nisan ay\u0131na \u00f6zel f\u0131rsatlar!"},"content":{"rendered":"<h3>Bahar ay\u0131n\u0131n gelmesi ile birlikte markalar\u0131n f\u0131rsatlar\u0131 da ba\u015flad\u0131. Opel&#8217;de bu ak\u0131ma uyarak Nisan ay\u0131na \u00f6zel fiyatlar\u0131n\u0131 a\u00e7\u0131klad\u0131&#8230;<\/h3>\n<p><a href=\"https:\/\/www.digitalcarmagazine.com.tr\/Web\/?attachment_id=6051\" rel=\"attachment wp-att-6051\"><img loading=\"lazy\" class=\"alignleft size-medium wp-image-6051\" title=\"Opel Astra Sedan\" src=\"https:\/\/www.digitalcarmagazine.com.tr\/Web\/wp-content\/uploads\/Opel-Astra-Sedan-300x128.jpg\" alt=\"\" width=\"300\" height=\"128\" srcset=\"https:\/\/www.digitalcarmagazine.com.tr\/Web\/wp-content\/uploads\/Opel-Astra-Sedan-300x128.jpg 300w, https:\/\/www.digitalcarmagazine.com.tr\/Web\/wp-content\/uploads\/Opel-Astra-Sedan.jpg 567w\" sizes=\"(max-width: 300px) 100vw, 300px\" \/><\/a><a href=\"https:\/\/www.digitalcarmagazine.com.tr\/Web\/?attachment_id=6052\" rel=\"attachment wp-att-6052\"><img loading=\"lazy\" class=\"alignleft size-medium wp-image-6052\" title=\"Adam-2\" src=\"https:\/\/www.digitalcarmagazine.com.tr\/Web\/wp-content\/uploads\/Adam-2-300x198.jpg\" alt=\"\" width=\"300\" height=\"198\" srcset=\"https:\/\/www.digitalcarmagazine.com.tr\/Web\/wp-content\/uploads\/Adam-2-300x198.jpg 300w, https:\/\/www.digitalcarmagazine.com.tr\/Web\/wp-content\/uploads\/Adam-2.jpg 567w\" sizes=\"(max-width: 300px) 100vw, 300px\" \/><\/a>Sedan segmentinin en be\u011fenilen modeli Yeni Astra Sedan\u2019a yeni bir donan\u0131m seviyesi olan business eklendi.\u00a0Yeni Astra Sedan Business 1.6 lt. 115 hp. D\u00fcz vites <strong>47,149<\/strong> TL.Yeni Astra Sedan 1.3 lt. Dizel 95 hp. Edition <strong>55.634<\/strong> TL.\u00a0Opel\u2019in bu ay pazara sundu\u011fu Adam modeli i\u00e7in lansmana \u00f6zel takas kampanyalar\u0131\u00a0Jam modeli\u00a0 <strong>39,000 <\/strong>TL,\u00a0Glam modeli <strong>41,500<\/strong> TL,\u00a0Slam modeli\u00a0 <strong>42,000<\/strong> TL.<\/p>\n<p>Astra Classic ailesi ;<\/p>\n<ul>\n<li>Astra HB Classic Essentia <strong>34.511<\/strong> TL.,<\/li>\n<li>Astra Sedan Classic Enjoy Plus <strong>39.811<\/strong> TL.<\/li>\n<\/ul>\n<p>Corsa ailesi ;<\/p>\n<ul>\n<li>1.2 lt.\u00a0 Twinport <strong>29.815<\/strong> TL.,<\/li>\n<li>1.4 lt. \u00a0Twinport Essentia otomotik <strong>34.420<\/strong> TL.,<\/li>\n<li>1.4 lt \u00a0\u00a0Twinport Enjoy Active <strong>33.927 <\/strong>TL.<\/li>\n<\/ul>\n","protected":false},"excerpt":{"rendered":"<p>Bahar ay\u0131n\u0131n gelmesi ile birlikte markalar\u0131n f\u0131rsatlar\u0131 da ba\u015flad\u0131. Opel&#8217;de bu ak\u0131ma uyarak Nisan ay\u0131na \u00f6zel fiyatlar\u0131n\u0131 a\u00e7\u0131klad\u0131&#8230; Sedan segmentinin en be\u011fenilen modeli Yeni Astra Sedan\u2019a yeni bir donan\u0131m seviyesi olan business eklendi.\u00a0Yeni Astra Sedan Business 1.6 lt. 115 hp. D\u00fcz vites 47,149 TL.Yeni Astra Sedan 1.3 lt. Dizel 95 hp. Edition 55.634 TL.\u00a0Opel\u2019in bu [&hellip;]<\/p>\n","protected":false},"author":1,"featured_media":0,"comment_status":"open","ping_status":"open","sticky":false,"template":"","format":"standard","meta":[],"categories":[1,9],"tags":[],"_links":{"self":[{"href":"https:\/\/www.digitalcarmagazine.com.tr\/Web\/wp-json\/wp\/v2\/posts\/6050"}],"collection":[{"href":"https:\/\/www.digitalcarmagazine.com.tr\/Web\/wp-json\/wp\/v2\/posts"}],"about":[{"href":"https:\/\/www.digitalcarmagazine.com.tr\/Web\/wp-json\/wp\/v2\/types\/post"}],"author":[{"embeddable":true,"href":"https:\/\/www.digitalcarmagazine.com.tr\/Web\/wp-json\/wp\/v2\/users\/1"}],"replies":[{"embeddable":true,"href":"https:\/\/www.digitalcarmagazine.com.tr\/Web\/wp-json\/wp\/v2\/comments?post=6050"}],"version-history":[{"count":2,"href":"https:\/\/www.digitalcarmagazine.com.tr\/Web\/wp-json\/wp\/v2\/posts\/6050\/revisions"}],"predecessor-version":[{"id":6054,"href":"https:\/\/www.digitalcarmagazine.com.tr\/Web\/wp-json\/wp\/v2\/posts\/6050\/revisions\/6054"}],"wp:attachment":[{"href":"https:\/\/www.digitalcarmagazine.com.tr\/Web\/wp-json\/wp\/v2\/media?parent=6050"}],"wp:term":[{"taxonomy":"category","embeddable":true,"href":"https:\/\/www.digitalcarmagazine.com.tr\/Web\/wp-json\/wp\/v2\/categories?post=6050"},{"taxonomy":"post_tag","embeddable":true,"href":"https:\/\/www.digitalcarmagazine.com.tr\/Web\/wp-json\/wp\/v2\/tags?post=6050"}],"curies":[{"name":"wp","href":"https:\/\/api.w.org\/{rel}","templated":true}]}}