{"id":5967,"date":"2013-03-29T16:04:49","date_gmt":"2013-03-29T16:04:49","guid":{"rendered":"http:\/\/www.digitalcarmagazine.com.tr\/Web\/?p=5967"},"modified":"2013-03-29T16:04:49","modified_gmt":"2013-03-29T16:04:49","slug":"opel-adam-turkiye-pazarinda","status":"publish","type":"post","link":"https:\/\/www.digitalcarmagazine.com.tr\/Web\/opel-adam-turkiye-pazarinda\/","title":{"rendered":"Opel ADAM T\u00fcrkiye pazar\u0131nda"},"content":{"rendered":"<h3 style=\"text-align: left;\" align=\"center\">\u201cBir Otomobil Bir\u00e7ok Ki\u015filik\u201d slogan\u0131yla lansman\u0131 yap\u0131lan Opel\u2019in yeni otomobili ADAM T\u00fcrkiye Pazar\u0131nda. ADAM\u2019a ho\u015fgeldin partisi geni\u015f kat\u0131l\u0131mc\u0131 kitlesiyle ADAM\u2019\u0131n ruhuna \u00f6zg\u00fc semtte Ni\u015fanta\u015f\u0131\u2019nda kutland\u0131. Opel T\u00fcrkiye Genel M\u00fcd\u00fcr\u00fc \u00d6zcan Keklik\u2019in konu\u015fmas\u0131yla ba\u015flayan parti, Batuhan Piatti\u2019nin ADAM\u2019\u0131n konseptine uygun yemek \u015fovlar\u0131yla devam etti. Son olarakta K\u00fcbal\u0131 Sanat\u00e7\u0131lar, ADAM\u2019\u0131n s\u0131cakl\u0131\u011f\u0131n\u0131 kat\u0131l\u0131mc\u0131lara m\u00fczikleriyle yans\u0131tt\u0131lar. Partiye kat\u0131lan Cezmi Bask\u0131n, Ergin Ataman, Ender Arslan, Cenk Akyol, Gizem \u00d6zdilli, Mehmet Aslan gibi tan\u0131nm\u0131\u015f simalar ADAM\u2019a ho\u015fgeldin dedi. Yeni ADAM\u2019lar Ni\u015fanta\u015f\u0131 sokaklar\u0131n\u0131 s\u00fcslerken b\u00fct\u00fcn dikkatleri \u00fczerine \u00e7ekti.<\/h3>\n<p style=\"text-align: left;\" align=\"center\"><a href=\"https:\/\/www.digitalcarmagazine.com.tr\/Web\/wp-content\/uploads\/39.jpg\"><img loading=\"lazy\" class=\"alignleft size-medium wp-image-5968\" title=\"3\" src=\"https:\/\/www.digitalcarmagazine.com.tr\/Web\/wp-content\/uploads\/39-300x199.jpg\" alt=\"\" width=\"300\" height=\"199\" srcset=\"https:\/\/www.digitalcarmagazine.com.tr\/Web\/wp-content\/uploads\/39-300x199.jpg 300w, https:\/\/www.digitalcarmagazine.com.tr\/Web\/wp-content\/uploads\/39.jpg 515w\" sizes=\"(max-width: 300px) 100vw, 300px\" \/><\/a><a href=\"https:\/\/www.digitalcarmagazine.com.tr\/Web\/wp-content\/uploads\/29.jpg\"><img loading=\"lazy\" class=\"alignleft size-full wp-image-5969\" title=\"2\" src=\"https:\/\/www.digitalcarmagazine.com.tr\/Web\/wp-content\/uploads\/29.jpg\" alt=\"\" width=\"102\" height=\"154\" \/><\/a>Jam &#8211; Glam &#8211; Slam olmak \u00fczere \u00fc\u00e7 farkl\u0131 model se\u00e7ene\u011fiyle sat\u0131\u015fa \u00e7\u0131kan ADAM, 70 HP g\u00fc\u00e7 \u00fcreten 1.2 lt benzinli motora sahip.T\u00fcm modellerde be\u015f ileri manuel\u00a0 \u015fanz\u0131man ile yak\u0131t tasarrufu sa\u011flayan Start\/Stop teknolojisi sunan ADAM, \u015fimdiye kadar temsil edilmedi\u011fi bir segmentte yerini ald\u0131 ve 39 bin TL. den ba\u015flayan fiyatlarla sat\u0131\u015fa \u00e7\u0131kt\u0131.\u00a0ADAM, bir\u00e7ok ki\u015fiselle\u015ftirme \u00f6zelli\u011fi ve tasar\u0131m\u0131 ile \u00f6n plana \u00e7\u0131k\u0131yor. \u0130ki renk kayan tavanl\u0131, 3.7 metrelik uzunluk ve 1.7 metrelik geni\u015fli\u011fe sahip ADAM\u2019da t\u00fcm motor se\u00e7enekleri be\u015f ileri manuel \u015fanz\u0131manl\u0131. Ayr\u0131ca EcoFlex teknolojisine uyumlu, yak\u0131t tasarrufu sa\u011flayan start &amp; stop motor da opsiyonel olarak sunuluyor.<\/p>\n<p style=\"text-align: left;\">ADAM\u2019\u0131n 3 model se\u00e7ene\u011fi 3 farkl\u0131 karakter yarat\u0131yor. Moda merakl\u0131lar\u0131na JAM, rafine zevkleri olanlara GLAM, sportif ki\u015filere ise SLAM hitap etmekte.\u00a0T\u00fcketicilerin, ki\u015fisel tarzlar\u0131n\u0131 yans\u0131tabilecekleri, ki\u015fiselle\u015ftirilmi\u015f bu 3 farkl\u0131 trim t\u00fcketiciye 3 tavan rengi, farkl\u0131 i\u00e7 mekan renkleri, dekorlar ve \u00e7e\u015fitli LED ayd\u0131nlatma se\u00e7enekleri ile sunuyor.\u00a0ADAM\u2019\u0131n, A Segmentteki farkl\u0131l\u0131\u011f\u0131; retro tabanl\u0131 tasar\u0131m\u0131 ve modern g\u00f6r\u00fcn\u00fcm\u00fc ile trendi belirlemesi ve ilk kez \u00f6n farlar ve arka stop lambalar\u0131nda enerji tasarruflu LED teknolojisinin kullan\u0131lmas\u0131.\u00a0ADAM, Opel\u2019in, geleneksel sistemlere g\u00f6re daha fazla uyumluluk ve esneklik sa\u011flayan yeni bilgi-e\u011flence sistemlerine sahip ilk otomobili. Yeni bilgi-e\u011flence sistemi, GPS navigasyon gibi internet tabanl\u0131 uygulamalar\u0131 i\u00e7eren ak\u0131ll\u0131 telefon i\u00e7eri\u011fine ula\u015fmay\u0131 sa\u011fl\u0131yor. \u0130\u00e7eri\u011fi topluyor ve ve 7\u201d lik y\u00fcksek \u00e7\u00f6z\u00fcn\u00fcrl\u00fckl\u00fc renkli dokunmatik ekranda g\u00f6steriyor.\u00a0Ayr\u0131ca, MP3 \u00e7alarlar, ipodlar ve tabletler gibi yeni medya kaynaklar\u0131na ADAM\u2019\u0131n bluetooth ve USB ba\u011flant\u0131lar\u0131 sayesinde ula\u015f\u0131labiliyor. USB ve Bluetooth ba\u011flant\u0131lar\u0131 olmayan m\u00fczik ayg\u0131tlar\u0131 i\u00e7in de bir g\u00fc\u00e7 \u00e7\u0131k\u0131\u015f\u0131 bulunuyor. Video ya da slideshow izlemek isteyen ADAM kullan\u0131c\u0131lar\u0131 da otomobil sabitken bunu ger\u00e7ekle\u015ftirebiliyor.\u00a0Bununla birlikte Yeni nesil Geli\u015fmi\u015f Park Pilotu (APA II), ADAM ile sunuluyor. S\u00fcr\u00fcc\u00fcler, bir d\u00fc\u011fme ile sistemi aktif hale getiriyor. Sistem otomatik olarak uygun park alan\u0131na do\u011fru direksiyonu k\u0131r\u0131yor. B\u00f6ylece s\u00fcr\u00fcc\u00fcn\u00fcn tek yapmas\u0131 gereken freni, debriyaj\u0131 ve vitesi kontrol etmek oluyor. Otomobillerinin verdi\u011fi direktiflere uyarak en uygun paralel park bo\u015flu\u011funa park ediyor. Ultrasonik sens\u00f6rler kullanan K\u00f6r Nokta Uyar\u0131 Sistemi (SBSA) de bu segmentte ilk olma \u00f6zelli\u011fini ta\u015f\u0131yor.<\/p>\n<p style=\"text-align: left;\">2311 mm\u2019lik aks mesafesi ile \u015fasi, aktif g\u00fcvenlik ve konfor sa\u011flamak \u00fczere tasarland\u0131, 15\u201dden 18\u201de kadar tekerlekler ve 17\u201d \u2013 18\u201d jantlar spor \u015fasi ile birlikte standart olarak geliyor. Elektrikli Direksiyona (EPS) entegre CITY modu ile d\u00fc\u011fmeye bir dokunu\u015fla d\u00fc\u015f\u00fck h\u0131zda g\u00fc\u00e7 asistan\u0131 devreye giriyor. Bu sistemde \u201cYoku\u015fta Kalk\u0131\u015f Deste\u011fi\u201d gibi bir\u00e7ok fonksiyonu da beraberinde getiriyor.<\/p>\n<p style=\"text-align: left;\">Y\u00fcksek seviyede pasif g\u00fcvenlik, g\u00fc\u00e7lendirilmi\u015f \u00e7elikten yap\u0131lm\u0131\u015f ultra sert yolcu b\u00f6lmesi ile sa\u011flan\u0131yor. \u00d6n, yan, perde hava yast\u0131klar\u0131 ve \u00f6n koltuklarda \u00c7ift Gergili Emniyet Kemeri ile ilave diz ve ayak korumas\u0131 sa\u011flan\u0131yor. Ayr\u0131ca, iki ISOFIX ba\u011flant\u0131s\u0131 ile g\u00fcvenle ba\u011flanabilen \u00e7ocuk koltuklar\u0131 da di\u011fer g\u00fcvenlik \u00f6zelliklerinden.<\/p>\n","protected":false},"excerpt":{"rendered":"<p>\u201cBir Otomobil Bir\u00e7ok Ki\u015filik\u201d slogan\u0131yla lansman\u0131 yap\u0131lan Opel\u2019in yeni otomobili ADAM T\u00fcrkiye Pazar\u0131nda. ADAM\u2019a ho\u015fgeldin partisi geni\u015f kat\u0131l\u0131mc\u0131 kitlesiyle ADAM\u2019\u0131n ruhuna \u00f6zg\u00fc semtte Ni\u015fanta\u015f\u0131\u2019nda kutland\u0131. Opel T\u00fcrkiye Genel M\u00fcd\u00fcr\u00fc \u00d6zcan Keklik\u2019in konu\u015fmas\u0131yla ba\u015flayan parti, Batuhan Piatti\u2019nin ADAM\u2019\u0131n konseptine uygun yemek \u015fovlar\u0131yla devam etti. Son olarakta K\u00fcbal\u0131 Sanat\u00e7\u0131lar, ADAM\u2019\u0131n s\u0131cakl\u0131\u011f\u0131n\u0131 kat\u0131l\u0131mc\u0131lara m\u00fczikleriyle yans\u0131tt\u0131lar. Partiye kat\u0131lan Cezmi [&hellip;]<\/p>\n","protected":false},"author":1,"featured_media":0,"comment_status":"open","ping_status":"open","sticky":false,"template":"","format":"standard","meta":[],"categories":[1],"tags":[],"_links":{"self":[{"href":"https:\/\/www.digitalcarmagazine.com.tr\/Web\/wp-json\/wp\/v2\/posts\/5967"}],"collection":[{"href":"https:\/\/www.digitalcarmagazine.com.tr\/Web\/wp-json\/wp\/v2\/posts"}],"about":[{"href":"https:\/\/www.digitalcarmagazine.com.tr\/Web\/wp-json\/wp\/v2\/types\/post"}],"author":[{"embeddable":true,"href":"https:\/\/www.digitalcarmagazine.com.tr\/Web\/wp-json\/wp\/v2\/users\/1"}],"replies":[{"embeddable":true,"href":"https:\/\/www.digitalcarmagazine.com.tr\/Web\/wp-json\/wp\/v2\/comments?post=5967"}],"version-history":[{"count":1,"href":"https:\/\/www.digitalcarmagazine.com.tr\/Web\/wp-json\/wp\/v2\/posts\/5967\/revisions"}],"predecessor-version":[{"id":5970,"href":"https:\/\/www.digitalcarmagazine.com.tr\/Web\/wp-json\/wp\/v2\/posts\/5967\/revisions\/5970"}],"wp:attachment":[{"href":"https:\/\/www.digitalcarmagazine.com.tr\/Web\/wp-json\/wp\/v2\/media?parent=5967"}],"wp:term":[{"taxonomy":"category","embeddable":true,"href":"https:\/\/www.digitalcarmagazine.com.tr\/Web\/wp-json\/wp\/v2\/categories?post=5967"},{"taxonomy":"post_tag","embeddable":true,"href":"https:\/\/www.digitalcarmagazine.com.tr\/Web\/wp-json\/wp\/v2\/tags?post=5967"}],"curies":[{"name":"wp","href":"https:\/\/api.w.org\/{rel}","templated":true}]}}