{"id":5963,"date":"2013-03-29T16:02:24","date_gmt":"2013-03-29T16:02:24","guid":{"rendered":"http:\/\/www.digitalcarmagazine.com.tr\/Web\/?p=5963"},"modified":"2013-03-29T16:02:24","modified_gmt":"2013-03-29T16:02:24","slug":"fiat%e2%80%99in-ticarilerine-ingiltere%e2%80%99den-odul","status":"publish","type":"post","link":"https:\/\/www.digitalcarmagazine.com.tr\/Web\/fiat%e2%80%99in-ticarilerine-ingiltere%e2%80%99den-odul\/","title":{"rendered":"Fiat\u2019\u0131n Ticarilerine \u0130ngiltere\u2019den \u00d6d\u00fcl!"},"content":{"rendered":"<h3 style=\"text-align: left;\" align=\"center\">Tofa\u015f\u2019\u0131n Bursa\u2019daki fabrikas\u0131nda \u00fcretilen ve Yeni Fiat Doblo baz al\u0131narak geli\u015ftirilen kasal\u0131 kamyonet Fiat Pratico ile fikri m\u00fclkiyet haklar\u0131n\u0131n tamam\u0131 Tofa\u015f\u2019a ait olan Fiat Fiorino\u2019ya \u00a0\u0130ngiltere\u2019den \u00f6d\u00fcl geldi.<\/h3>\n<p style=\"text-align: left;\" align=\"center\"><a href=\"https:\/\/www.digitalcarmagazine.com.tr\/Web\/wp-content\/uploads\/Fiat-Fiorino.jpg\"><img loading=\"lazy\" class=\"alignleft size-medium wp-image-5964\" title=\"Fiat Fiorino\" src=\"https:\/\/www.digitalcarmagazine.com.tr\/Web\/wp-content\/uploads\/Fiat-Fiorino-300x185.jpg\" alt=\"\" width=\"300\" height=\"185\" srcset=\"https:\/\/www.digitalcarmagazine.com.tr\/Web\/wp-content\/uploads\/Fiat-Fiorino-300x185.jpg 300w, https:\/\/www.digitalcarmagazine.com.tr\/Web\/wp-content\/uploads\/Fiat-Fiorino.jpg 888w\" sizes=\"(max-width: 300px) 100vw, 300px\" \/><\/a><a href=\"https:\/\/www.digitalcarmagazine.com.tr\/Web\/wp-content\/uploads\/Fiat-Pratico1.jpg\"><img loading=\"lazy\" class=\"alignleft size-medium wp-image-5965\" title=\"Fiat Pratico\" src=\"https:\/\/www.digitalcarmagazine.com.tr\/Web\/wp-content\/uploads\/Fiat-Pratico1-300x224.jpg\" alt=\"\" width=\"300\" height=\"224\" srcset=\"https:\/\/www.digitalcarmagazine.com.tr\/Web\/wp-content\/uploads\/Fiat-Pratico1-300x224.jpg 300w, https:\/\/www.digitalcarmagazine.com.tr\/Web\/wp-content\/uploads\/Fiat-Pratico1.jpg 567w\" sizes=\"(max-width: 300px) 100vw, 300px\" \/><\/a>Trade Van Driver isimli, \u0130ngiltere\u2019nin \u00f6nde gelen ticari ara\u00e7 odakl\u0131 dergisinin edit\u00f6rleriyle ve perakende m\u00fc\u015fterileriyle yapt\u0131\u011f\u0131 ortak oylamalar sonucunda Fiat Fiorino, \u201cTrade Van Driver Awards 2013\u201d kapsam\u0131nda \u201c<em>Y\u0131l\u0131n En \u0130yi \u015eehir \u0130\u00e7i Van\u0131\u201d<\/em> Fiat Pratico ise <em>\u201cY\u0131l\u0131n En \u0130yi K\u00fc\u00e7\u00fck Kamyoneti\u201d <\/em>se\u00e7ildi.\u00a0J\u00fcri, Tofa\u015f taraf\u0131ndan \u00fcretilen Fiat Pratico\u2019nun sa\u011flam ve kaliteli bir a\u00e7\u0131k alan\u0131n yan\u0131nda konforlu s\u00fcr\u00fc\u015f \u00f6zellikleri sundu\u011funa de\u011finirken, Fiat Fiorino\u2019nun kompakt boyutlar\u0131na kar\u015f\u0131n, geni\u015f i\u00e7 hacim ve \u015fehir hayat\u0131na uyum sa\u011flayan yetenekleri sayesinde \u00f6zellikle k\u00fc\u00e7\u00fck i\u015fletme sahiplerine fayda sa\u011flad\u0131\u011f\u0131n\u0131 da vurgulad\u0131.<\/p>\n<p style=\"text-align: left;\">\n<p style=\"text-align: left;\">\n","protected":false},"excerpt":{"rendered":"<p>Tofa\u015f\u2019\u0131n Bursa\u2019daki fabrikas\u0131nda \u00fcretilen ve Yeni Fiat Doblo baz al\u0131narak geli\u015ftirilen kasal\u0131 kamyonet Fiat Pratico ile fikri m\u00fclkiyet haklar\u0131n\u0131n tamam\u0131 Tofa\u015f\u2019a ait olan Fiat Fiorino\u2019ya \u00a0\u0130ngiltere\u2019den \u00f6d\u00fcl geldi. Trade Van Driver isimli, \u0130ngiltere\u2019nin \u00f6nde gelen ticari ara\u00e7 odakl\u0131 dergisinin edit\u00f6rleriyle ve perakende m\u00fc\u015fterileriyle yapt\u0131\u011f\u0131 ortak oylamalar sonucunda Fiat Fiorino, \u201cTrade Van Driver Awards 2013\u201d kapsam\u0131nda [&hellip;]<\/p>\n","protected":false},"author":1,"featured_media":0,"comment_status":"open","ping_status":"open","sticky":false,"template":"","format":"standard","meta":[],"categories":[1],"tags":[],"_links":{"self":[{"href":"https:\/\/www.digitalcarmagazine.com.tr\/Web\/wp-json\/wp\/v2\/posts\/5963"}],"collection":[{"href":"https:\/\/www.digitalcarmagazine.com.tr\/Web\/wp-json\/wp\/v2\/posts"}],"about":[{"href":"https:\/\/www.digitalcarmagazine.com.tr\/Web\/wp-json\/wp\/v2\/types\/post"}],"author":[{"embeddable":true,"href":"https:\/\/www.digitalcarmagazine.com.tr\/Web\/wp-json\/wp\/v2\/users\/1"}],"replies":[{"embeddable":true,"href":"https:\/\/www.digitalcarmagazine.com.tr\/Web\/wp-json\/wp\/v2\/comments?post=5963"}],"version-history":[{"count":1,"href":"https:\/\/www.digitalcarmagazine.com.tr\/Web\/wp-json\/wp\/v2\/posts\/5963\/revisions"}],"predecessor-version":[{"id":5966,"href":"https:\/\/www.digitalcarmagazine.com.tr\/Web\/wp-json\/wp\/v2\/posts\/5963\/revisions\/5966"}],"wp:attachment":[{"href":"https:\/\/www.digitalcarmagazine.com.tr\/Web\/wp-json\/wp\/v2\/media?parent=5963"}],"wp:term":[{"taxonomy":"category","embeddable":true,"href":"https:\/\/www.digitalcarmagazine.com.tr\/Web\/wp-json\/wp\/v2\/categories?post=5963"},{"taxonomy":"post_tag","embeddable":true,"href":"https:\/\/www.digitalcarmagazine.com.tr\/Web\/wp-json\/wp\/v2\/tags?post=5963"}],"curies":[{"name":"wp","href":"https:\/\/api.w.org\/{rel}","templated":true}]}}