{"id":5941,"date":"2013-03-29T15:31:28","date_gmt":"2013-03-29T15:31:28","guid":{"rendered":"http:\/\/www.digitalcarmagazine.com.tr\/Web\/?p=5941"},"modified":"2013-04-11T10:39:26","modified_gmt":"2013-04-11T10:39:26","slug":"kocaeli%e2%80%99nde1-milyonuncu-ford-transit-connect","status":"publish","type":"post","link":"https:\/\/www.digitalcarmagazine.com.tr\/Web\/kocaeli%e2%80%99nde1-milyonuncu-ford-transit-connect\/","title":{"rendered":"Kocaeli\u2019nde,1 milyonuncu Ford Transit Connect!"},"content":{"rendered":"<h3 style=\"text-align: left;\" align=\"center\">T\u00fcrkiye\u2019nin lider otomotiv firmas\u0131 Ford Otosan\u2019\u0131n m\u00fchendislik g\u00fcc\u00fc ile Ar-Ge \u00e7al\u0131\u015fmalar\u0131n\u0131 ger\u00e7ekle\u015ftirdi\u011fi, 2002 y\u0131l\u0131nda \u00fcretimine ba\u015flad\u0131\u011f\u0131 ve 5 k\u0131taya ihra\u00e7 etti\u011fi Transit Connect\u2019in 1 milyonuncu \u00fcretimi, t\u00f6renle hattan indirildi. Ford Otosan\u2019\u0131n Kocaeli Fabrikas\u0131\u2019nda \u00fcretilen Transit Connect; geni\u015f i\u00e7 hacmi, dayan\u0131kl\u0131l\u0131\u011f\u0131 ve kullan\u0131\u015fl\u0131 tasar\u0131m\u0131yla \u00f6ne \u00e7\u0131karak ticarete konfor getirdi ve hem T\u00fcrkiye\u2019de hem de ihra\u00e7 edildi\u011fi pazarlarda b\u00fcy\u00fck sat\u0131\u015f ba\u015far\u0131lar\u0131 yakalad\u0131.<\/h3>\n<p style=\"text-align: left;\"><a href=\"https:\/\/www.digitalcarmagazine.com.tr\/Web\/wp-content\/uploads\/TransitConnect_T\u00f6ren.jpg\"><img loading=\"lazy\" class=\"alignleft size-medium wp-image-5942\" title=\"TransitConnect_T\u00f6ren\" src=\"https:\/\/www.digitalcarmagazine.com.tr\/Web\/wp-content\/uploads\/TransitConnect_T\u00f6ren-300x199.jpg\" alt=\"\" width=\"300\" height=\"199\" srcset=\"https:\/\/www.digitalcarmagazine.com.tr\/Web\/wp-content\/uploads\/TransitConnect_T\u00f6ren-300x199.jpg 300w, https:\/\/www.digitalcarmagazine.com.tr\/Web\/wp-content\/uploads\/TransitConnect_T\u00f6ren.jpg 360w\" sizes=\"(max-width: 300px) 100vw, 300px\" \/><\/a>2010 ve 2011 y\u0131llar\u0131nda T\u00fcrkiye\u2019nin en \u00e7ok satan hafif ticari arac\u0131 olarak; g\u00fcvenli\u011fi, tasar\u0131m\u0131, i\u015f\u00e7ili\u011fi ve kalitesiyle pek \u00e7ok pazarda y\u0131l\u0131n otomobili \u00f6d\u00fcl\u00fcne lay\u0131k bulunan Transit Connect, \u00fcretildi\u011fi ilk y\u0131ldan bug\u00fcne kadar Ford Otosan\u2019\u0131 ve T\u00fcrkiye\u2019yi gururland\u0131rd\u0131. Ford Otosan taraf\u0131ndan geli\u015ftirilen ve \u00fcretilen Transit Connect ayn\u0131 zamanda Amerika\u2019ya ilk ihra\u00e7 edilen Ford modeli ve T\u00fcrkiye\u2019den Amerika\u2019ya ihracat ile giden ilk ara\u00e7 olma gururlar\u0131n\u0131 da bize ya\u015fatt\u0131.<\/p>\n<p style=\"text-align: left;\">\u201cT\u00fcrk i\u015f\u00e7i ve m\u00fchendisinin eme\u011fiyle yarat\u0131lan Transit Connect modelinin T\u00fcrkiye\u2019de ve d\u00fcnyada kazand\u0131\u011f\u0131 ba\u015far\u0131lardan Ford Otosan olarak b\u00fcy\u00fck gurur duyuyoruz\u201d diyen Ford Otosan Genel M\u00fcd\u00fcr\u00fc Haydar Yenig\u00fcn a\u00e7\u0131klamas\u0131n\u0131 \u015f\u00f6yle s\u00fcrd\u00fcrd\u00fc: \u201cConnect d\u00fcnya pazarlar\u0131 i\u00e7in T\u00fcrkiye\u2019de Ford Otosan taraf\u0131ndan tasarland\u0131, geli\u015ftirildi ve \u00fcretildi. Ford Otosan ailesi bug\u00fcn 1 milyonuncu \u00fcretimini hattan indirmenin mutlulu\u011funu ya\u015f\u0131yor.\u00a0\u00dcretime ba\u015flad\u0131\u011f\u0131m\u0131z 2002 y\u0131l\u0131ndan bu yana hem \u00fcretim adedimizi hem de pazar pay\u0131m\u0131z\u0131 istikrarl\u0131 bir \u015fekilde y\u00fckselttik. T\u00fcrk m\u00fchendislerinin ve i\u015f\u00e7isinin eme\u011fiyle \u00fcretilen, 2010 ve 2011 y\u0131llar\u0131nda s\u0131n\u0131f\u0131n\u0131n sat\u0131\u015f lideri olan Connect\u2019leri Amerika haricinde toplam 50 \u00fclkeye daha ihra\u00e7 ettik. T\u00fcrkiye\u2019den ABD\u2019ye yap\u0131lan toplam ihracat\u0131n %10\u2019unu Ford Otosan olarak biz ger\u00e7ekle\u015ftiriyoruz. Bug\u00fcn ger\u00e7ekle\u015ftirdi\u011fimiz 1 milyonluk \u00fcretimin 713.462\u2019sini ihra\u00e7 etti\u011fimiz Connect, \u00fclkemize \u00f6nemli bir katma de\u011fer sa\u011flam\u0131\u015ft\u0131r\u201d.<\/p>\n<p style=\"text-align: left;\"><a href=\"https:\/\/www.digitalcarmagazine.com.tr\/Web\/wp-content\/uploads\/TransitConnect_1milyon.jpg\"><img loading=\"lazy\" class=\"alignleft size-medium wp-image-5943\" title=\"TransitConnect_1milyon\" src=\"https:\/\/www.digitalcarmagazine.com.tr\/Web\/wp-content\/uploads\/TransitConnect_1milyon-246x300.jpg\" alt=\"\" width=\"246\" height=\"300\" srcset=\"https:\/\/www.digitalcarmagazine.com.tr\/Web\/wp-content\/uploads\/TransitConnect_1milyon-246x300.jpg 246w, https:\/\/www.digitalcarmagazine.com.tr\/Web\/wp-content\/uploads\/TransitConnect_1milyon-841x1024.jpg 841w, https:\/\/www.digitalcarmagazine.com.tr\/Web\/wp-content\/uploads\/TransitConnect_1milyon.jpg 1673w\" sizes=\"(max-width: 246px) 100vw, 246px\" \/><\/a>Ford Transit Connect T\u00fcrkiye\u2019de \u00fcretilerek Avrupa\u2019da sat\u0131\u015fa sunuldu\u011fu 2002 y\u0131l\u0131nda Van of the Year (Y\u0131l\u0131n Ticari Arac\u0131) \u00f6d\u00fcl\u00fcn\u00fc almay\u0131 ba\u015fard\u0131. T\u00fcrkiye\u2019de \u00fcretilip Kuzey Amerika pazar\u0131na ilk ihra\u00e7 edildi\u011fi 2010 y\u0131l\u0131nda North American Truck of the Year (Kuzey Amerika Y\u0131l\u0131n Ticari Arac\u0131) \u00f6d\u00fcl\u00fcn\u00fc alarak Ford Otosan\u2019a gurur \u00fcst\u00fcne gurur ya\u015fatt\u0131. Connect modeli ile T\u00fcrkiye\u2019nin otomotivin anavatan\u0131 Amerika\u2019ya ilk ihracat\u0131n\u0131 ger\u00e7ekle\u015ftiren Ford Otosan 3 y\u0131lda ABD\u2019ye 140 bine yak\u0131n Transit Connect ihra\u00e7 etti. Connect, Las Vegas\u2019\u0131n \u00e7\u00f6le benzer \u015fartlar\u0131ndan New England\u2019\u0131n a\u015f\u0131r\u0131 so\u011fuk k\u0131\u015flar\u0131na kadar Kuzey Amerika k\u0131tas\u0131n\u0131n en zorlu ko\u015fullarda ihtiya\u00e7 duyulan dayan\u0131kl\u0131l\u0131\u011f\u0131 kar\u015f\u0131layarak ABD\u2019de hem taksi \u015firketlerinin hem de ticari i\u015fletmelerin \u00f6ncelikli tercihi oldu.<\/p>\n","protected":false},"excerpt":{"rendered":"<p>T\u00fcrkiye\u2019nin lider otomotiv firmas\u0131 Ford Otosan\u2019\u0131n m\u00fchendislik g\u00fcc\u00fc ile Ar-Ge \u00e7al\u0131\u015fmalar\u0131n\u0131 ger\u00e7ekle\u015ftirdi\u011fi, 2002 y\u0131l\u0131nda \u00fcretimine ba\u015flad\u0131\u011f\u0131 ve 5 k\u0131taya ihra\u00e7 etti\u011fi Transit Connect\u2019in 1 milyonuncu \u00fcretimi, t\u00f6renle hattan indirildi. Ford Otosan\u2019\u0131n Kocaeli Fabrikas\u0131\u2019nda \u00fcretilen Transit Connect; geni\u015f i\u00e7 hacmi, dayan\u0131kl\u0131l\u0131\u011f\u0131 ve kullan\u0131\u015fl\u0131 tasar\u0131m\u0131yla \u00f6ne \u00e7\u0131karak ticarete konfor getirdi ve hem T\u00fcrkiye\u2019de hem de ihra\u00e7 edildi\u011fi [&hellip;]<\/p>\n","protected":false},"author":1,"featured_media":0,"comment_status":"open","ping_status":"open","sticky":false,"template":"","format":"standard","meta":[],"categories":[1],"tags":[],"_links":{"self":[{"href":"https:\/\/www.digitalcarmagazine.com.tr\/Web\/wp-json\/wp\/v2\/posts\/5941"}],"collection":[{"href":"https:\/\/www.digitalcarmagazine.com.tr\/Web\/wp-json\/wp\/v2\/posts"}],"about":[{"href":"https:\/\/www.digitalcarmagazine.com.tr\/Web\/wp-json\/wp\/v2\/types\/post"}],"author":[{"embeddable":true,"href":"https:\/\/www.digitalcarmagazine.com.tr\/Web\/wp-json\/wp\/v2\/users\/1"}],"replies":[{"embeddable":true,"href":"https:\/\/www.digitalcarmagazine.com.tr\/Web\/wp-json\/wp\/v2\/comments?post=5941"}],"version-history":[{"count":2,"href":"https:\/\/www.digitalcarmagazine.com.tr\/Web\/wp-json\/wp\/v2\/posts\/5941\/revisions"}],"predecessor-version":[{"id":6093,"href":"https:\/\/www.digitalcarmagazine.com.tr\/Web\/wp-json\/wp\/v2\/posts\/5941\/revisions\/6093"}],"wp:attachment":[{"href":"https:\/\/www.digitalcarmagazine.com.tr\/Web\/wp-json\/wp\/v2\/media?parent=5941"}],"wp:term":[{"taxonomy":"category","embeddable":true,"href":"https:\/\/www.digitalcarmagazine.com.tr\/Web\/wp-json\/wp\/v2\/categories?post=5941"},{"taxonomy":"post_tag","embeddable":true,"href":"https:\/\/www.digitalcarmagazine.com.tr\/Web\/wp-json\/wp\/v2\/tags?post=5941"}],"curies":[{"name":"wp","href":"https:\/\/api.w.org\/{rel}","templated":true}]}}