{"id":5935,"date":"2013-03-29T15:21:08","date_gmt":"2013-03-29T15:21:08","guid":{"rendered":"http:\/\/www.digitalcarmagazine.com.tr\/Web\/?p=5935"},"modified":"2013-03-29T15:21:08","modified_gmt":"2013-03-29T15:21:08","slug":"skoda-motor-sporlari-takimindan-tarihi-basari","status":"publish","type":"post","link":"https:\/\/www.digitalcarmagazine.com.tr\/Web\/skoda-motor-sporlari-takimindan-tarihi-basari\/","title":{"rendered":"Skoda Motor Sporlar\u0131 Tak\u0131m\u0131&#8217;ndan tarihi ba\u015far\u0131"},"content":{"rendered":"<h3 style=\"text-align: left;\" align=\"center\">Kanarya Adalar\u0131\u2018ndaki Yar\u0131\u015fta Skoda Tak\u0131m\u0131 \u00fcst \u00fcste 4\u2019nc\u00fc, Kopecky 3\u2019nc\u00fc kez birincili\u011fe uzand\u0131.<\/h3>\n<p style=\"text-align: left;\"><a href=\"https:\/\/www.digitalcarmagazine.com.tr\/Web\/wp-content\/uploads\/Skoda-Motorsporlar\u0131.jpg\"><img loading=\"lazy\" class=\"alignleft size-medium wp-image-5936\" title=\"R\" src=\"https:\/\/www.digitalcarmagazine.com.tr\/Web\/wp-content\/uploads\/Skoda-Motorsporlar\u0131-300x200.jpg\" alt=\"\" width=\"300\" height=\"200\" srcset=\"https:\/\/www.digitalcarmagazine.com.tr\/Web\/wp-content\/uploads\/Skoda-Motorsporlar\u0131-300x200.jpg 300w, https:\/\/www.digitalcarmagazine.com.tr\/Web\/wp-content\/uploads\/Skoda-Motorsporlar\u0131-1024x682.jpg 1024w\" sizes=\"(max-width: 300px) 100vw, 300px\" \/><\/a>Avrupa Ralli \u015eampiyonas\u0131\u2019n\u0131n Kanarya Adalar\u0131\u2019ndaki aya\u011f\u0131n\u0131 Skoda Tak\u0131m\u0131\u2019ndan Jan Kopecky bir kez daha ilk s\u0131rada tamamlad\u0131. Kanarya Adalar\u0131ndaki yar\u0131\u015flarda son 4 y\u0131ld\u0131r birincili\u011fi kimseye kapt\u0131rmayan Skoda Tak\u0131m\u0131, muhte\u015fem bir zafere imza atarken, Jan Kopecky de \u00fcst \u00fcste 3\u2019nc\u00fc kez podyumun zirvesinde yer alarak ula\u015f\u0131lmas\u0131 zor bir rekora imza att\u0131. Jan Kopecky ve Pavel Dresler\u2019in birinci oldu\u011fu yar\u0131\u015fla birlikte Skoda Motor Sporlar\u0131 Tak\u0131m\u0131, Avrupa Ralli \u015eampiyonas\u0131 tak\u0131m\u00a0 s\u0131ralamas\u0131nda ilk s\u0131raya yerle\u015fti. Kanarya Adalar\u0131\u2019n\u0131n Las Palmas kentindeki zorlu parkur, Skoda Tak\u0131m\u0131\u2018n\u0131n en ba\u015far\u0131l\u0131 sonu\u00e7lar\u0131 ald\u0131\u011f\u0131 parkur olarak da dikkat \u00e7ekiyor.<\/p>\n<p style=\"text-align: left;\">Skoda Motor Sporlar\u0131 Tak\u0131m\u0131n\u0131n ba\u015far\u0131l\u0131 pilotu Jan Kopecky, Las Palmas parkurunun pilotlar taraf\u0131ndan \u00e7ok sevilen etaplardan olu\u015ftu\u011funu belirtiyor. Kopecky, yerel halk\u0131n ralliye b\u00fcy\u00fck ilgi g\u00f6stermesinin de kendilerini olumlu anlamda motive etti\u011fini kaydederek\u201c Skoda\u2019n\u0131n 4, bizim de \u00fcst \u00fcste 3\u2019nc\u00fc kez bu yar\u0131\u015f\u0131 ba\u015far\u0131yla tamamlamam\u0131z bir tesad\u00fcf de\u011fil, m\u00fckemmel bir sonu\u00e7. Pavel ile birlikte arac\u0131 bu yar\u0131\u015fa \u00e7ok iyi haz\u0131rlad\u0131klar\u0131 i\u00e7in t\u00fcm ekibe te\u015f\u00fckk\u00fcr ediyoruz\u201c dedi.<\/p>\n<p style=\"text-align: left;\">Skoda Motor Sporlar\u0131 Tak\u0131m\u0131 Menajeri Pavel Hortek, Kosecky ve Dresler\u2018in tak\u0131m takti\u011fine uygun olarak yar\u0131\u015ft\u0131\u011f\u0131n\u0131 belirterek \u201cFabia Super 2000 ile yar\u0131\u015fan ve zirvede olmas\u0131 gereken ekip yar\u0131\u015f\u0131 kazand\u0131. Gerek otomobil gerekse de pilotlar\u0131m\u0131z m\u00fckemmel bir performans g\u00f6sterdiler\u201c \u015feklinde konu\u015ftu. Avrupa Ralli \u015eampiyona\u2019n\u0131n d\u00f6rd\u00fcnc\u00fc aya\u011f\u0131 25-27 Nisan 2013 tarihleri aras\u0131nda Azor Adalar\u0131\u2019n\u0131n en b\u00fcy\u00fc\u011f\u00fc olan Sao Miguel Adas\u0131\u2019nda yap\u0131lacak.<\/p>\n","protected":false},"excerpt":{"rendered":"<p>Kanarya Adalar\u0131\u2018ndaki Yar\u0131\u015fta Skoda Tak\u0131m\u0131 \u00fcst \u00fcste 4\u2019nc\u00fc, Kopecky 3\u2019nc\u00fc kez birincili\u011fe uzand\u0131. Avrupa Ralli \u015eampiyonas\u0131\u2019n\u0131n Kanarya Adalar\u0131\u2019ndaki aya\u011f\u0131n\u0131 Skoda Tak\u0131m\u0131\u2019ndan Jan Kopecky bir kez daha ilk s\u0131rada tamamlad\u0131. Kanarya Adalar\u0131ndaki yar\u0131\u015flarda son 4 y\u0131ld\u0131r birincili\u011fi kimseye kapt\u0131rmayan Skoda Tak\u0131m\u0131, muhte\u015fem bir zafere imza atarken, Jan Kopecky de \u00fcst \u00fcste 3\u2019nc\u00fc kez podyumun zirvesinde yer [&hellip;]<\/p>\n","protected":false},"author":1,"featured_media":0,"comment_status":"open","ping_status":"open","sticky":false,"template":"","format":"standard","meta":[],"categories":[1,10],"tags":[],"_links":{"self":[{"href":"https:\/\/www.digitalcarmagazine.com.tr\/Web\/wp-json\/wp\/v2\/posts\/5935"}],"collection":[{"href":"https:\/\/www.digitalcarmagazine.com.tr\/Web\/wp-json\/wp\/v2\/posts"}],"about":[{"href":"https:\/\/www.digitalcarmagazine.com.tr\/Web\/wp-json\/wp\/v2\/types\/post"}],"author":[{"embeddable":true,"href":"https:\/\/www.digitalcarmagazine.com.tr\/Web\/wp-json\/wp\/v2\/users\/1"}],"replies":[{"embeddable":true,"href":"https:\/\/www.digitalcarmagazine.com.tr\/Web\/wp-json\/wp\/v2\/comments?post=5935"}],"version-history":[{"count":1,"href":"https:\/\/www.digitalcarmagazine.com.tr\/Web\/wp-json\/wp\/v2\/posts\/5935\/revisions"}],"predecessor-version":[{"id":5937,"href":"https:\/\/www.digitalcarmagazine.com.tr\/Web\/wp-json\/wp\/v2\/posts\/5935\/revisions\/5937"}],"wp:attachment":[{"href":"https:\/\/www.digitalcarmagazine.com.tr\/Web\/wp-json\/wp\/v2\/media?parent=5935"}],"wp:term":[{"taxonomy":"category","embeddable":true,"href":"https:\/\/www.digitalcarmagazine.com.tr\/Web\/wp-json\/wp\/v2\/categories?post=5935"},{"taxonomy":"post_tag","embeddable":true,"href":"https:\/\/www.digitalcarmagazine.com.tr\/Web\/wp-json\/wp\/v2\/tags?post=5935"}],"curies":[{"name":"wp","href":"https:\/\/api.w.org\/{rel}","templated":true}]}}