{"id":5932,"date":"2013-03-29T15:18:12","date_gmt":"2013-03-29T15:18:12","guid":{"rendered":"http:\/\/www.digitalcarmagazine.com.tr\/Web\/?p=5932"},"modified":"2013-03-29T15:18:12","modified_gmt":"2013-03-29T15:18:12","slug":"skoda-rapid-%e2%80%9cred-dot%e2%80%9c-tasarim-odulunu-kazandi","status":"publish","type":"post","link":"https:\/\/www.digitalcarmagazine.com.tr\/Web\/skoda-rapid-%e2%80%9cred-dot%e2%80%9c-tasarim-odulunu-kazandi\/","title":{"rendered":"Skoda Rapid \u201cRed Dot\u201c Tasar\u0131m \u00d6d\u00fcl\u00fc&#8217;n\u00fc kazand\u0131"},"content":{"rendered":"<h3 style=\"text-align: left;\" align=\"center\">Skoda Rapid&#8217;in kusursuz tasar\u0131m\u0131, kompakt sedan s\u0131n\u0131f\u0131nda d\u00fcnyan\u0131n \u00f6nde gelen tasar\u0131m \u00f6d\u00fcllerinden olan \u201cRed Dot\u201d tasar\u0131m \u00f6d\u00fcl\u00fcne lay\u0131k g\u00f6r\u00fcld\u00fc.<\/h3>\n<p style=\"text-align: left;\"><a href=\"https:\/\/www.digitalcarmagazine.com.tr\/Web\/wp-content\/uploads\/Rapid-21.jpg\"><img loading=\"lazy\" class=\"alignleft size-medium wp-image-5933\" title=\"PI-VR GmbH vred 5.53\" src=\"https:\/\/www.digitalcarmagazine.com.tr\/Web\/wp-content\/uploads\/Rapid-21-300x240.jpg\" alt=\"\" width=\"300\" height=\"240\" srcset=\"https:\/\/www.digitalcarmagazine.com.tr\/Web\/wp-content\/uploads\/Rapid-21-300x240.jpg 300w, https:\/\/www.digitalcarmagazine.com.tr\/Web\/wp-content\/uploads\/Rapid-21.jpg 480w\" sizes=\"(max-width: 300px) 100vw, 300px\" \/><\/a>Skoda 2013 senesinde yapt\u0131\u011f\u0131 yeni model ata\u011f\u0131yla \u00f6d\u00fcllerine devam ediyor. Orta s\u0131n\u0131ftaki temsilcisi Yeni Octavia&#8217;n\u0131n ald\u0131\u011f\u0131 \u201cY\u0131l\u0131n En \u0130yi Dizayn\u0131\u201c \u00f6d\u00fcl\u00fcn\u00fcn ard\u0131ndan bir tasar\u0131m \u00f6d\u00fcl\u00fc de Skoda&#8217;n\u0131n kompakt sedan\u0131 Rapid&#8217;e gitti. Skoda Rapid d\u00fcnya \u00e7ap\u0131nda ger\u00e7ekle\u015ftirilen \u201cred dot\u201c tasar\u0131m \u00f6d\u00fcl\u00fcn\u00fc kazand\u0131.<\/p>\n<p style=\"text-align: left;\">Rapid, her y\u0131l d\u00fczenlenen ve d\u00fcnyan\u0131n en b\u00fcy\u00fck tasar\u0131m yar\u0131\u015fmalar\u0131ndan biri olan \u201cred dot tasar\u0131m \u00f6d\u00fcl\u00fc\u201c alan 6. Skoda modeli oldu. Uzman j\u00fcri heyeti taraf\u0131ndan oylanarak verilen ve kalite ve muhte\u015fem tasar\u0131m\u0131n simgesi olan bu \u00f6d\u00fcl\u00fc kazanan Rapid, Yeni Octavia&#8217;n\u0131n ard\u0131ndan bu y\u0131l i\u00e7erisinde tasar\u0131m \u00f6d\u00fcl\u00fc kazanan ikinci Skoda modeli.<\/p>\n<p style=\"text-align: left;\">Tan\u0131nm\u0131\u015f ve uzman 37 ki\u015fiden olu\u015fan \u201cred dot\u201c j\u00fcrisi her y\u0131l otomobillerin bir\u00e7ok \u00f6zelli\u011fini bir arada test ederek puanlamay\u0131 ger\u00e7ekle\u015ftiriyorlar. Otomobiller d\u0131\u015f tasar\u0131m\u0131 ile birlikte, kalite, kullan\u0131\u015fl\u0131l\u0131k, ergonomi, \u00e7evreye g\u00f6sterdi\u011fi \u00f6zen gibi bir\u00e7ok a\u00e7\u0131dan de\u011ferlendirmeye tabi tutuluyorlar. Kategorilerin t\u00fcm\u00fcnden y\u00fcksek puanlar alan ve uzman j\u00fcrinin tamam\u0131n\u0131n ilgisini \u00fczerine \u00e7eken Rapid, \u201cred dot\u201c \u00f6d\u00fcl\u00fcn\u00fc kazanmay\u0131 ba\u015fard\u0131. \u00d6d\u00fcl t\u00f6reni 1 Temmuz tarihinde Almanya&#8217;n\u0131n Essen kentinde d\u00fczenlenecek ve Skoda Rapid kusursuz tasar\u0131m\u0131yla \u00f6d\u00fcl t\u00f6reninde sahnede boy g\u00f6sterecek.<\/p>\n<p style=\"text-align: left;\">Skoda Auto&#8217;nun Tasar\u0131m B\u00f6l\u00fcm\u00fc Ba\u015fkan\u0131 Jozef Kaban, Skoda&#8217;n\u0131n tasar\u0131m tak\u0131m\u0131n\u0131n bu \u00f6d\u00fclden dolay\u0131 \u00e7ok mutlu oldu\u011funu belirterek \u201cSkoda&#8217;n\u0131n yeni tasar\u0131m anlay\u0131\u015f\u0131n\u0131 ortaya koymak i\u00e7in \u00e7ok s\u0131k\u0131 bir \u00e7al\u0131\u015fma sergiledik, Rapid&#8217;de bizim yeni tasar\u0131m anlay\u0131\u015f\u0131na sahip ilk modelimiz. Bu \u00f6d\u00fcl bizim s\u0131k\u0131 \u00e7al\u0131\u015fmam\u0131z\u0131n bir kar\u015f\u0131l\u0131\u011f\u0131 olmu\u015ftur.\u201c dedi.<\/p>\n<p style=\"text-align: left;\">Jozef Kaban&#8217;a g\u00f6re Skoda Rapid, markan\u0131n yeni tasar\u0131m anlay\u0131\u015f\u0131n\u0131 ortaya koyan ilk model olarak g\u00f6ze \u00e7arp\u0131yor. Bu tasar\u0131m anlay\u0131\u015f\u0131, a\u00e7\u0131k, kesin ve duygusal hatlara sahip bir tasar\u0131m anlay\u0131\u015f\u0131 olarak dikkat \u00e7ekiyor. Bu tasar\u0131m anlay\u0131\u015f\u0131n\u0131n yan\u0131 s\u0131ra Rapid, s\u0131n\u0131f\u0131n\u0131n \u00fczerinde bir i\u00e7 mekan konforu sunarak, kusursuz fiyat kalite oran\u0131 ile de dikkat \u00e7ekici bir kompakt sedan olmay\u0131 ba\u015far\u0131yor.<\/p>\n","protected":false},"excerpt":{"rendered":"<p>Skoda Rapid&#8217;in kusursuz tasar\u0131m\u0131, kompakt sedan s\u0131n\u0131f\u0131nda d\u00fcnyan\u0131n \u00f6nde gelen tasar\u0131m \u00f6d\u00fcllerinden olan \u201cRed Dot\u201d tasar\u0131m \u00f6d\u00fcl\u00fcne lay\u0131k g\u00f6r\u00fcld\u00fc. Skoda 2013 senesinde yapt\u0131\u011f\u0131 yeni model ata\u011f\u0131yla \u00f6d\u00fcllerine devam ediyor. Orta s\u0131n\u0131ftaki temsilcisi Yeni Octavia&#8217;n\u0131n ald\u0131\u011f\u0131 \u201cY\u0131l\u0131n En \u0130yi Dizayn\u0131\u201c \u00f6d\u00fcl\u00fcn\u00fcn ard\u0131ndan bir tasar\u0131m \u00f6d\u00fcl\u00fc de Skoda&#8217;n\u0131n kompakt sedan\u0131 Rapid&#8217;e gitti. Skoda Rapid d\u00fcnya \u00e7ap\u0131nda ger\u00e7ekle\u015ftirilen [&hellip;]<\/p>\n","protected":false},"author":1,"featured_media":0,"comment_status":"open","ping_status":"open","sticky":false,"template":"","format":"standard","meta":[],"categories":[1],"tags":[],"_links":{"self":[{"href":"https:\/\/www.digitalcarmagazine.com.tr\/Web\/wp-json\/wp\/v2\/posts\/5932"}],"collection":[{"href":"https:\/\/www.digitalcarmagazine.com.tr\/Web\/wp-json\/wp\/v2\/posts"}],"about":[{"href":"https:\/\/www.digitalcarmagazine.com.tr\/Web\/wp-json\/wp\/v2\/types\/post"}],"author":[{"embeddable":true,"href":"https:\/\/www.digitalcarmagazine.com.tr\/Web\/wp-json\/wp\/v2\/users\/1"}],"replies":[{"embeddable":true,"href":"https:\/\/www.digitalcarmagazine.com.tr\/Web\/wp-json\/wp\/v2\/comments?post=5932"}],"version-history":[{"count":1,"href":"https:\/\/www.digitalcarmagazine.com.tr\/Web\/wp-json\/wp\/v2\/posts\/5932\/revisions"}],"predecessor-version":[{"id":5934,"href":"https:\/\/www.digitalcarmagazine.com.tr\/Web\/wp-json\/wp\/v2\/posts\/5932\/revisions\/5934"}],"wp:attachment":[{"href":"https:\/\/www.digitalcarmagazine.com.tr\/Web\/wp-json\/wp\/v2\/media?parent=5932"}],"wp:term":[{"taxonomy":"category","embeddable":true,"href":"https:\/\/www.digitalcarmagazine.com.tr\/Web\/wp-json\/wp\/v2\/categories?post=5932"},{"taxonomy":"post_tag","embeddable":true,"href":"https:\/\/www.digitalcarmagazine.com.tr\/Web\/wp-json\/wp\/v2\/tags?post=5932"}],"curies":[{"name":"wp","href":"https:\/\/api.w.org\/{rel}","templated":true}]}}