{"id":5910,"date":"2013-03-29T15:05:18","date_gmt":"2013-03-29T15:05:18","guid":{"rendered":"http:\/\/www.digitalcarmagazine.com.tr\/Web\/?p=5910"},"modified":"2013-04-11T10:45:17","modified_gmt":"2013-04-11T10:45:17","slug":"audi-odule-doymuyor","status":"publish","type":"post","link":"https:\/\/www.digitalcarmagazine.com.tr\/Web\/audi-odule-doymuyor\/","title":{"rendered":"Audi \u00f6d\u00fcle doymuyor!"},"content":{"rendered":"<h3 style=\"text-align: left;\" align=\"center\">Farkl\u0131 \u00fclkelerden ald\u0131\u011f\u0131 \u00f6d\u00fcllere yenilerini ekleyen Audi, bu \u00f6d\u00fclleri farkl\u0131 modelleri ile topluyor&#8230;<\/h3>\n<h4 style=\"text-align: left;\" align=\"center\"><span style=\"color: #ff0000;\"><a href=\"https:\/\/www.digitalcarmagazine.com.tr\/Web\/wp-content\/uploads\/Achim_Badstubner_Head_of_Exterior_Design_at_Audi.jpg\"><img loading=\"lazy\" class=\"alignleft size-medium wp-image-5912\" title=\"Die Verleihung des iF product design award 2013:\" src=\"https:\/\/www.digitalcarmagazine.com.tr\/Web\/wp-content\/uploads\/Achim_Badstubner_Head_of_Exterior_Design_at_Audi-199x300.jpg\" alt=\"\" width=\"199\" height=\"300\" srcset=\"https:\/\/www.digitalcarmagazine.com.tr\/Web\/wp-content\/uploads\/Achim_Badstubner_Head_of_Exterior_Design_at_Audi-199x300.jpg 199w, https:\/\/www.digitalcarmagazine.com.tr\/Web\/wp-content\/uploads\/Achim_Badstubner_Head_of_Exterior_Design_at_Audi.jpg 595w\" sizes=\"(max-width: 199px) 100vw, 199px\" \/><\/a><a href=\"https:\/\/www.digitalcarmagazine.com.tr\/Web\/wp-content\/uploads\/AUDI_A31.jpg\"><img loading=\"lazy\" class=\"alignleft size-medium wp-image-5913\" title=\"Audi A3 1.8 TFSI quattro mit S line Exterieur-Paket \/Standaufnahme\" src=\"https:\/\/www.digitalcarmagazine.com.tr\/Web\/wp-content\/uploads\/AUDI_A31-300x211.jpg\" alt=\"\" width=\"300\" height=\"211\" srcset=\"https:\/\/www.digitalcarmagazine.com.tr\/Web\/wp-content\/uploads\/AUDI_A31-300x211.jpg 300w, https:\/\/www.digitalcarmagazine.com.tr\/Web\/wp-content\/uploads\/AUDI_A31.jpg 842w\" sizes=\"(max-width: 300px) 100vw, 300px\" \/><\/a>Auto Bild\u2019in T\u00fcm Segmentlerde En \u0130yi Markalar\u0131 \u2013 Audi 10 Modeliyle Liste Ba\u015f\u0131nda<\/span><\/h4>\n<p style=\"text-align: left;\">Alman otomobil dergisi Auto Bild\u2019in yakla\u015f\u0131k 100 bin okurunun kat\u0131l\u0131m\u0131yla y\u0131l\u0131n en iyi otomobillerinin se\u00e7imi yap\u0131ld\u0131. 10 Audi modeli 10 s\u0131n\u0131fta liste ba\u015f\u0131 oldu. \u00dcst\u00fcn kalitesi nedeniyle se\u00e7ilen Audi modelleri: A3, A4, A5, A6, A7, A8, TT, Q3, Q5 ve Audi Q7 oldu. Okurlar de\u011ferlendirmede kalite, fiyat ve tasar\u0131m kriterlerini \u00f6ne \u00e7\u0131kard\u0131lar.<\/p>\n<h4 style=\"text-align: left;\"><span style=\"color: #ff0000;\"><a href=\"https:\/\/www.digitalcarmagazine.com.tr\/Web\/wp-content\/uploads\/AUDI_A7.jpg\"><img loading=\"lazy\" class=\"alignleft size-medium wp-image-5914\" title=\"Audi A7 Sportback\/Standaufnahme\" src=\"https:\/\/www.digitalcarmagazine.com.tr\/Web\/wp-content\/uploads\/AUDI_A7-300x211.jpg\" alt=\"\" width=\"300\" height=\"211\" srcset=\"https:\/\/www.digitalcarmagazine.com.tr\/Web\/wp-content\/uploads\/AUDI_A7-300x211.jpg 300w, https:\/\/www.digitalcarmagazine.com.tr\/Web\/wp-content\/uploads\/AUDI_A7.jpg 842w\" sizes=\"(max-width: 300px) 100vw, 300px\" \/><\/a>MIT Technology Review: Audi, d\u00fcnyan\u0131n en yenilik\u00e7i 50 \u015firketinden biri<\/span><\/h4>\n<p style=\"text-align: left;\">Her y\u0131l d\u00fcnyan\u0131n teknolojiye \u00f6nc\u00fcl\u00fck eden \u015firketlerini belirleyen MIT Technology Review\u2019\u0131n edit\u00f6rlerinden olu\u015fan j\u00fcri, Audi\u2019yi pilotlu s\u00fcr\u00fc\u015f \u00e7\u00f6z\u00fcmleri nedeniyle \u201c50 \u00c7\u0131\u011f\u0131r A\u00e7an \u015eirket Listesi\u201dne dahil etti. \u015eirketlerin listeye girebilmeleri i\u00e7in edit\u00f6rlerin yap\u0131lan inovasyonlar\u0131n insanlar\u0131n ya\u015fam\u0131n\u0131 d\u00fcnya \u00e7ap\u0131nda iyile\u015ftirdi\u011fine kanaat getirmeleri gereken de\u011ferlendirmede Apple, Samsung ve General Electric gibi k\u00fcresel \u015firketler yer al\u0131yor.<\/p>\n<h4 style=\"text-align: left;\"><span style=\"color: #ff0000;\"><a href=\"https:\/\/www.digitalcarmagazine.com.tr\/Web\/wp-content\/uploads\/AUDI_A4_Avant.jpg\"><img loading=\"lazy\" class=\"alignleft size-medium wp-image-5915\" title=\"Audi A4 Avant\/Standaufnahme\" src=\"https:\/\/www.digitalcarmagazine.com.tr\/Web\/wp-content\/uploads\/AUDI_A4_Avant-300x211.jpg\" alt=\"\" width=\"300\" height=\"211\" srcset=\"https:\/\/www.digitalcarmagazine.com.tr\/Web\/wp-content\/uploads\/AUDI_A4_Avant-300x211.jpg 300w, https:\/\/www.digitalcarmagazine.com.tr\/Web\/wp-content\/uploads\/AUDI_A4_Avant.jpg 842w\" sizes=\"(max-width: 300px) 100vw, 300px\" \/><\/a>DEKRA\u2019n\u0131n Kullan\u0131lm\u0131\u015f Otomobil Raporu\u2019nda \u201cT\u00fcm Segmentlerin En \u0130yisi\u201d yine Audi A4<\/span><\/h4>\n<p style=\"text-align: left;\">Audi A4, Y\u0131l\u0131n DEKRA Kullan\u0131lm\u0131\u015f Otomobil Raporu\u2019nda liste ba\u015f\u0131 oldu. Be\u015f y\u0131l \u00fcst \u00fcste genel listenin ilk s\u0131ras\u0131nda bir Audi\u2019nin yer ald\u0131\u011f\u0131 yar\u0131\u015fmada bu y\u0131l adaylar aras\u0131nda en d\u00fc\u015f\u00fck hata oran\u0131na sahip olan A4, birinci oldu. Ayr\u0131ca A2, A5, TT ve Q5 de kendi kategorilerinde birinci geldi. DEKRA uzmanlar\u0131 \u201cT\u00fcm S\u0131n\u0131flar\u0131n En \u0130yisi\u201d \u00f6d\u00fcl\u00fcn\u00fc her y\u0131l \u00fc\u00e7 farkl\u0131 kilometre performans\u0131 kategorisinde en d\u00fc\u015f\u00fck hata oran\u0131n\u0131 ta\u015f\u0131yan araca veriyor. DEKRA, 2008\u2019de Kullan\u0131lm\u0131\u015f Otomobil Raporu\u2019nu yay\u0131nlamaya ba\u015flad\u0131\u011f\u0131ndan bu yana her y\u0131l en g\u00fcvenilir ara\u00e7 olarak Audi\u2019yi a\u00e7\u0131klad\u0131. Bu, Audi A4\u2019\u00fcn ikinci \u201cT\u00fcm S\u0131n\u0131flar\u0131n En \u0130yisi\u201d \u00f6d\u00fcl\u00fc. Audi A6 ise 2008, 2009 ve 2010\u2019da bu \u00f6d\u00fcle lay\u0131k bulunmu\u015ftu.<\/p>\n<h4 style=\"text-align: left;\"><span style=\"color: #ff0000;\"><a href=\"https:\/\/www.digitalcarmagazine.com.tr\/Web\/wp-content\/uploads\/AUDI_A6.jpg\"><img loading=\"lazy\" class=\"alignleft size-medium wp-image-5916\" title=\"Erneute Erfolge fuer das Design des Audi A6\/Design Team freut sich ueber den red dot award (v.l.): Klemens Rossnagel, Dr. Cornelia Menzel, Claus Potthoff. Cesar Muntada Roura, Juergen Loeffler, Johanna Hoch und Ulrich Beierlein waren am Design des Audi A6\" src=\"https:\/\/www.digitalcarmagazine.com.tr\/Web\/wp-content\/uploads\/AUDI_A6-300x211.jpg\" alt=\"\" width=\"300\" height=\"211\" srcset=\"https:\/\/www.digitalcarmagazine.com.tr\/Web\/wp-content\/uploads\/AUDI_A6-300x211.jpg 300w, https:\/\/www.digitalcarmagazine.com.tr\/Web\/wp-content\/uploads\/AUDI_A6.jpg 842w\" sizes=\"(max-width: 300px) 100vw, 300px\" \/><\/a>Audi A6: Consumer Reports\u2019ta ilk s\u0131rada<\/span><\/h4>\n<p style=\"text-align: left;\">1936\u2019da kurulan ve d\u00fcnyan\u0131n en b\u00fcy\u00fck ba\u011f\u0131ms\u0131z \u00fcr\u00fcn testi yapan kurulu\u015fu olan T\u00fcketiciler Birli\u011fi\u2019nin yay\u0131n\u0131 Consumer Reports dergisi Audi A6\u2019y\u0131 L\u00fcks Sedan kategorisinin en iyisi ilan etti. S\u00fcr\u00fc\u015f niteliklerinin, i\u00e7 mekan kalitesinin, yak\u0131t verimlili\u011finin ve g\u00fcvenilirli\u011fin de\u011ferlendirildi\u011fi yar\u0131\u015fmada toplanan veri, abonelerin yakla\u015f\u0131k 1,2 milyon ara\u00e7la ya\u015fad\u0131klar\u0131 deneyimleri yans\u0131t\u0131yor.<\/p>\n<h4 style=\"text-align: left;\"><span style=\"color: #ff0000;\"><a href=\"https:\/\/www.digitalcarmagazine.com.tr\/Web\/wp-content\/uploads\/AUDI_S8.jpg\"><img loading=\"lazy\" class=\"alignleft size-medium wp-image-5917\" title=\"Audi S8\/Standaufnahme\" src=\"https:\/\/www.digitalcarmagazine.com.tr\/Web\/wp-content\/uploads\/AUDI_S8-300x211.jpg\" alt=\"\" width=\"300\" height=\"211\" srcset=\"https:\/\/www.digitalcarmagazine.com.tr\/Web\/wp-content\/uploads\/AUDI_S8-300x211.jpg 300w, https:\/\/www.digitalcarmagazine.com.tr\/Web\/wp-content\/uploads\/AUDI_S8.jpg 842w\" sizes=\"(max-width: 300px) 100vw, 300px\" \/><\/a>Audi A3 iki tasar\u0131m \u00f6d\u00fcl\u00fcyle onurland\u0131r\u0131ld\u0131.<\/span><\/h4>\n<p style=\"text-align: left;\">Audi A3 tasar\u0131m\u0131yla da bir \u00f6d\u00fcl avc\u0131s\u0131; Alman Tasar\u0131m \u00d6d\u00fclleri t\u00f6reninde Alman Tasar\u0131m Heyeti A3\u2019\u00fc Ula\u015f\u0131m ve Kamusal Alan kategorisinde birinci ilan etti. Bir hafta sonra Achim Badst\u00fcbner, M\u00fcnih Yarat\u0131c\u0131 \u0130\u015f Haftas\u0131\u2019nda Ula\u015f\u0131m Tasar\u0131m\u0131 kategorisinde iF \u00dcr\u00fcn Tasar\u0131m\u0131 Alt\u0131n Madalyas\u0131\u2019n\u0131 ald\u0131. A3 sadece d\u0131\u015f tasar\u0131mda de\u011fil \u00f6zellikle de i\u00e7 tasar\u0131mda j\u00fcriyi fethetti. J\u00fcri \u00fcyeleri de\u011ferlendirmelerinde \u201cT\u00fcm detaylar \u00e7ok iyi uygulanm\u0131\u015f ve \u00fcst\u00fcn nitelikli malzeme kullan\u0131lm\u0131\u015f. A3\u2019\u00fcn i\u00e7 mekan\u0131 \u015fu anda otomotiv end\u00fcstrisinin en iyisi.\u201d yorumunu yapt\u0131.<\/p>\n<h4 style=\"text-align: left;\"><span style=\"color: #ff0000;\"><a href=\"https:\/\/www.digitalcarmagazine.com.tr\/Web\/wp-content\/uploads\/AUDI_A1_Sportback_Sline.jpg\"><img loading=\"lazy\" class=\"alignleft size-medium wp-image-5918\" title=\"Audi A1 Sportback S line\/Standaufnahme\" src=\"https:\/\/www.digitalcarmagazine.com.tr\/Web\/wp-content\/uploads\/AUDI_A1_Sportback_Sline-300x211.jpg\" alt=\"\" width=\"300\" height=\"211\" srcset=\"https:\/\/www.digitalcarmagazine.com.tr\/Web\/wp-content\/uploads\/AUDI_A1_Sportback_Sline-300x211.jpg 300w, https:\/\/www.digitalcarmagazine.com.tr\/Web\/wp-content\/uploads\/AUDI_A1_Sportback_Sline.jpg 842w\" sizes=\"(max-width: 300px) 100vw, 300px\" \/><\/a>Design Trophy A1 Sportback\u2019i \u00f6d\u00fcle lay\u0131k buldu.<\/span><\/h4>\n<p style=\"text-align: left;\">2013 Design Trophy yar\u0131\u015fmas\u0131nda iki Audi modeli kendi s\u0131n\u0131f\u0131n\u0131n en iyisi oldu. Yar\u0131\u015fmaya 24 bin\u2019den fazla Auto Zeitung okuru kat\u0131ld\u0131. Kat\u0131l\u0131mc\u0131lar\u0131n yakla\u015f\u0131k y\u00fczde 31\u2019i \u015eehir Otomobili kategorisinde Audi A1 Sportback\u2019ten yana oy kulland\u0131.<\/p>\n","protected":false},"excerpt":{"rendered":"<p>Farkl\u0131 \u00fclkelerden ald\u0131\u011f\u0131 \u00f6d\u00fcllere yenilerini ekleyen Audi, bu \u00f6d\u00fclleri farkl\u0131 modelleri ile topluyor&#8230; Auto Bild\u2019in T\u00fcm Segmentlerde En \u0130yi Markalar\u0131 \u2013 Audi 10 Modeliyle Liste Ba\u015f\u0131nda Alman otomobil dergisi Auto Bild\u2019in yakla\u015f\u0131k 100 bin okurunun kat\u0131l\u0131m\u0131yla y\u0131l\u0131n en iyi otomobillerinin se\u00e7imi yap\u0131ld\u0131. 10 Audi modeli 10 s\u0131n\u0131fta liste ba\u015f\u0131 oldu. \u00dcst\u00fcn kalitesi nedeniyle se\u00e7ilen Audi [&hellip;]<\/p>\n","protected":false},"author":1,"featured_media":0,"comment_status":"open","ping_status":"open","sticky":false,"template":"","format":"standard","meta":[],"categories":[1],"tags":[],"_links":{"self":[{"href":"https:\/\/www.digitalcarmagazine.com.tr\/Web\/wp-json\/wp\/v2\/posts\/5910"}],"collection":[{"href":"https:\/\/www.digitalcarmagazine.com.tr\/Web\/wp-json\/wp\/v2\/posts"}],"about":[{"href":"https:\/\/www.digitalcarmagazine.com.tr\/Web\/wp-json\/wp\/v2\/types\/post"}],"author":[{"embeddable":true,"href":"https:\/\/www.digitalcarmagazine.com.tr\/Web\/wp-json\/wp\/v2\/users\/1"}],"replies":[{"embeddable":true,"href":"https:\/\/www.digitalcarmagazine.com.tr\/Web\/wp-json\/wp\/v2\/comments?post=5910"}],"version-history":[{"count":2,"href":"https:\/\/www.digitalcarmagazine.com.tr\/Web\/wp-json\/wp\/v2\/posts\/5910\/revisions"}],"predecessor-version":[{"id":6102,"href":"https:\/\/www.digitalcarmagazine.com.tr\/Web\/wp-json\/wp\/v2\/posts\/5910\/revisions\/6102"}],"wp:attachment":[{"href":"https:\/\/www.digitalcarmagazine.com.tr\/Web\/wp-json\/wp\/v2\/media?parent=5910"}],"wp:term":[{"taxonomy":"category","embeddable":true,"href":"https:\/\/www.digitalcarmagazine.com.tr\/Web\/wp-json\/wp\/v2\/categories?post=5910"},{"taxonomy":"post_tag","embeddable":true,"href":"https:\/\/www.digitalcarmagazine.com.tr\/Web\/wp-json\/wp\/v2\/tags?post=5910"}],"curies":[{"name":"wp","href":"https:\/\/api.w.org\/{rel}","templated":true}]}}