{"id":5904,"date":"2013-03-29T14:39:41","date_gmt":"2013-03-29T14:39:41","guid":{"rendered":"http:\/\/www.digitalcarmagazine.com.tr\/Web\/?p=5904"},"modified":"2013-03-29T14:39:41","modified_gmt":"2013-03-29T14:39:41","slug":"volkswagen-finans-bahari-erken-kutluyor","status":"publish","type":"post","link":"https:\/\/www.digitalcarmagazine.com.tr\/Web\/volkswagen-finans-bahari-erken-kutluyor\/","title":{"rendered":"Volkswagen Finans, bahar\u0131 erken kutluyor!"},"content":{"rendered":"<h3 style=\"text-align: left;\" align=\"center\">Volkswagen Do\u011fu\u015f Finans (vdf) \u00e7at\u0131s\u0131 alt\u0131nda hizmet veren Volkswagen Finans, y\u00fczde 0,69\u2019a kadar d\u00fc\u015f\u00fcrd\u00fc\u011f\u00fc cazip faiz oranlar\u0131yla Volkswagen severlere ka\u00e7\u0131r\u0131lmayacak bir f\u0131rsat sunuyor.<\/h3>\n<h3 style=\"text-align: left;\" align=\"center\"><span class=\"Apple-style-span\" style=\"font-size: 13px; font-weight: normal;\"><a href=\"https:\/\/www.digitalcarmagazine.com.tr\/Web\/wp-content\/uploads\/BE11751.jpg\"><img loading=\"lazy\" class=\"alignleft size-medium wp-image-5906\" title=\"BE1175\" src=\"https:\/\/www.digitalcarmagazine.com.tr\/Web\/wp-content\/uploads\/BE11751-300x113.jpg\" alt=\"\" width=\"300\" height=\"113\" srcset=\"https:\/\/www.digitalcarmagazine.com.tr\/Web\/wp-content\/uploads\/BE11751-300x113.jpg 300w, https:\/\/www.digitalcarmagazine.com.tr\/Web\/wp-content\/uploads\/BE11751.jpg 583w\" sizes=\"(max-width: 300px) 100vw, 300px\" \/><\/a><a href=\"https:\/\/www.digitalcarmagazine.com.tr\/Web\/wp-content\/uploads\/GL3733_YGL.jpg\"><img loading=\"lazy\" class=\"alignleft size-medium wp-image-5907\" title=\"GL3733_YGL\" src=\"https:\/\/www.digitalcarmagazine.com.tr\/Web\/wp-content\/uploads\/GL3733_YGL-300x153.jpg\" alt=\"\" width=\"300\" height=\"153\" srcset=\"https:\/\/www.digitalcarmagazine.com.tr\/Web\/wp-content\/uploads\/GL3733_YGL-300x153.jpg 300w, https:\/\/www.digitalcarmagazine.com.tr\/Web\/wp-content\/uploads\/GL3733_YGL.jpg 575w\" sizes=\"(max-width: 300px) 100vw, 300px\" \/><\/a>Volkswagen Binek ve Ticari ara\u00e7lar i\u00e7in 6-60 ay vade se\u00e7enekleriyle ge\u00e7erli olan kampanyada krediye vdf\u2019nin sigorta \u00fcr\u00fcnlerinden ikisinin eklenmesi durumunda faizler y\u00fczde 0,69\u2019a kadar geriliyor.\u00a0<\/span><span class=\"Apple-style-span\" style=\"font-size: 13px; font-weight: normal;\">Volkswagen m\u00fc\u015fterileri ara\u00e7 kredisinin yan\u0131 s\u0131ra vdf\u2019nin sundu\u011fu sigorta \u00fcr\u00fcnlerinden de avantajl\u0131 faiz oranlar\u0131yla yararlanabiliyorlar. Bu kapsamda uzat\u0131lm\u0131\u015f garanti, kasko, kredi koruma sigortas\u0131 gibi sigorta \u00fcr\u00fcnlerinden biri veya ikisini birden tercih edenler, \u00e7ok \u00f6zel fiyatlarla ara\u00e7lar\u0131n\u0131 g\u00fcvence alt\u0131na alabiliyorlar.<\/span><\/h3>\n<p>&nbsp;<\/p>\n","protected":false},"excerpt":{"rendered":"<p>Volkswagen Do\u011fu\u015f Finans (vdf) \u00e7at\u0131s\u0131 alt\u0131nda hizmet veren Volkswagen Finans, y\u00fczde 0,69\u2019a kadar d\u00fc\u015f\u00fcrd\u00fc\u011f\u00fc cazip faiz oranlar\u0131yla Volkswagen severlere ka\u00e7\u0131r\u0131lmayacak bir f\u0131rsat sunuyor. Volkswagen Binek ve Ticari ara\u00e7lar i\u00e7in 6-60 ay vade se\u00e7enekleriyle ge\u00e7erli olan kampanyada krediye vdf\u2019nin sigorta \u00fcr\u00fcnlerinden ikisinin eklenmesi durumunda faizler y\u00fczde 0,69\u2019a kadar geriliyor.\u00a0Volkswagen m\u00fc\u015fterileri ara\u00e7 kredisinin yan\u0131 s\u0131ra vdf\u2019nin sundu\u011fu [&hellip;]<\/p>\n","protected":false},"author":1,"featured_media":0,"comment_status":"open","ping_status":"open","sticky":false,"template":"","format":"standard","meta":[],"categories":[1,9],"tags":[],"_links":{"self":[{"href":"https:\/\/www.digitalcarmagazine.com.tr\/Web\/wp-json\/wp\/v2\/posts\/5904"}],"collection":[{"href":"https:\/\/www.digitalcarmagazine.com.tr\/Web\/wp-json\/wp\/v2\/posts"}],"about":[{"href":"https:\/\/www.digitalcarmagazine.com.tr\/Web\/wp-json\/wp\/v2\/types\/post"}],"author":[{"embeddable":true,"href":"https:\/\/www.digitalcarmagazine.com.tr\/Web\/wp-json\/wp\/v2\/users\/1"}],"replies":[{"embeddable":true,"href":"https:\/\/www.digitalcarmagazine.com.tr\/Web\/wp-json\/wp\/v2\/comments?post=5904"}],"version-history":[{"count":2,"href":"https:\/\/www.digitalcarmagazine.com.tr\/Web\/wp-json\/wp\/v2\/posts\/5904\/revisions"}],"predecessor-version":[{"id":5909,"href":"https:\/\/www.digitalcarmagazine.com.tr\/Web\/wp-json\/wp\/v2\/posts\/5904\/revisions\/5909"}],"wp:attachment":[{"href":"https:\/\/www.digitalcarmagazine.com.tr\/Web\/wp-json\/wp\/v2\/media?parent=5904"}],"wp:term":[{"taxonomy":"category","embeddable":true,"href":"https:\/\/www.digitalcarmagazine.com.tr\/Web\/wp-json\/wp\/v2\/categories?post=5904"},{"taxonomy":"post_tag","embeddable":true,"href":"https:\/\/www.digitalcarmagazine.com.tr\/Web\/wp-json\/wp\/v2\/tags?post=5904"}],"curies":[{"name":"wp","href":"https:\/\/api.w.org\/{rel}","templated":true}]}}