{"id":5890,"date":"2013-03-22T10:10:16","date_gmt":"2013-03-22T10:10:16","guid":{"rendered":"http:\/\/www.digitalcarmagazine.com.tr\/Web\/?p=5890"},"modified":"2013-03-22T10:10:16","modified_gmt":"2013-03-22T10:10:16","slug":"capital-dergisine-gore-dogus-otomotiv","status":"publish","type":"post","link":"https:\/\/www.digitalcarmagazine.com.tr\/Web\/capital-dergisine-gore-dogus-otomotiv\/","title":{"rendered":"Capital dergisine g\u00f6re &#8216;Do\u011fu\u015f Otomotiv&#8217;"},"content":{"rendered":"<div align=\"center\">\n<h3 style=\"text-align: left;\">Capital dergisi\u2019nin GFK ara\u015ft\u0131rma \u015firketi ile birlikte bu y\u0131l 13\u2019\u00fcnc\u00fcs\u00fcn\u00fc ger\u00e7ekle\u015ftirdi\u011fi \u201cT\u00fcrkiye\u2019nin En Be\u011fenilen \u015eirketleri\u201d ara\u015ft\u0131rmas\u0131n\u0131n \u00f6d\u00fcl t\u00f6reni 19 Mart 2013 tarihinde Conrad\u2019da d\u00fczenlendi. T\u00fcrkiye\u2019nin en be\u011fenilen 20 \u015firketi ve 37 sekt\u00f6r\u00fcn en be\u011fenilen 3 \u015firketinin a\u00e7\u0131kland\u0131\u011f\u0131 gecede Do\u011fu\u015f Otomotiv \u201cOtomotiv Sekt\u00f6r\u00fcn\u00fcn En Be\u011fenilen \u015eirketi\u201d \u00f6d\u00fcl\u00fcn\u00fc almaya hak kazand\u0131. \u00d6d\u00fcl\u00fc, Do\u011fu\u015f Otomotiv \u0130cra Kurulu Ba\u015fkan\u0131 Ali Bilalo\u011flu ald\u0131.<\/h3>\n<\/div>\n<p style=\"text-align: left;\"><a href=\"https:\/\/www.digitalcarmagazine.com.tr\/Web\/wp-content\/uploads\/Dogus_Otomotiv_Capital.jpg\"><img loading=\"lazy\" class=\"alignleft size-medium wp-image-5891\" title=\"Dogus_Otomotiv_Capital\" src=\"https:\/\/www.digitalcarmagazine.com.tr\/Web\/wp-content\/uploads\/Dogus_Otomotiv_Capital-300x200.jpg\" alt=\"\" width=\"300\" height=\"200\" srcset=\"https:\/\/www.digitalcarmagazine.com.tr\/Web\/wp-content\/uploads\/Dogus_Otomotiv_Capital-300x200.jpg 300w, https:\/\/www.digitalcarmagazine.com.tr\/Web\/wp-content\/uploads\/Dogus_Otomotiv_Capital.jpg 640w\" sizes=\"(max-width: 300px) 100vw, 300px\" \/><\/a>Capital dergisinin GFK T\u00fcrkiye ara\u015ft\u0131rma \u015firketi ile birlikte bu y\u0131l 13\u2019\u00fcnc\u00fc kez d\u00fczenledi\u011fi\u00a0T\u00fcrkiye\u2019nin En Be\u011fenilen \u015eirketleri\u201d ara\u015ft\u0131rmas\u0131n\u0131n sonu\u00e7lar\u0131na g\u00f6re \u201cOtomotiv Sekt\u00f6r\u00fcnde En Be\u011fenilen\u201d birinci \u015firket Do\u011fu\u015f Otomotiv oldu.\u00a019 Mart 2013 tarihinde d\u00fczenlenen t\u00f6rende Do\u011fu\u015f Otomotiv\u2019e verilen\u00a0\u201cOtomotiv Sekt\u00f6r\u00fcnde En Be\u011fenilen Birinci \u015eirket\u201d\u00a0\u00f6d\u00fcl\u00fcn\u00fc,\u00a0Do\u011fu\u015f Otomotiv \u0130cra Kurulu Ba\u015fkan\u0131 Ali Bilalo\u011flu kabul etti.<\/p>\n<p style=\"text-align: left;\">Do\u011fu\u015f Otomotiv\u2019in bu \u00f6d\u00fcle lay\u0131k g\u00f6r\u00fclmesinden dolay\u0131 b\u00fcy\u00fck gurur duydu\u011funu ifade eden Bilalo\u011flu, \u201c<em>Do\u011fu\u015f Otomotiv bug\u00fcn T\u00fcrkiye\u2019nin lider otomotiv distirib\u00fct\u00f6r\u00fc konumundad\u0131r. Kalite ve verimlilik odakl\u0131 \u00e7al\u0131\u015fmalar\u0131m\u0131z\u0131 \u015firketimizin t\u00fcm operasyonel s\u00fcre\u00e7lerine ta\u015f\u0131yarak, sahip oldu\u011fumuz bu konumu kuvvetlendirerek koruyaca\u011f\u0131z. Ayn\u0131 anlay\u0131\u015fla insan kaynaklar\u0131 alan\u0131nda da ba\u015far\u0131l\u0131 \u00e7al\u0131\u015fmalar\u0131m\u0131z\u0131 s\u00fcrd\u00fcrerek, \u00e7al\u0131\u015fanlar\u0131m\u0131z ile birlikte daha da b\u00fcy\u00fcmeyi hedefliyoruz\u201d<\/em>\u00a0diye konu\u015ftu.<\/p>\n<p style=\"text-align: left;\">\u201cT\u00fcrkiye\u2019nin En Be\u011fenilen \u015eirketleri\u201d ara\u015ft\u0131rmas\u0131 ge\u00e7ti\u011fimiz y\u0131l toplamda 500\u2019\u00fcn \u00fczerinde \u015firketten 1.555 y\u00f6neticinin kat\u0131ld\u0131\u011f\u0131 anket ile ger\u00e7ekle\u015ftirildi. A\u011fustos 2012 tarihinde saha \u00e7al\u0131\u015fmalar\u0131 ba\u015flayan ara\u015ft\u0131rma kapsam\u0131nda i\u015f d\u00fcnyas\u0131n\u0131 temsilen 8.500 y\u00f6neticiye online anket g\u00f6nderildi. Ankete kat\u0131lan 1.555 y\u00f6netici hem T\u00fcrkiye\u2019nin hem de sekt\u00f6r\u00fcn\u00fcn en be\u011fenilen \u015firketini se\u00e7ti.<\/p>\n<p style=\"text-align: left;\">\n","protected":false},"excerpt":{"rendered":"<p>Capital dergisi\u2019nin GFK ara\u015ft\u0131rma \u015firketi ile birlikte bu y\u0131l 13\u2019\u00fcnc\u00fcs\u00fcn\u00fc ger\u00e7ekle\u015ftirdi\u011fi \u201cT\u00fcrkiye\u2019nin En Be\u011fenilen \u015eirketleri\u201d ara\u015ft\u0131rmas\u0131n\u0131n \u00f6d\u00fcl t\u00f6reni 19 Mart 2013 tarihinde Conrad\u2019da d\u00fczenlendi. T\u00fcrkiye\u2019nin en be\u011fenilen 20 \u015firketi ve 37 sekt\u00f6r\u00fcn en be\u011fenilen 3 \u015firketinin a\u00e7\u0131kland\u0131\u011f\u0131 gecede Do\u011fu\u015f Otomotiv \u201cOtomotiv Sekt\u00f6r\u00fcn\u00fcn En Be\u011fenilen \u015eirketi\u201d \u00f6d\u00fcl\u00fcn\u00fc almaya hak kazand\u0131. \u00d6d\u00fcl\u00fc, Do\u011fu\u015f Otomotiv \u0130cra Kurulu Ba\u015fkan\u0131 [&hellip;]<\/p>\n","protected":false},"author":1,"featured_media":0,"comment_status":"open","ping_status":"open","sticky":false,"template":"","format":"standard","meta":[],"categories":[1],"tags":[],"_links":{"self":[{"href":"https:\/\/www.digitalcarmagazine.com.tr\/Web\/wp-json\/wp\/v2\/posts\/5890"}],"collection":[{"href":"https:\/\/www.digitalcarmagazine.com.tr\/Web\/wp-json\/wp\/v2\/posts"}],"about":[{"href":"https:\/\/www.digitalcarmagazine.com.tr\/Web\/wp-json\/wp\/v2\/types\/post"}],"author":[{"embeddable":true,"href":"https:\/\/www.digitalcarmagazine.com.tr\/Web\/wp-json\/wp\/v2\/users\/1"}],"replies":[{"embeddable":true,"href":"https:\/\/www.digitalcarmagazine.com.tr\/Web\/wp-json\/wp\/v2\/comments?post=5890"}],"version-history":[{"count":1,"href":"https:\/\/www.digitalcarmagazine.com.tr\/Web\/wp-json\/wp\/v2\/posts\/5890\/revisions"}],"predecessor-version":[{"id":5892,"href":"https:\/\/www.digitalcarmagazine.com.tr\/Web\/wp-json\/wp\/v2\/posts\/5890\/revisions\/5892"}],"wp:attachment":[{"href":"https:\/\/www.digitalcarmagazine.com.tr\/Web\/wp-json\/wp\/v2\/media?parent=5890"}],"wp:term":[{"taxonomy":"category","embeddable":true,"href":"https:\/\/www.digitalcarmagazine.com.tr\/Web\/wp-json\/wp\/v2\/categories?post=5890"},{"taxonomy":"post_tag","embeddable":true,"href":"https:\/\/www.digitalcarmagazine.com.tr\/Web\/wp-json\/wp\/v2\/tags?post=5890"}],"curies":[{"name":"wp","href":"https:\/\/api.w.org\/{rel}","templated":true}]}}