{"id":5869,"date":"2013-03-22T09:14:38","date_gmt":"2013-03-22T09:14:38","guid":{"rendered":"http:\/\/www.digitalcarmagazine.com.tr\/Web\/?p=5869"},"modified":"2013-03-22T09:14:38","modified_gmt":"2013-03-22T09:14:38","slug":"35-yil-aradan-sonra-ilk-kez","status":"publish","type":"post","link":"https:\/\/www.digitalcarmagazine.com.tr\/Web\/35-yil-aradan-sonra-ilk-kez\/","title":{"rendered":"35 y\u0131l aradan sonra ilk kez!"},"content":{"rendered":"<h3>Renault, Kas\u0131m 2012\u2019de Soci\u00e9t\u00e9 des Automobiles Alpine- Caterham\u2019\u0131n yarat\u0131lmas\u0131 ile Alpine markas\u0131n\u0131n yenileni\u015fini duyurdu.\u00a0Markan\u0131n, pazara 2016 y\u0131l\u0131nda senesinde sunulmas\u0131 beklenen ilk yeni arac\u0131ndan \u00f6nce Renault taraf\u0131ndan Alpine markas\u0131n\u0131 \u00f6ne \u00e7\u0131karmak \u00fczere bir dizi operasyon planland\u0131. Bu operasyonlardan biri de ge\u00e7en Ocak ay\u0131ndaki Monte-Carlo Rallisi\u2019ne be\u015f Alpine-Renault A110 ile kat\u0131lmas\u0131.\u00a0Alpine 2013 y\u0131l\u0131ndan itibaren dayan\u0131kl\u0131l\u0131k \u201cendurance\u201d yar\u0131\u015f\u0131nda ayr\u0131ca Le Mans 24 Saat yar\u0131\u015f\u0131nda ve Avrupa Le Mans Serisi\u2019nde de m\u00fccadele edecek.<\/h3>\n<p><a href=\"https:\/\/www.digitalcarmagazine.com.tr\/Web\/wp-content\/uploads\/Alpine_45177_global_en1.jpg\"><img loading=\"lazy\" class=\"alignleft size-medium wp-image-5871\" title=\"Alpine_45177_global_en\" src=\"https:\/\/www.digitalcarmagazine.com.tr\/Web\/wp-content\/uploads\/Alpine_45177_global_en1-300x146.jpg\" alt=\"\" width=\"300\" height=\"146\" srcset=\"https:\/\/www.digitalcarmagazine.com.tr\/Web\/wp-content\/uploads\/Alpine_45177_global_en1-300x146.jpg 300w, https:\/\/www.digitalcarmagazine.com.tr\/Web\/wp-content\/uploads\/Alpine_45177_global_en1.jpg 850w\" sizes=\"(max-width: 300px) 100vw, 300px\" \/><\/a><a href=\"https:\/\/www.digitalcarmagazine.com.tr\/Web\/wp-content\/uploads\/Alpine_45214_global_en.jpg\"><img loading=\"lazy\" class=\"alignleft size-medium wp-image-5872\" title=\"Alpine_45214_global_en\" src=\"https:\/\/www.digitalcarmagazine.com.tr\/Web\/wp-content\/uploads\/Alpine_45214_global_en-300x187.jpg\" alt=\"\" width=\"300\" height=\"187\" srcset=\"https:\/\/www.digitalcarmagazine.com.tr\/Web\/wp-content\/uploads\/Alpine_45214_global_en-300x187.jpg 300w, https:\/\/www.digitalcarmagazine.com.tr\/Web\/wp-content\/uploads\/Alpine_45214_global_en.jpg 850w\" sizes=\"(max-width: 300px) 100vw, 300px\" \/><\/a>Renault\u2019nun \u00fcst d\u00fczey y\u00f6netim kadrosu 5 Kas\u0131m 2012 tarihinde Catherham ile ortakl\u0131\u011f\u0131 \u00e7er\u00e7evesinde Alpine markas\u0131n\u0131 yeniden lanse etmeye karar verdi. Bug\u00fcn ise Bernard Ollivier taraf\u0131ndan y\u00f6netilen yeni \u015firket Soci\u00e9t\u00e9 des Automobiles Alpine Caterham (Alpine Caterham Otomobilleri \u015eirketi) 2016 y\u0131l\u0131nda pazara sunulmas\u0131 beklenen yeni bir otomobil \u00fczerinde \u00e7al\u0131\u015fmaya ba\u015flad\u0131 bile.<br \/>\nBu arada marka, t\u00fcm faaliyet alanlar\u0131nda imaj\u0131n\u0131 peki\u015ftirmek i\u00e7in \u00e7al\u0131\u015fmalar\u0131n\u0131 kademeli olarak y\u00fcr\u00fctmeye devam ediyor.<br \/>\nMonaco F1 Grand Prix\u2019sinde ve Le Mans Classic\u2019te markan\u0131n 50. Y\u0131l\u0131 an\u0131s\u0131na Alpine A110-50\u2019nin sergilenmesinin ard\u0131ndan Renault, Tarihi Monte-Carlo Rallisi\u2019ne be\u015f Alpine-Renault A110 ile kat\u0131ld\u0131 ve halk taraf\u0131ndan \u00e7ok s\u0131cak kar\u015f\u0131land\u0131. Ard\u0131ndan \u015eubat ba\u015f\u0131nda Jean R\u00e9d\u00e9l\u00e9 taraf\u0131ndan yarat\u0131lan markan\u0131n di\u011fer modelleri Paris\u2019teki R\u00e9tromobile Fuar\u0131\u2019nda sergilendi.<\/p>\n<p><a href=\"https:\/\/www.digitalcarmagazine.com.tr\/Web\/wp-content\/uploads\/Alpine_45215_global_en.jpg\"><img loading=\"lazy\" class=\"alignleft size-medium wp-image-5873\" title=\"Alpine_45215_global_en\" src=\"https:\/\/www.digitalcarmagazine.com.tr\/Web\/wp-content\/uploads\/Alpine_45215_global_en-300x200.jpg\" alt=\"\" width=\"300\" height=\"200\" srcset=\"https:\/\/www.digitalcarmagazine.com.tr\/Web\/wp-content\/uploads\/Alpine_45215_global_en-300x200.jpg 300w, https:\/\/www.digitalcarmagazine.com.tr\/Web\/wp-content\/uploads\/Alpine_45215_global_en.jpg 850w\" sizes=\"(max-width: 300px) 100vw, 300px\" \/><\/a><a href=\"https:\/\/www.digitalcarmagazine.com.tr\/Web\/wp-content\/uploads\/Alpine_45221_global_en.jpg\"><img loading=\"lazy\" class=\"alignleft size-medium wp-image-5874\" title=\"Alpine_45221_global_en\" src=\"https:\/\/www.digitalcarmagazine.com.tr\/Web\/wp-content\/uploads\/Alpine_45221_global_en-300x193.jpg\" alt=\"\" width=\"300\" height=\"193\" srcset=\"https:\/\/www.digitalcarmagazine.com.tr\/Web\/wp-content\/uploads\/Alpine_45221_global_en-300x193.jpg 300w, https:\/\/www.digitalcarmagazine.com.tr\/Web\/wp-content\/uploads\/Alpine_45221_global_en.jpg 850w\" sizes=\"(max-width: 300px) 100vw, 300px\" \/><\/a>Bug\u00fcn ise prototip bir arac\u0131n 22-23 Haziran 2013\u2019te Le Mans 24 Saat Yar\u0131\u015f\u0131\u2019na ve ELMS (European Le Mans Series) \u015eampiyonlu\u011fu\u2019na kat\u0131laca\u011f\u0131 a\u00e7\u0131klanarak bir ba\u015fka \u00f6nemli ad\u0131m at\u0131lm\u0131\u015f oldu.<br \/>\nDayan\u0131kl\u0131l\u0131k yar\u0131\u015f\u0131nda m\u00fccadele etme karar\u0131, markan\u0131n tarih\u00e7esi ile \u00e7ok iyi \u00f6rt\u00fc\u015f\u00fcyor; \u00e7\u00fcnk\u00fc Alpine \u00fcnl\u00fc 24 saat yar\u0131\u015f\u0131na 1963 ile 1978 seneleri aras\u0131nda 55 ara\u00e7la tam 11 kez kat\u0131ld\u0131. 1964, 1965 ve 1968 y\u0131llar\u0131nda \u201cEnerji Endeksi\u201d s\u0131ralamas\u0131nda elde edilen ba\u015far\u0131lara ek olarak 1968 ve 1969 y\u0131lar\u0131nda \u2018Performans Endeksinde\u2019 kazan\u0131lan ba\u015far\u0131lar sayesinde toplamda yedi klasman galibiyeti elde edildi. Ayr\u0131ca Alpine A442B prototipi ile 1978 senesinde Jean-Pierre Jaussaud ve Didier Pironi\u2019nin kazand\u0131\u011f\u0131 zafer de son derece \u00f6nemli. Bu ba\u015far\u0131, di\u011fer bir Alpine A442 ile yar\u0131\u015fan Jean Ragnotti ve Guy Fr\u00e9quelin ekibinin d\u00f6rd\u00fcnc\u00fcl\u00fc\u011f\u00fc ile tamamlanm\u0131\u015f oldu.<br \/>\nAlpine, Le Mans\u2019a geri d\u00f6n\u00fc\u015f\u00fcnde g\u00fcc\u00fcn\u00fc Philippe Sinault Signatech ekibi ile birle\u015ftiriyor. Tak\u0131m 500bg Nissan motora sahip Alpine \u015fasili bir Alpine LMP2 prototipini ELMS\u2019nin be\u015f yar\u0131\u015f\u0131na dahil edecek. 13 Nisan\u2019daki \u0130ngiltere\u2019deki Silverstone ile a\u00e7\u0131l\u0131\u015f yap\u0131lacak. Pilotlar ise Pierre Ragues ve Nelson Panciatici olacak.<br \/>\nSezonun en \u00f6nemli olay\u0131 ku\u015fkusuz Le Mans 24 saat yar\u0131\u015f\u0131 olacak. D\u00fcnyan\u0131n bu en me\u015fhur dayan\u0131kl\u0131l\u0131k yar\u0131\u015f\u0131nda tak\u0131ma \u00fc\u00e7\u00fcnc\u00fc bir isim kat\u0131lacak. Bu isim, 24 Mart 2013\u2019de Le Castellet\u2019de arac\u0131n tan\u0131t\u0131m\u0131 s\u0131ras\u0131nda a\u00e7\u0131klanacak.<br \/>\nCarlos Tavares, a\u00e7\u0131klamas\u0131nda \u015funlar\u0131 s\u00f6yledi: \u201cAlpine\u2019in 2013 senesinde efsanevi Le Mans 24 Saat yar\u0131\u015f\u0131na geri d\u00f6n\u00fc\u015f\u00fc, uzun s\u00fcrecek yeni bir maceran\u0131n ba\u015flang\u0131c\u0131 olacak. Bize rehberlik eden bu derin tutkuda bize destek veren ortaklar\u0131m\u0131z ve destekleyicilerimize te\u015fekk\u00fcr etmek istiyorum. Bizler, ad\u0131m ad\u0131m, b\u00fcy\u00fck Frans\u0131z spor otomobil markas\u0131 Alpine\u2019in tarihine hep birlikte yeni bir sayfa ekleyece\u011fiz.\u201d<\/p>\n","protected":false},"excerpt":{"rendered":"<p>Renault, Kas\u0131m 2012\u2019de Soci\u00e9t\u00e9 des Automobiles Alpine- Caterham\u2019\u0131n yarat\u0131lmas\u0131 ile Alpine markas\u0131n\u0131n yenileni\u015fini duyurdu.\u00a0Markan\u0131n, pazara 2016 y\u0131l\u0131nda senesinde sunulmas\u0131 beklenen ilk yeni arac\u0131ndan \u00f6nce Renault taraf\u0131ndan Alpine markas\u0131n\u0131 \u00f6ne \u00e7\u0131karmak \u00fczere bir dizi operasyon planland\u0131. Bu operasyonlardan biri de ge\u00e7en Ocak ay\u0131ndaki Monte-Carlo Rallisi\u2019ne be\u015f Alpine-Renault A110 ile kat\u0131lmas\u0131.\u00a0Alpine 2013 y\u0131l\u0131ndan itibaren dayan\u0131kl\u0131l\u0131k \u201cendurance\u201d yar\u0131\u015f\u0131nda [&hellip;]<\/p>\n","protected":false},"author":1,"featured_media":0,"comment_status":"open","ping_status":"open","sticky":false,"template":"","format":"standard","meta":[],"categories":[1],"tags":[],"_links":{"self":[{"href":"https:\/\/www.digitalcarmagazine.com.tr\/Web\/wp-json\/wp\/v2\/posts\/5869"}],"collection":[{"href":"https:\/\/www.digitalcarmagazine.com.tr\/Web\/wp-json\/wp\/v2\/posts"}],"about":[{"href":"https:\/\/www.digitalcarmagazine.com.tr\/Web\/wp-json\/wp\/v2\/types\/post"}],"author":[{"embeddable":true,"href":"https:\/\/www.digitalcarmagazine.com.tr\/Web\/wp-json\/wp\/v2\/users\/1"}],"replies":[{"embeddable":true,"href":"https:\/\/www.digitalcarmagazine.com.tr\/Web\/wp-json\/wp\/v2\/comments?post=5869"}],"version-history":[{"count":1,"href":"https:\/\/www.digitalcarmagazine.com.tr\/Web\/wp-json\/wp\/v2\/posts\/5869\/revisions"}],"predecessor-version":[{"id":5875,"href":"https:\/\/www.digitalcarmagazine.com.tr\/Web\/wp-json\/wp\/v2\/posts\/5869\/revisions\/5875"}],"wp:attachment":[{"href":"https:\/\/www.digitalcarmagazine.com.tr\/Web\/wp-json\/wp\/v2\/media?parent=5869"}],"wp:term":[{"taxonomy":"category","embeddable":true,"href":"https:\/\/www.digitalcarmagazine.com.tr\/Web\/wp-json\/wp\/v2\/categories?post=5869"},{"taxonomy":"post_tag","embeddable":true,"href":"https:\/\/www.digitalcarmagazine.com.tr\/Web\/wp-json\/wp\/v2\/tags?post=5869"}],"curies":[{"name":"wp","href":"https:\/\/api.w.org\/{rel}","templated":true}]}}