{"id":5829,"date":"2013-03-07T22:32:19","date_gmt":"2013-03-07T22:32:19","guid":{"rendered":"http:\/\/www.digitalcarmagazine.com.tr\/Web\/?p=5829"},"modified":"2013-03-07T22:32:19","modified_gmt":"2013-03-07T22:32:19","slug":"santa-fe-ilk-kez-cenevrede-sergilendi","status":"publish","type":"post","link":"https:\/\/www.digitalcarmagazine.com.tr\/Web\/santa-fe-ilk-kez-cenevrede-sergilendi\/","title":{"rendered":"Santa Fe ilk kez Cenevre&#8217;de sergilendi"},"content":{"rendered":"<h3>Cenevre Otomobil Fuar\u0131&#8217;nda yeni Santa Fe&#8217;nin daha b\u00fcy\u00fck ve daha geni\u015f versiyonu olan Grad Santa Fe&#8217;nin Avrupa lansman\u0131n\u0131 yapan Hyundai, SUV-E segmentinde yeni \u00f6zellikler sunarak fark yaratmak istiyor.<\/h3>\n<p><a href=\"https:\/\/www.digitalcarmagazine.com.tr\/Web\/wp-content\/uploads\/2013-CENEVRE-HYUNDAI-GRAND-SANTA-FE.jpg\"><img loading=\"lazy\" class=\"alignleft size-medium wp-image-5830\" title=\"2013 CENEVRE- HYUNDAI GRAND SANTA FE\" src=\"https:\/\/www.digitalcarmagazine.com.tr\/Web\/wp-content\/uploads\/2013-CENEVRE-HYUNDAI-GRAND-SANTA-FE-300x156.jpg\" alt=\"\" width=\"300\" height=\"156\" srcset=\"https:\/\/www.digitalcarmagazine.com.tr\/Web\/wp-content\/uploads\/2013-CENEVRE-HYUNDAI-GRAND-SANTA-FE-300x156.jpg 300w, https:\/\/www.digitalcarmagazine.com.tr\/Web\/wp-content\/uploads\/2013-CENEVRE-HYUNDAI-GRAND-SANTA-FE-1024x535.jpg 1024w\" sizes=\"(max-width: 300px) 100vw, 300px\" \/><\/a>Fuarda yeni ve uzun versiyon Grand Santa Fe ile birlikte sergilenen Santa Fe ile ilgili olarak Hyundai Assan Genel M\u00fcd\u00fcr\u00fc \u00dcmit Karaarslan; &#8216;Yeni Hyundai Santa Fe\u00fbyi, sadece T\u00fcrkiye i\u00e7in \u00f6zel haz\u0131rlanan vergi avantajl\u0131, 2.0 dizel otomatik motor se\u00e7ene\u011fiyle Haziran ay\u0131nda sat\u0131\u015fa sunaca\u011f\u0131z&#8217; dedi.<\/p>\n<p>2.2 litre VGT motora sahip Grand Santa Fe&#8217;nin maksimum h\u0131z\u0131 200 km\/s. 197 HP g\u00fc\u00e7 \u00fcreten motorun maksimum torku ise 436 Nm. 0-100 km h\u0131zlanmas\u0131 ise 10,3 saniye olan modelin uzunlu\u011fu 4915 mm ve bagaj hacmi 634 litre.<\/p>\n","protected":false},"excerpt":{"rendered":"<p>Cenevre Otomobil Fuar\u0131&#8217;nda yeni Santa Fe&#8217;nin daha b\u00fcy\u00fck ve daha geni\u015f versiyonu olan Grad Santa Fe&#8217;nin Avrupa lansman\u0131n\u0131 yapan Hyundai, SUV-E segmentinde yeni \u00f6zellikler sunarak fark yaratmak istiyor. Fuarda yeni ve uzun versiyon Grand Santa Fe ile birlikte sergilenen Santa Fe ile ilgili olarak Hyundai Assan Genel M\u00fcd\u00fcr\u00fc \u00dcmit Karaarslan; &#8216;Yeni Hyundai Santa Fe\u00fbyi, sadece [&hellip;]<\/p>\n","protected":false},"author":1,"featured_media":0,"comment_status":"open","ping_status":"open","sticky":false,"template":"","format":"standard","meta":[],"categories":[1],"tags":[],"_links":{"self":[{"href":"https:\/\/www.digitalcarmagazine.com.tr\/Web\/wp-json\/wp\/v2\/posts\/5829"}],"collection":[{"href":"https:\/\/www.digitalcarmagazine.com.tr\/Web\/wp-json\/wp\/v2\/posts"}],"about":[{"href":"https:\/\/www.digitalcarmagazine.com.tr\/Web\/wp-json\/wp\/v2\/types\/post"}],"author":[{"embeddable":true,"href":"https:\/\/www.digitalcarmagazine.com.tr\/Web\/wp-json\/wp\/v2\/users\/1"}],"replies":[{"embeddable":true,"href":"https:\/\/www.digitalcarmagazine.com.tr\/Web\/wp-json\/wp\/v2\/comments?post=5829"}],"version-history":[{"count":1,"href":"https:\/\/www.digitalcarmagazine.com.tr\/Web\/wp-json\/wp\/v2\/posts\/5829\/revisions"}],"predecessor-version":[{"id":5831,"href":"https:\/\/www.digitalcarmagazine.com.tr\/Web\/wp-json\/wp\/v2\/posts\/5829\/revisions\/5831"}],"wp:attachment":[{"href":"https:\/\/www.digitalcarmagazine.com.tr\/Web\/wp-json\/wp\/v2\/media?parent=5829"}],"wp:term":[{"taxonomy":"category","embeddable":true,"href":"https:\/\/www.digitalcarmagazine.com.tr\/Web\/wp-json\/wp\/v2\/categories?post=5829"},{"taxonomy":"post_tag","embeddable":true,"href":"https:\/\/www.digitalcarmagazine.com.tr\/Web\/wp-json\/wp\/v2\/tags?post=5829"}],"curies":[{"name":"wp","href":"https:\/\/api.w.org\/{rel}","templated":true}]}}