{"id":5826,"date":"2013-03-07T22:29:58","date_gmt":"2013-03-07T22:29:58","guid":{"rendered":"http:\/\/www.digitalcarmagazine.com.tr\/Web\/?p=5826"},"modified":"2013-03-07T22:29:58","modified_gmt":"2013-03-07T22:29:58","slug":"hyundai-i20-wrc-ile-ralliye-geri-donuyor","status":"publish","type":"post","link":"https:\/\/www.digitalcarmagazine.com.tr\/Web\/hyundai-i20-wrc-ile-ralliye-geri-donuyor\/","title":{"rendered":"Hyundai, i20 WRC ile ralliye geri d\u00f6n\u00fcyor!"},"content":{"rendered":"<h3>Hyundai, D\u00fcnya Ralli \u015eampiyonas\u0131&#8217;na (World Rally Championship) geri d\u00f6nmenin heyecan\u0131n\u0131 ya\u015f\u0131yor. Almanya&#8217;da kurulan Hyundai Motorsport GmbH tak\u0131m\u0131n\u0131n haz\u0131rlad\u0131\u011f\u0131 yenilenen i20 WRC de son haliyle Cenevre Otomobil Fuar\u0131&#8217;nda sergilendi.<\/h3>\n<p><a href=\"https:\/\/www.digitalcarmagazine.com.tr\/Web\/wp-content\/uploads\/2013-CENEVRE-HYUNDAI-i20-WRC.jpg\"><img loading=\"lazy\" class=\"alignleft size-medium wp-image-5827\" title=\"2013 CENEVRE- HYUNDAI i20 WRC\" src=\"https:\/\/www.digitalcarmagazine.com.tr\/Web\/wp-content\/uploads\/2013-CENEVRE-HYUNDAI-i20-WRC-300x194.jpg\" alt=\"\" width=\"300\" height=\"194\" srcset=\"https:\/\/www.digitalcarmagazine.com.tr\/Web\/wp-content\/uploads\/2013-CENEVRE-HYUNDAI-i20-WRC-300x194.jpg 300w, https:\/\/www.digitalcarmagazine.com.tr\/Web\/wp-content\/uploads\/2013-CENEVRE-HYUNDAI-i20-WRC-1024x664.jpg 1024w\" sizes=\"(max-width: 300px) 100vw, 300px\" \/><\/a>Markan\u0131n motorsporlar\u0131na olan ilgisi 1998 y\u0131l\u0131nda F2 s\u0131n\u0131f\u0131 kategorisindeki Coupe modeliyle m\u00fccadele etti\u011fi yar\u0131\u015flarla ba\u015flad\u0131. 1999 y\u0131l\u0131ndaysa 2000 sezonu i\u00e7in bir \u00fcst kategoride yar\u0131\u015faca\u011f\u0131n\u0131 duyuran Hyundai, \u015fampiyona homologasyon kriterlerine uyumlu olarak geli\u015ftirdi\u011fi 3 kap\u0131l\u0131 Accent WRC ile 2003 sezonu sonuna kadar etaplarda boy g\u00f6stermi\u015fti. Sezon sonunda parkurlara veda eden Hyundai, \u015fampiyona reg\u00fclasyonlar\u0131 do\u011frultusunda haz\u0131rlanan 300 HP g\u00fcc\u00fcndeki 1.6 litre hacimli turbo beslemeli i20 WRC ile 2014 itibariyle etaplara geri d\u00f6nm\u00fc\u015f olacak.<\/p>\n","protected":false},"excerpt":{"rendered":"<p>Hyundai, D\u00fcnya Ralli \u015eampiyonas\u0131&#8217;na (World Rally Championship) geri d\u00f6nmenin heyecan\u0131n\u0131 ya\u015f\u0131yor. Almanya&#8217;da kurulan Hyundai Motorsport GmbH tak\u0131m\u0131n\u0131n haz\u0131rlad\u0131\u011f\u0131 yenilenen i20 WRC de son haliyle Cenevre Otomobil Fuar\u0131&#8217;nda sergilendi. Markan\u0131n motorsporlar\u0131na olan ilgisi 1998 y\u0131l\u0131nda F2 s\u0131n\u0131f\u0131 kategorisindeki Coupe modeliyle m\u00fccadele etti\u011fi yar\u0131\u015flarla ba\u015flad\u0131. 1999 y\u0131l\u0131ndaysa 2000 sezonu i\u00e7in bir \u00fcst kategoride yar\u0131\u015faca\u011f\u0131n\u0131 duyuran Hyundai, \u015fampiyona [&hellip;]<\/p>\n","protected":false},"author":1,"featured_media":0,"comment_status":"open","ping_status":"open","sticky":false,"template":"","format":"standard","meta":[],"categories":[1],"tags":[],"_links":{"self":[{"href":"https:\/\/www.digitalcarmagazine.com.tr\/Web\/wp-json\/wp\/v2\/posts\/5826"}],"collection":[{"href":"https:\/\/www.digitalcarmagazine.com.tr\/Web\/wp-json\/wp\/v2\/posts"}],"about":[{"href":"https:\/\/www.digitalcarmagazine.com.tr\/Web\/wp-json\/wp\/v2\/types\/post"}],"author":[{"embeddable":true,"href":"https:\/\/www.digitalcarmagazine.com.tr\/Web\/wp-json\/wp\/v2\/users\/1"}],"replies":[{"embeddable":true,"href":"https:\/\/www.digitalcarmagazine.com.tr\/Web\/wp-json\/wp\/v2\/comments?post=5826"}],"version-history":[{"count":1,"href":"https:\/\/www.digitalcarmagazine.com.tr\/Web\/wp-json\/wp\/v2\/posts\/5826\/revisions"}],"predecessor-version":[{"id":5828,"href":"https:\/\/www.digitalcarmagazine.com.tr\/Web\/wp-json\/wp\/v2\/posts\/5826\/revisions\/5828"}],"wp:attachment":[{"href":"https:\/\/www.digitalcarmagazine.com.tr\/Web\/wp-json\/wp\/v2\/media?parent=5826"}],"wp:term":[{"taxonomy":"category","embeddable":true,"href":"https:\/\/www.digitalcarmagazine.com.tr\/Web\/wp-json\/wp\/v2\/categories?post=5826"},{"taxonomy":"post_tag","embeddable":true,"href":"https:\/\/www.digitalcarmagazine.com.tr\/Web\/wp-json\/wp\/v2\/tags?post=5826"}],"curies":[{"name":"wp","href":"https:\/\/api.w.org\/{rel}","templated":true}]}}