{"id":5820,"date":"2013-03-07T22:25:58","date_gmt":"2013-03-07T22:25:58","guid":{"rendered":"http:\/\/www.digitalcarmagazine.com.tr\/Web\/?p=5820"},"modified":"2013-03-29T15:32:01","modified_gmt":"2013-03-29T15:32:01","slug":"1000-adet-uretilecek-alfa-romeo-4c-cenevrede","status":"publish","type":"post","link":"https:\/\/www.digitalcarmagazine.com.tr\/Web\/1000-adet-uretilecek-alfa-romeo-4c-cenevrede\/","title":{"rendered":"Sadece 1.000 adet \u00fcretilecek!"},"content":{"rendered":"<h3>Alfa Romeo&#8217;nun yeni s\u00fcper coupe modeli 4C, uluslararas\u0131 bas\u0131n\u0131n b\u00fcy\u00fck ilgisi e\u015fli\u011finde Cenevre&#8217;de sahneye \u00e7\u0131kt\u0131. Alfa Romeo&#8217;nun k\u00fcresel b\u00fcy\u00fcme plan\u0131n\u0131n ba\u015flang\u0131c\u0131n\u0131 temsil eden 4C modelinin d\u00fcnya lansman\u0131 bu y\u0131l 83&#8217;\u00fcnc\u00fc kez kap\u0131lar\u0131n\u0131 a\u00e7an Uluslararas\u0131 Cenevre Otomobil Fuar\u0131&#8217;nda ger\u00e7ekle\u015ftirildi.<\/h3>\n<p><a href=\"https:\/\/www.digitalcarmagazine.com.tr\/Web\/wp-content\/uploads\/Alfa-Romeo-4C-2.jpg\"><img loading=\"lazy\" class=\"alignleft size-medium wp-image-5821\" title=\"Alfa Romeo 4C-2\" src=\"https:\/\/www.digitalcarmagazine.com.tr\/Web\/wp-content\/uploads\/Alfa-Romeo-4C-2-300x181.jpg\" alt=\"\" width=\"300\" height=\"181\" srcset=\"https:\/\/www.digitalcarmagazine.com.tr\/Web\/wp-content\/uploads\/Alfa-Romeo-4C-2-300x181.jpg 300w, https:\/\/www.digitalcarmagazine.com.tr\/Web\/wp-content\/uploads\/Alfa-Romeo-4C-2-1024x620.jpg 1024w\" sizes=\"(max-width: 300px) 100vw, 300px\" \/><\/a><a href=\"https:\/\/www.digitalcarmagazine.com.tr\/Web\/wp-content\/uploads\/Alfa-Romeo-4C-3.jpg\"><img loading=\"lazy\" class=\"alignleft size-medium wp-image-5822\" title=\"Alfa Romeo 4C-3\" src=\"https:\/\/www.digitalcarmagazine.com.tr\/Web\/wp-content\/uploads\/Alfa-Romeo-4C-3-300x187.jpg\" alt=\"\" width=\"300\" height=\"187\" srcset=\"https:\/\/www.digitalcarmagazine.com.tr\/Web\/wp-content\/uploads\/Alfa-Romeo-4C-3-300x187.jpg 300w, https:\/\/www.digitalcarmagazine.com.tr\/Web\/wp-content\/uploads\/Alfa-Romeo-4C-3-1024x639.jpg 1024w\" sizes=\"(max-width: 300px) 100vw, 300px\" \/><\/a><a href=\"https:\/\/www.digitalcarmagazine.com.tr\/Web\/wp-content\/uploads\/Alfa-Romeo-4C-4.jpg\"><img loading=\"lazy\" class=\"alignleft size-medium wp-image-5823\" title=\"Alfa Romeo 4C-4\" src=\"https:\/\/www.digitalcarmagazine.com.tr\/Web\/wp-content\/uploads\/Alfa-Romeo-4C-4-300x224.jpg\" alt=\"\" width=\"300\" height=\"224\" srcset=\"https:\/\/www.digitalcarmagazine.com.tr\/Web\/wp-content\/uploads\/Alfa-Romeo-4C-4-300x224.jpg 300w, https:\/\/www.digitalcarmagazine.com.tr\/Web\/wp-content\/uploads\/Alfa-Romeo-4C-4-1024x767.jpg 1024w, https:\/\/www.digitalcarmagazine.com.tr\/Web\/wp-content\/uploads\/Alfa-Romeo-4C-4.jpg 1772w\" sizes=\"(max-width: 300px) 100vw, 300px\" \/><\/a>Alfa Romeo 4C modeli, radikal tasar\u0131m\u0131n\u0131n yan\u0131 s\u0131ra karbon fiber g\u00f6vdesiyle de farkl\u0131 oldu\u011funu g\u00f6steriyor. 240 HP g\u00fcc\u00fcndeki 4 silindirli 1750 cc&#8217;lik turbo benzinli motoruyla maksimum 250 km\/s h\u0131za ula\u015f\u0131rken, 0-100 km\/s h\u0131zlanmas\u0131n\u0131 ise sadece 4.5 saniyede tamaml\u0131yor. Alfa Romeo 4C&#8217;nin d\u00fcnya lansman\u0131na \u00f6zel olarak sunulan &#8216;Launch Edition&#8217; serisinden Avrupa, Ortado\u011fu ve Afrika b\u00f6lgesi i\u00e7in 400 adet, Kuzey Amerika i\u00e7in 500 adet ve d\u00fcnyan\u0131n geri kalan\u0131 i\u00e7in 100 adet olmak \u00fczere toplamda 1000 adet \u00fcretilecek. S\u0131n\u0131rl\u0131 say\u0131da Alfa Romeo hayran\u0131n\u0131n sahip olabilece\u011fi ve &#8216;Carrara Beyaz\u0131&#8217; \u00f6zel rengiyle dikkat \u00e7eken 4C &#8216;Launch Edition&#8217; &#8216;modelinin Avrupa&#8217;daki fiyat\u0131 60 bin Euro olacak.<\/p>\n","protected":false},"excerpt":{"rendered":"<p>Alfa Romeo&#8217;nun yeni s\u00fcper coupe modeli 4C, uluslararas\u0131 bas\u0131n\u0131n b\u00fcy\u00fck ilgisi e\u015fli\u011finde Cenevre&#8217;de sahneye \u00e7\u0131kt\u0131. Alfa Romeo&#8217;nun k\u00fcresel b\u00fcy\u00fcme plan\u0131n\u0131n ba\u015flang\u0131c\u0131n\u0131 temsil eden 4C modelinin d\u00fcnya lansman\u0131 bu y\u0131l 83&#8217;\u00fcnc\u00fc kez kap\u0131lar\u0131n\u0131 a\u00e7an Uluslararas\u0131 Cenevre Otomobil Fuar\u0131&#8217;nda ger\u00e7ekle\u015ftirildi. Alfa Romeo 4C modeli, radikal tasar\u0131m\u0131n\u0131n yan\u0131 s\u0131ra karbon fiber g\u00f6vdesiyle de farkl\u0131 oldu\u011funu g\u00f6steriyor. 240 HP [&hellip;]<\/p>\n","protected":false},"author":1,"featured_media":0,"comment_status":"open","ping_status":"open","sticky":false,"template":"","format":"standard","meta":[],"categories":[1],"tags":[],"_links":{"self":[{"href":"https:\/\/www.digitalcarmagazine.com.tr\/Web\/wp-json\/wp\/v2\/posts\/5820"}],"collection":[{"href":"https:\/\/www.digitalcarmagazine.com.tr\/Web\/wp-json\/wp\/v2\/posts"}],"about":[{"href":"https:\/\/www.digitalcarmagazine.com.tr\/Web\/wp-json\/wp\/v2\/types\/post"}],"author":[{"embeddable":true,"href":"https:\/\/www.digitalcarmagazine.com.tr\/Web\/wp-json\/wp\/v2\/users\/1"}],"replies":[{"embeddable":true,"href":"https:\/\/www.digitalcarmagazine.com.tr\/Web\/wp-json\/wp\/v2\/comments?post=5820"}],"version-history":[{"count":4,"href":"https:\/\/www.digitalcarmagazine.com.tr\/Web\/wp-json\/wp\/v2\/posts\/5820\/revisions"}],"predecessor-version":[{"id":5946,"href":"https:\/\/www.digitalcarmagazine.com.tr\/Web\/wp-json\/wp\/v2\/posts\/5820\/revisions\/5946"}],"wp:attachment":[{"href":"https:\/\/www.digitalcarmagazine.com.tr\/Web\/wp-json\/wp\/v2\/media?parent=5820"}],"wp:term":[{"taxonomy":"category","embeddable":true,"href":"https:\/\/www.digitalcarmagazine.com.tr\/Web\/wp-json\/wp\/v2\/categories?post=5820"},{"taxonomy":"post_tag","embeddable":true,"href":"https:\/\/www.digitalcarmagazine.com.tr\/Web\/wp-json\/wp\/v2\/tags?post=5820"}],"curies":[{"name":"wp","href":"https:\/\/api.w.org\/{rel}","templated":true}]}}