{"id":5806,"date":"2013-02-27T13:24:21","date_gmt":"2013-02-27T13:24:21","guid":{"rendered":"http:\/\/www.digitalcarmagazine.com.tr\/Web\/?p=5806"},"modified":"2013-03-07T23:03:17","modified_gmt":"2013-03-07T23:03:17","slug":"skoda-octavia-combi-ve-combi-4x4u-ile-cenevrede","status":"publish","type":"post","link":"https:\/\/www.digitalcarmagazine.com.tr\/Web\/skoda-octavia-combi-ve-combi-4x4u-ile-cenevrede\/","title":{"rendered":"Skoda, Octavia Combi ve Combi 4&#215;4&#8217;\u00fc ile Cenevre&#8217;de!"},"content":{"rendered":"<h3 style=\"text-align: left;\" align=\"center\">Skoda&#8217;n\u0131n &#8220;Markan\u0131n kalbi&#8221; olarak niteledi\u011fi yeni Octavia, Cenevre Otomobil Fuar\u0131&#8217;nda bu kez yeni nesil Octavia Combi ve Combi 4&#215;4 versiyonlar\u0131yla tan\u0131t\u0131l\u0131yor.<\/h3>\n<p style=\"text-align: left;\"><a href=\"https:\/\/www.digitalcarmagazine.com.tr\/Web\/wp-content\/uploads\/Combi.jpg\"><img loading=\"lazy\" class=\"alignleft size-medium wp-image-5807\" title=\"Prof. Dr. Ekkehart Baumgartner\" src=\"https:\/\/www.digitalcarmagazine.com.tr\/Web\/wp-content\/uploads\/Combi-300x200.jpg\" alt=\"\" width=\"300\" height=\"200\" srcset=\"https:\/\/www.digitalcarmagazine.com.tr\/Web\/wp-content\/uploads\/Combi-300x200.jpg 300w, https:\/\/www.digitalcarmagazine.com.tr\/Web\/wp-content\/uploads\/Combi-1024x682.jpg 1024w, https:\/\/www.digitalcarmagazine.com.tr\/Web\/wp-content\/uploads\/Combi.jpg 1500w\" sizes=\"(max-width: 300px) 100vw, 300px\" \/><\/a>\u00c7ek \u00fcretici Skoda, model at\u0131l\u0131m\u0131n\u0131 bu kez de \u00fc\u00e7\u00fcnc\u00fc nesil Octavia Combi ile s\u00fcrd\u00fcr\u00fcyor. Yeni Octavia&#8217;n\u0131n \u00fcretime ba\u015flanmas\u0131n\u0131n \u00fczerinden sadece birka\u00e7 hafta ge\u00e7mesine kar\u015f\u0131n, 5-17 Mart 2013 tarihleri aras\u0131nda d\u00fczenlenecek Cenevre Otomobil Fuar\u0131&#8217;nda modelin tamamen yeni Combi ve Combi 4&#215;4 versiyonlar\u0131n\u0131n d\u00fcnya lansman\u0131 ger\u00e7ekle\u015fecek.<\/p>\n<p style=\"text-align: left;\">Skoda&#8217;n\u0131n en \u00e7ok satan modeli olan Octavia&#8217;n\u0131n yeni Combi versiyonu, m\u00fckemmel tasar\u0131m\u0131, rakipsiz i\u00e7 mekan geni\u015fli\u011fi, fonksiyonelli\u011fi, yenilik\u00e7i g\u00fcvenlik ve konfor donan\u0131mlar\u0131, ekonomik motor se\u00e7eneklerinin yan\u0131nda markan\u0131n &#8220;tek kelimeyle ak\u0131ll\u0131ca&#8221; diye tan\u0131mlanacak pratik \u00e7oz\u00fcmlerini sunmas\u0131yla iddial\u0131 olacak. Ba\u015ftan sona tamamen yeniden tasarlanan Octavia Combi, \u00f6nceki nesillerine g\u00f6re daha dinamik bir g\u00f6r\u00fcnt\u00fc sergilerken, yeni Octavia gibi yolda benzersiz, rafine ve sa\u011flam bir duru\u015f sergiliyor.<\/p>\n<h4 style=\"text-align: left;\"><span style=\"color: #ff0000;\"><a href=\"https:\/\/www.digitalcarmagazine.com.tr\/Web\/wp-content\/uploads\/Octavia-Combi.jpg\"><img loading=\"lazy\" class=\"alignleft size-medium wp-image-5808\" title=\"Prof. Dr. Ekkehart Baumgartner\" src=\"https:\/\/www.digitalcarmagazine.com.tr\/Web\/wp-content\/uploads\/Octavia-Combi-300x200.jpg\" alt=\"\" width=\"300\" height=\"200\" srcset=\"https:\/\/www.digitalcarmagazine.com.tr\/Web\/wp-content\/uploads\/Octavia-Combi-300x200.jpg 300w, https:\/\/www.digitalcarmagazine.com.tr\/Web\/wp-content\/uploads\/Octavia-Combi-1024x682.jpg 1024w, https:\/\/www.digitalcarmagazine.com.tr\/Web\/wp-content\/uploads\/Octavia-Combi.jpg 1500w\" sizes=\"(max-width: 300px) 100vw, 300px\" \/><\/a>Pratik donan\u0131mlara sahip bir aile otomobili<\/span><\/h4>\n<p style=\"text-align: left;\">Yeni Skoda Octavia Combi, bir \u00f6nceki nesline g\u00f6re 90 mm daha uzun ve 45 mm daha geni\u015f hale geldi. Arac\u0131n dingil mesafesi yakla\u015f\u0131k 11 cm kadar artarken, bu da i\u00e7 mekanda yeni bir rekora imza atmas\u0131n\u0131 sa\u011flad\u0131. Arka koltuklarda oturanlar i\u00e7in sunulan diz mesafesinde 73 mm&#8217;lik bir art\u0131\u015f olurken, arac\u0131 bu konuda s\u0131n\u0131f\u0131n\u0131n lideri haline getirdi. Bagaj kapasitesi 610 litreye \u00e7\u0131karken, arka koltuk s\u0131rtl\u0131klar\u0131 yat\u0131r\u0131ld\u0131\u011f\u0131nda bu alan 1.740 litreye kadar artabiliyor.\u00a0Ara\u00e7ta bir dolu &#8220;ak\u0131ll\u0131&#8221; detay da bulunuyor. Yeni Skoda Octavia&#8217;da sunulan pratik yeniliklere ek olarak Combi versiyonunda arka koltuk s\u0131rtl\u0131klar\u0131n\u0131n bagaj kapa\u011f\u0131ndan yat\u0131r\u0131labilmesi gibi ek \u00f6zellikler dikkat \u00e7ekiyor. Bu fonksiyon, bagaj kapa\u011f\u0131ndan uzun nesnelerin araca y\u00fcklenmesinde b\u00fcy\u00fck kolayl\u0131k sa\u011fl\u0131yor. Ayr\u0131ca ayarlanabilir ve \u00e7\u0131kart\u0131labilir bagaj zemininin alt\u0131nda, bagaj perdesi ve tavan \u00e7\u0131talar\u0131n\u0131n konulabilece\u011fi \u00f6zel g\u00f6zler de bulunmakta.\u00a0Yeni motorlar\u0131 sayesinde \u00f6nceki nesline oranla y\u00fczde 17 daha az yak\u0131t t\u00fcketimine sahip yeni Octavia Combi, 4 benzinli ve 4 dizel motor se\u00e7ene\u011fi sunuyor.\u00a0Fuardaki Skoda stand\u0131nda ayr\u0131ca Octavia Combi\u2019nin tamamen yeni geli\u015ftirilmi\u015f d\u00f6rt tekerlekten \u00e7eki\u015f sisitemi ve 5. nesil Haldex kavrama sistemiyle donat\u0131lm\u0131\u015f 4\u00d74 versiyonu da sergilenecek.<\/p>\n","protected":false},"excerpt":{"rendered":"<p>Skoda&#8217;n\u0131n &#8220;Markan\u0131n kalbi&#8221; olarak niteledi\u011fi yeni Octavia, Cenevre Otomobil Fuar\u0131&#8217;nda bu kez yeni nesil Octavia Combi ve Combi 4&#215;4 versiyonlar\u0131yla tan\u0131t\u0131l\u0131yor. \u00c7ek \u00fcretici Skoda, model at\u0131l\u0131m\u0131n\u0131 bu kez de \u00fc\u00e7\u00fcnc\u00fc nesil Octavia Combi ile s\u00fcrd\u00fcr\u00fcyor. Yeni Octavia&#8217;n\u0131n \u00fcretime ba\u015flanmas\u0131n\u0131n \u00fczerinden sadece birka\u00e7 hafta ge\u00e7mesine kar\u015f\u0131n, 5-17 Mart 2013 tarihleri aras\u0131nda d\u00fczenlenecek Cenevre Otomobil Fuar\u0131&#8217;nda modelin [&hellip;]<\/p>\n","protected":false},"author":1,"featured_media":0,"comment_status":"open","ping_status":"open","sticky":false,"template":"","format":"standard","meta":[],"categories":[1],"tags":[],"_links":{"self":[{"href":"https:\/\/www.digitalcarmagazine.com.tr\/Web\/wp-json\/wp\/v2\/posts\/5806"}],"collection":[{"href":"https:\/\/www.digitalcarmagazine.com.tr\/Web\/wp-json\/wp\/v2\/posts"}],"about":[{"href":"https:\/\/www.digitalcarmagazine.com.tr\/Web\/wp-json\/wp\/v2\/types\/post"}],"author":[{"embeddable":true,"href":"https:\/\/www.digitalcarmagazine.com.tr\/Web\/wp-json\/wp\/v2\/users\/1"}],"replies":[{"embeddable":true,"href":"https:\/\/www.digitalcarmagazine.com.tr\/Web\/wp-json\/wp\/v2\/comments?post=5806"}],"version-history":[{"count":2,"href":"https:\/\/www.digitalcarmagazine.com.tr\/Web\/wp-json\/wp\/v2\/posts\/5806\/revisions"}],"predecessor-version":[{"id":5855,"href":"https:\/\/www.digitalcarmagazine.com.tr\/Web\/wp-json\/wp\/v2\/posts\/5806\/revisions\/5855"}],"wp:attachment":[{"href":"https:\/\/www.digitalcarmagazine.com.tr\/Web\/wp-json\/wp\/v2\/media?parent=5806"}],"wp:term":[{"taxonomy":"category","embeddable":true,"href":"https:\/\/www.digitalcarmagazine.com.tr\/Web\/wp-json\/wp\/v2\/categories?post=5806"},{"taxonomy":"post_tag","embeddable":true,"href":"https:\/\/www.digitalcarmagazine.com.tr\/Web\/wp-json\/wp\/v2\/tags?post=5806"}],"curies":[{"name":"wp","href":"https:\/\/api.w.org\/{rel}","templated":true}]}}