{"id":5798,"date":"2013-02-27T12:58:43","date_gmt":"2013-02-27T12:58:43","guid":{"rendered":"http:\/\/www.digitalcarmagazine.com.tr\/Web\/?p=5798"},"modified":"2013-03-07T23:01:46","modified_gmt":"2013-03-07T23:01:46","slug":"peugeot-2008in-dunya-promiyeri-cenevrede","status":"publish","type":"post","link":"https:\/\/www.digitalcarmagazine.com.tr\/Web\/peugeot-2008in-dunya-promiyeri-cenevrede\/","title":{"rendered":"Peugeot 2008&#8217;in d\u00fcnya pr\u00f6miyeri Cenevre&#8217;de!"},"content":{"rendered":"<h3>Peugeot \u00fcr\u00fcn gam\u0131na yeni rakamlar dahil oluyor. 2008 modeli ile SUV segmentinde farkl\u0131 bir yer bulmak isteyen Peugeot, bu yeni modelini Cenevre&#8217;de g\u00f6r\u00fcc\u00fcye \u00e7\u0131kar\u0131yor. D\u00fcnya pr\u00f6miyeri ger\u00e7ekle\u015ftirilecek 2008 B segmentinde farkl\u0131 bir \u00fcr\u00fcn olacak&#8230;<\/h3>\n<p><a href=\"https:\/\/www.digitalcarmagazine.com.tr\/Web\/wp-content\/uploads\/2008_1301JBL001.jpg\"><img loading=\"lazy\" class=\"alignleft size-medium wp-image-5799\" title=\"2008_1301JBL001\" src=\"https:\/\/www.digitalcarmagazine.com.tr\/Web\/wp-content\/uploads\/2008_1301JBL001-300x200.jpg\" alt=\"\" width=\"300\" height=\"200\" srcset=\"https:\/\/www.digitalcarmagazine.com.tr\/Web\/wp-content\/uploads\/2008_1301JBL001-300x200.jpg 300w, https:\/\/www.digitalcarmagazine.com.tr\/Web\/wp-content\/uploads\/2008_1301JBL001-1024x683.jpg 1024w, https:\/\/www.digitalcarmagazine.com.tr\/Web\/wp-content\/uploads\/2008_1301JBL001.jpg 1435w\" sizes=\"(max-width: 300px) 100vw, 300px\" \/><\/a><a href=\"https:\/\/www.digitalcarmagazine.com.tr\/Web\/wp-content\/uploads\/2008_1301JBL009.jpg\"><img loading=\"lazy\" class=\"alignleft size-medium wp-image-5800\" title=\"2008_1301JBL009\" src=\"https:\/\/www.digitalcarmagazine.com.tr\/Web\/wp-content\/uploads\/2008_1301JBL009-300x181.jpg\" alt=\"\" width=\"300\" height=\"181\" srcset=\"https:\/\/www.digitalcarmagazine.com.tr\/Web\/wp-content\/uploads\/2008_1301JBL009-300x181.jpg 300w, https:\/\/www.digitalcarmagazine.com.tr\/Web\/wp-content\/uploads\/2008_1301JBL009-1024x618.jpg 1024w, https:\/\/www.digitalcarmagazine.com.tr\/Web\/wp-content\/uploads\/2008_1301JBL009.jpg 1435w\" sizes=\"(max-width: 300px) 100vw, 300px\" \/><\/a>Avrupa\u2019da, \u00c7in\u2019de ve Latin Amerika\u2019da, Peugeot\u2019nun yeni kompakt SUV modeli <strong>2008\u2019i<\/strong> yaratmak i\u00e7in birlikte \u00e7al\u0131\u015fan m\u00fchendisler ve tasar\u0131mc\u0131lar, Marka\u2019n\u0131n \u015fehir modelleri yaratma konusundaki uzmanl\u0131\u011f\u0131n\u0131 ve \u015fimdiden 440 000 adedin \u00fczerinde sat\u0131lan 3008\u2019in ba\u015far\u0131s\u0131n\u0131n g\u00f6sterdi\u011fi gibi, SUV d\u00fcnyas\u0131ndaki genel kabul g\u00f6ren bilgi birikimini bir araya getirdiler.\u00a0B segmentinde yepyeni bir otomobil arz\u0131 olu\u015fturan 2008, Peugeot\u2019nun 2012\u2019de yeniden h\u0131zlanan uluslararas\u0131 b\u00fcy\u00fcme dinami\u011fine katk\u0131da bulunarak, \u00fc\u00e7 k\u0131tada yeni m\u00fc\u015fteriler fethetmeyi ama\u00e7l\u0131yor.<\/p>\n<p><a href=\"https:\/\/www.digitalcarmagazine.com.tr\/Web\/wp-content\/uploads\/2008_1301JBL005.jpg\"><img loading=\"lazy\" class=\"alignleft size-medium wp-image-5801\" title=\"2008_1301JBL005\" src=\"https:\/\/www.digitalcarmagazine.com.tr\/Web\/wp-content\/uploads\/2008_1301JBL005-300x216.jpg\" alt=\"\" width=\"300\" height=\"216\" srcset=\"https:\/\/www.digitalcarmagazine.com.tr\/Web\/wp-content\/uploads\/2008_1301JBL005-300x216.jpg 300w, https:\/\/www.digitalcarmagazine.com.tr\/Web\/wp-content\/uploads\/2008_1301JBL005-1024x739.jpg 1024w, https:\/\/www.digitalcarmagazine.com.tr\/Web\/wp-content\/uploads\/2008_1301JBL005.jpg 1435w\" sizes=\"(max-width: 300px) 100vw, 300px\" \/><\/a><a href=\"https:\/\/www.digitalcarmagazine.com.tr\/Web\/wp-content\/uploads\/2008_1301JBL101.jpg\"><img loading=\"lazy\" class=\"alignleft size-medium wp-image-5802\" title=\"2008_1301JBL101\" src=\"https:\/\/www.digitalcarmagazine.com.tr\/Web\/wp-content\/uploads\/2008_1301JBL101-300x200.jpg\" alt=\"\" width=\"300\" height=\"200\" srcset=\"https:\/\/www.digitalcarmagazine.com.tr\/Web\/wp-content\/uploads\/2008_1301JBL101-300x200.jpg 300w, https:\/\/www.digitalcarmagazine.com.tr\/Web\/wp-content\/uploads\/2008_1301JBL101-1024x683.jpg 1024w, https:\/\/www.digitalcarmagazine.com.tr\/Web\/wp-content\/uploads\/2008_1301JBL101.jpg 1435w\" sizes=\"(max-width: 300px) 100vw, 300px\" \/><\/a><a href=\"https:\/\/www.digitalcarmagazine.com.tr\/Web\/wp-content\/uploads\/2008_1301JBL031.jpg\"><img loading=\"lazy\" class=\"alignleft size-medium wp-image-5803\" title=\"2008_1301JBL031\" src=\"https:\/\/www.digitalcarmagazine.com.tr\/Web\/wp-content\/uploads\/2008_1301JBL031-300x200.jpg\" alt=\"\" width=\"300\" height=\"200\" srcset=\"https:\/\/www.digitalcarmagazine.com.tr\/Web\/wp-content\/uploads\/2008_1301JBL031-300x200.jpg 300w, https:\/\/www.digitalcarmagazine.com.tr\/Web\/wp-content\/uploads\/2008_1301JBL031-1024x683.jpg 1024w, https:\/\/www.digitalcarmagazine.com.tr\/Web\/wp-content\/uploads\/2008_1301JBL031.jpg 1435w\" sizes=\"(max-width: 300px) 100vw, 300px\" \/><\/a>2008 kompakt (4,16 m), se\u00e7kin ve g\u00fc\u00e7l\u00fc tasar\u0131ml\u0131, \u015fehre tutkun, fakat ayn\u0131 zamanda \u015fehirden ka\u00e7\u0131\u015flar\u0131 da seven, Sao Paulo veya Shanghai, Paris, Kuala Lumpur veya Moskova\u2019daki gen\u00e7 kentlilere y\u00f6nelik, otomobil keyfi ile \u00e7evreye sayg\u0131y\u0131 uzla\u015ft\u0131ran, atak ve \u00e7ok y\u00f6nl\u00fc bir SUV.\u00a0Siluetinin dinamizmi ile dikkat \u00e7eken 2008, kaputunun alt\u0131nda d\u00fc\u015f\u00fck t\u00fcketimli son nesil motor se\u00e7enekleri bar\u0131nd\u0131r\u0131yor: e-HDi dizel ve 3-silindirli benzinli motorlar\u0131yla, \u015fehirli kompakt SUV Peugeot 98g\/km\u2019den ba\u015flayan CO<sub>2 <\/sub>emisyonlar\u0131yla ay\u0131rt ediliyor.\u00a02008, arac\u0131n SUV kimli\u011fini vurgulayan, enerjik bak\u0131rs\u0131 bir turuncu renge sahip \u00f6zel bir versiyon ile sunuluyor. Krom esasl\u0131 olarak tasarlanan koyu turuncu kasa rengi, Peugeot\u2019nun yenilik\u00e7i renk ve malzemeler etraf\u0131nda geli\u015ftirdi\u011fi \u00f6zg\u00fcn yans\u0131malarla, m\u00fc\u015fterilere sunulacak \u201cki\u015fiselle\u015ftirme\u201d ayr\u0131cal\u0131\u011f\u0131n\u0131 ifade ediyor.<\/p>\n<p>2008, \u00f6nce Fransa\u2019da (Mulhouse), sonra \u00c7in\u2019de ve Brezilya\u2019da \u00fcretilecek.<\/p>\n","protected":false},"excerpt":{"rendered":"<p>Peugeot \u00fcr\u00fcn gam\u0131na yeni rakamlar dahil oluyor. 2008 modeli ile SUV segmentinde farkl\u0131 bir yer bulmak isteyen Peugeot, bu yeni modelini Cenevre&#8217;de g\u00f6r\u00fcc\u00fcye \u00e7\u0131kar\u0131yor. D\u00fcnya pr\u00f6miyeri ger\u00e7ekle\u015ftirilecek 2008 B segmentinde farkl\u0131 bir \u00fcr\u00fcn olacak&#8230; Avrupa\u2019da, \u00c7in\u2019de ve Latin Amerika\u2019da, Peugeot\u2019nun yeni kompakt SUV modeli 2008\u2019i yaratmak i\u00e7in birlikte \u00e7al\u0131\u015fan m\u00fchendisler ve tasar\u0131mc\u0131lar, Marka\u2019n\u0131n \u015fehir modelleri [&hellip;]<\/p>\n","protected":false},"author":1,"featured_media":0,"comment_status":"open","ping_status":"open","sticky":false,"template":"","format":"standard","meta":[],"categories":[1],"tags":[],"_links":{"self":[{"href":"https:\/\/www.digitalcarmagazine.com.tr\/Web\/wp-json\/wp\/v2\/posts\/5798"}],"collection":[{"href":"https:\/\/www.digitalcarmagazine.com.tr\/Web\/wp-json\/wp\/v2\/posts"}],"about":[{"href":"https:\/\/www.digitalcarmagazine.com.tr\/Web\/wp-json\/wp\/v2\/types\/post"}],"author":[{"embeddable":true,"href":"https:\/\/www.digitalcarmagazine.com.tr\/Web\/wp-json\/wp\/v2\/users\/1"}],"replies":[{"embeddable":true,"href":"https:\/\/www.digitalcarmagazine.com.tr\/Web\/wp-json\/wp\/v2\/comments?post=5798"}],"version-history":[{"count":2,"href":"https:\/\/www.digitalcarmagazine.com.tr\/Web\/wp-json\/wp\/v2\/posts\/5798\/revisions"}],"predecessor-version":[{"id":5854,"href":"https:\/\/www.digitalcarmagazine.com.tr\/Web\/wp-json\/wp\/v2\/posts\/5798\/revisions\/5854"}],"wp:attachment":[{"href":"https:\/\/www.digitalcarmagazine.com.tr\/Web\/wp-json\/wp\/v2\/media?parent=5798"}],"wp:term":[{"taxonomy":"category","embeddable":true,"href":"https:\/\/www.digitalcarmagazine.com.tr\/Web\/wp-json\/wp\/v2\/categories?post=5798"},{"taxonomy":"post_tag","embeddable":true,"href":"https:\/\/www.digitalcarmagazine.com.tr\/Web\/wp-json\/wp\/v2\/tags?post=5798"}],"curies":[{"name":"wp","href":"https:\/\/api.w.org\/{rel}","templated":true}]}}