{"id":5781,"date":"2013-02-27T11:58:36","date_gmt":"2013-02-27T11:58:36","guid":{"rendered":"http:\/\/www.digitalcarmagazine.com.tr\/Web\/?p=5781"},"modified":"2013-02-27T11:58:36","modified_gmt":"2013-02-27T11:58:36","slug":"mercedes-benz-turk%e2%80%99e-yeni-baskan","status":"publish","type":"post","link":"https:\/\/www.digitalcarmagazine.com.tr\/Web\/mercedes-benz-turk%e2%80%99e-yeni-baskan\/","title":{"rendered":"Mercedes-Benz T\u00fcrk\u2019e Yeni Ba\u015fkan"},"content":{"rendered":"<h3>Mercedes-Benz T\u00fcrk A.\u015e.\u2019nin yeni Direkt\u00f6rler Kurulu Ba\u015fkan\u0131 Rainer Christian Genes, \u00a0\u00a0\u00a01 Mart 2013 tarihi itibariyle g\u00f6revi Wolf-Dieter Kurz\u2019dan devral\u0131yor.<\/h3>\n<p><a href=\"https:\/\/www.digitalcarmagazine.com.tr\/Web\/wp-content\/uploads\/Rainer-Christian-Genes.jpg\"><img loading=\"lazy\" class=\"alignleft size-full wp-image-5782\" title=\"Rainer Christian Genes\" src=\"https:\/\/www.digitalcarmagazine.com.tr\/Web\/wp-content\/uploads\/Rainer-Christian-Genes.jpg\" alt=\"\" width=\"135\" height=\"180\" \/><\/a>1 Kas\u0131m 2009\u2019dan bu yana Mercedes-Benz T\u00fcrk A.\u015e. Direkt\u00f6rler Kurulu Ba\u015fkanl\u0131\u011f\u0131 g\u00f6revini s\u00fcrd\u00fcren Wolf-Dieter Kurz, Mercedes-Benz ve Smart Global Par\u00e7a ve Servisi\u2019nden Sorumlu Ba\u015fkan olarak Stuttgart\/Almanya\u2019ya gidiyor.<\/p>\n<p>Rainer Christian Genes, makina m\u00fchendisli\u011fi e\u011fitiminin ard\u0131ndan Daimler\u2019de \u00e7e\u015fitli y\u00f6netim kademelerinde sorumluluklar \u00fcstlendikten sonra 1998&#8217;de MCC Smart GmbH&#8217;ya kat\u0131larak \u00fcretim, sat\u0131nalma ve lojistikten sorumlu y\u00f6netim kurulu \u00fcyesi olarak \u00e7al\u0131\u015fmaya ba\u015flad\u0131. 2002 y\u0131l\u0131nda Bremen&#8217;deki Daimler \u00fcretim fabrikas\u0131nda SL Roadster, SLK ve \u00a0\u00a0\u00a0\u00a0\u00a0C-Serisi \u00fcr\u00fcnlerinin \u00fcretim direkt\u00f6rl\u00fc\u011f\u00fc g\u00f6revine atand\u0131. Genes, 2007 y\u0131l\u0131ndan bu yana Stuttgart\/Almanya\u2019da Mercedes-Benz otomobil \u00fcretim planlamas\u0131ndan sorumlu direkt\u00f6r idi.<\/p>\n<p>Mercedes-Benz T\u00fcrk\u2019\u00fcn yeni Direkt\u00f6rler Kurulu Ba\u015fkan\u0131 Rainer Christian Genes, 1961 do\u011fumlu, evli ve iki \u00e7ocuk babas\u0131.<\/p>\n","protected":false},"excerpt":{"rendered":"<p>Mercedes-Benz T\u00fcrk A.\u015e.\u2019nin yeni Direkt\u00f6rler Kurulu Ba\u015fkan\u0131 Rainer Christian Genes, \u00a0\u00a0\u00a01 Mart 2013 tarihi itibariyle g\u00f6revi Wolf-Dieter Kurz\u2019dan devral\u0131yor. 1 Kas\u0131m 2009\u2019dan bu yana Mercedes-Benz T\u00fcrk A.\u015e. Direkt\u00f6rler Kurulu Ba\u015fkanl\u0131\u011f\u0131 g\u00f6revini s\u00fcrd\u00fcren Wolf-Dieter Kurz, Mercedes-Benz ve Smart Global Par\u00e7a ve Servisi\u2019nden Sorumlu Ba\u015fkan olarak Stuttgart\/Almanya\u2019ya gidiyor. Rainer Christian Genes, makina m\u00fchendisli\u011fi e\u011fitiminin ard\u0131ndan Daimler\u2019de \u00e7e\u015fitli [&hellip;]<\/p>\n","protected":false},"author":1,"featured_media":0,"comment_status":"open","ping_status":"open","sticky":false,"template":"","format":"standard","meta":[],"categories":[1],"tags":[],"_links":{"self":[{"href":"https:\/\/www.digitalcarmagazine.com.tr\/Web\/wp-json\/wp\/v2\/posts\/5781"}],"collection":[{"href":"https:\/\/www.digitalcarmagazine.com.tr\/Web\/wp-json\/wp\/v2\/posts"}],"about":[{"href":"https:\/\/www.digitalcarmagazine.com.tr\/Web\/wp-json\/wp\/v2\/types\/post"}],"author":[{"embeddable":true,"href":"https:\/\/www.digitalcarmagazine.com.tr\/Web\/wp-json\/wp\/v2\/users\/1"}],"replies":[{"embeddable":true,"href":"https:\/\/www.digitalcarmagazine.com.tr\/Web\/wp-json\/wp\/v2\/comments?post=5781"}],"version-history":[{"count":1,"href":"https:\/\/www.digitalcarmagazine.com.tr\/Web\/wp-json\/wp\/v2\/posts\/5781\/revisions"}],"predecessor-version":[{"id":5783,"href":"https:\/\/www.digitalcarmagazine.com.tr\/Web\/wp-json\/wp\/v2\/posts\/5781\/revisions\/5783"}],"wp:attachment":[{"href":"https:\/\/www.digitalcarmagazine.com.tr\/Web\/wp-json\/wp\/v2\/media?parent=5781"}],"wp:term":[{"taxonomy":"category","embeddable":true,"href":"https:\/\/www.digitalcarmagazine.com.tr\/Web\/wp-json\/wp\/v2\/categories?post=5781"},{"taxonomy":"post_tag","embeddable":true,"href":"https:\/\/www.digitalcarmagazine.com.tr\/Web\/wp-json\/wp\/v2\/tags?post=5781"}],"curies":[{"name":"wp","href":"https:\/\/api.w.org\/{rel}","templated":true}]}}