{"id":5742,"date":"2013-02-20T14:56:44","date_gmt":"2013-02-20T14:56:44","guid":{"rendered":"http:\/\/www.digitalcarmagazine.com.tr\/Web\/?p=5742"},"modified":"2013-02-27T12:36:34","modified_gmt":"2013-02-27T12:36:34","slug":"skoda-rapidin-fiyatlari-belli-oldu","status":"publish","type":"post","link":"https:\/\/www.digitalcarmagazine.com.tr\/Web\/skoda-rapidin-fiyatlari-belli-oldu\/","title":{"rendered":"Skoda Rapid&#8217;in fiyatlar\u0131 belli oldu!"},"content":{"rendered":"<h3 style=\"text-align: left;\" align=\"center\">Skoda\u2019n\u0131n T\u00fcrkiye\u2019de ilk kez kas\u0131m ay\u0131ndaki \u0130stanbul Autoshow 2012\u2019de tan\u0131tt\u0131\u011f\u0131 iddial\u0131 sedan modeli Rapid, tavsiye edilen anahtar teslim fiyatlar\u0131yla showroom\u2018larda\u00a0 yerini almaya ba\u015flad\u0131. \u00dc\u00e7 farkl\u0131 donan\u0131m paketi ve d\u00f6rt motor se\u00e7ene\u011fiyle piyasaya sunulan Rapid\u2019in anahtar teslim fiyat\u0131 32.990 TL\u2019den ba\u015fl\u0131yor.<\/h3>\n<p style=\"text-align: left;\" align=\"center\"><a href=\"https:\/\/www.digitalcarmagazine.com.tr\/Web\/wp-content\/uploads\/Rapid-2.jpg\"><img loading=\"lazy\" class=\"alignleft size-medium wp-image-5743\" title=\"PI-VR GmbH vred 5.53\" src=\"https:\/\/www.digitalcarmagazine.com.tr\/Web\/wp-content\/uploads\/Rapid-2-300x240.jpg\" alt=\"\" width=\"300\" height=\"240\" srcset=\"https:\/\/www.digitalcarmagazine.com.tr\/Web\/wp-content\/uploads\/Rapid-2-300x240.jpg 300w, https:\/\/www.digitalcarmagazine.com.tr\/Web\/wp-content\/uploads\/Rapid-2-1024x819.jpg 1024w, https:\/\/www.digitalcarmagazine.com.tr\/Web\/wp-content\/uploads\/Rapid-2.jpg 2000w\" sizes=\"(max-width: 300px) 100vw, 300px\" \/><\/a><a href=\"https:\/\/www.digitalcarmagazine.com.tr\/Web\/wp-content\/uploads\/Rapid-1.jpg\"><img loading=\"lazy\" class=\"alignleft size-medium wp-image-5744\" title=\"Rapid 1\" src=\"https:\/\/www.digitalcarmagazine.com.tr\/Web\/wp-content\/uploads\/Rapid-1-300x199.jpg\" alt=\"\" width=\"300\" height=\"199\" srcset=\"https:\/\/www.digitalcarmagazine.com.tr\/Web\/wp-content\/uploads\/Rapid-1-300x199.jpg 300w, https:\/\/www.digitalcarmagazine.com.tr\/Web\/wp-content\/uploads\/Rapid-1-1024x680.jpg 1024w, https:\/\/www.digitalcarmagazine.com.tr\/Web\/wp-content\/uploads\/Rapid-1.jpg 2000w\" sizes=\"(max-width: 300px) 100vw, 300px\" \/><\/a>\u00c7ek \u00fcretici Skoda\u2019n\u0131n ge\u00e7ti\u011fimiz kas\u0131m ay\u0131ndaki \u0130stanbul Autoshow 2012\u2019de T\u00fcrkiye lansman\u0131n\u0131 yapt\u0131\u011f\u0131 Rapid, 32.990 TL\u2019den ba\u015flayan fiyatlarla sat\u0131\u015fa sunuldu. \u00dc\u00e7 farkl\u0131 donan\u0131m paketi ve d\u00f6rt farkl\u0131 motor se\u00e7ene\u011fiyle Skoda showroom\u2019lar\u0131ndaki yerini ald\u0131.\u00a0Y\u00fcce Auto Skoda Genel M\u00fcd\u00fcr\u00fc Mahmut Kadirbeyo\u011flu, markan\u0131n b\u00fcy\u00fcme stratejisinin \u00f6nemli unsurlar\u0131ndan biri olan yeni Rapid\u2019le T\u00fcrkiye pazar\u0131ndaki yerini sa\u011flamla\u015ft\u0131rd\u0131\u011f\u0131n\u0131 s\u00f6yledi. Kadirbeyo\u011flu, bu y\u0131l yeni \u00fcr\u00fcn stratejileriyle bir \u00f6nceki seneye g\u00f6re daha fazla teslimat yaparak b\u00fcy\u00fcmeyi hedeflediklerini ifade etti.\u00a0Skoda\u2019n\u0131n T\u00fcrkiye\u2019deki sat\u0131\u015flar\u0131nda \u00f6nemli bir yer tutacak olan ve markan\u0131n yeni tasar\u0131m anlay\u0131\u015f\u0131n\u0131n ilk \u00f6rne\u011fi olan Rapid, kompakt B s\u0131n\u0131f\u0131n\u0131n en iddial\u0131 sedan modeli. Farkl\u0131 tasar\u0131m\u0131n\u0131n yan\u0131 s\u0131ra sahip oldu\u011fu pratik donan\u0131mlar\u0131 ve teknolojik motor se\u00e7enekleriyle de \u00f6ne \u00e7\u0131kan Rapid, s\u0131n\u0131f\u0131ndaki en geni\u015f i\u00e7 hacmi sunuyor. Kompakt d\u0131\u015f boyutlar\u0131na (uzunlu\u011fu 4.48 metre, eni 1.7 metre) ra\u011fmen sundu\u011fu \u015fa\u015f\u0131rt\u0131c\u0131 i\u00e7 hacimle rakiplerinden ayr\u0131lan Rapid, arka camla birlikte a\u00e7\u0131lan geni\u015f bagaj kapa\u011f\u0131 ve net 530 litrelik bagaj hacmiyle de dikkat \u00e7ekiyor. \u00a0Ak\u0131ll\u0131 \u00e7\u00f6z\u00fcmlere sahip bir i\u00e7 mekan sunan Rapid\u2019in \u00f6n kap\u0131 i\u00e7lerindeki cepler, 1,5 litrelik \u015fi\u015feleri rahat\u00e7a alabilirken, arka koltuklara y\u00f6nelik bardak tutacaklar\u0131, geni\u015f torpido g\u00f6z\u00fc, bagaj i\u00e7inde sunulan e\u015fya ask\u0131s\u0131, \u00e7ift tarafl\u0131 paspas ve benzin deposu kapa\u011f\u0131n\u0131n i\u00e7 k\u0131sm\u0131nda buz kaz\u0131y\u0131c\u0131 bulundurmas\u0131 gibi \u00f6zellikler de arac\u0131n kullan\u0131c\u0131lar\u0131na sundu\u011fu pratik detaylar aras\u0131nda.<\/p>\n<p style=\"text-align: left;\"><a href=\"https:\/\/www.digitalcarmagazine.com.tr\/Web\/wp-content\/uploads\/Rapid-3.jpg\"><img loading=\"lazy\" class=\"alignleft size-medium wp-image-5745\" title=\"PI-VR GmbH vred 5.53\" src=\"https:\/\/www.digitalcarmagazine.com.tr\/Web\/wp-content\/uploads\/Rapid-3-300x199.jpg\" alt=\"\" width=\"300\" height=\"199\" srcset=\"https:\/\/www.digitalcarmagazine.com.tr\/Web\/wp-content\/uploads\/Rapid-3-300x199.jpg 300w, https:\/\/www.digitalcarmagazine.com.tr\/Web\/wp-content\/uploads\/Rapid-3-1024x682.jpg 1024w, https:\/\/www.digitalcarmagazine.com.tr\/Web\/wp-content\/uploads\/Rapid-3.jpg 2000w\" sizes=\"(max-width: 300px) 100vw, 300px\" \/><\/a>Rapid, T\u00fcrkiye\u2019de \u00fc\u00e7\u00fc benzinli, toplam d\u00f6rt farkl\u0131 motor se\u00e7ene\u011fiyle sat\u0131lmaya ba\u015fland\u0131.<\/p>\n<table class=\"alignleft\" border=\"0\" cellspacing=\"0\" cellpadding=\"0\">\n<tbody>\n<tr>\n<td width=\"116\">\n<p align=\"center\"><strong>MODEL<\/strong><\/p>\n<\/td>\n<td width=\"225\">\n<p align=\"center\"><strong>MOTOR<\/strong><\/p>\n<\/td>\n<td width=\"100\">\n<p align=\"center\"><strong>TAVS\u0130YE ED\u0130LEN ANAHTAR TESL\u0130M F\u0130YATI (TL)<\/strong><\/p>\n<\/td>\n<\/tr>\n<tr>\n<td width=\"116\">Active<\/td>\n<td width=\"225\">1.2 75 HP<\/td>\n<td width=\"100\">\n<p align=\"center\"><strong>32.990<\/strong><\/p>\n<\/td>\n<\/tr>\n<tr>\n<td width=\"116\">Active<\/td>\n<td width=\"225\">1.6 TDI CR 105 HP<\/td>\n<td width=\"100\">\n<p align=\"center\"><strong>43.490<\/strong><\/p>\n<\/td>\n<\/tr>\n<tr>\n<td width=\"116\">Ambition<\/td>\n<td width=\"225\">1.2 75 HP<\/td>\n<td width=\"100\">\n<p align=\"center\"><strong>35.990<\/strong><\/p>\n<\/td>\n<\/tr>\n<tr>\n<td width=\"116\">Ambition<\/td>\n<td width=\"225\">1.2 TSI 105 HP<\/td>\n<td width=\"100\">\n<p align=\"center\"><strong>39.490<\/strong><\/p>\n<\/td>\n<\/tr>\n<tr>\n<td width=\"116\">Ambition<\/td>\n<td width=\"225\">1.4 TSI 122 HP DSG Tiptronik<\/td>\n<td width=\"100\">\n<p align=\"center\"><strong>45.490<\/strong><\/p>\n<\/td>\n<\/tr>\n<tr>\n<td width=\"116\">Ambition<\/td>\n<td width=\"225\">1.6 TDI CR 105 HP<\/td>\n<td width=\"100\">\n<p align=\"center\"><strong>46.490<\/strong><\/p>\n<\/td>\n<\/tr>\n<tr>\n<td width=\"116\">Elegance<\/td>\n<td width=\"225\">1.4 TSI 122 HP DSG Tiptronik<\/td>\n<td width=\"100\">\n<p align=\"center\"><strong>48.990<\/strong><\/p>\n<\/td>\n<\/tr>\n<tr>\n<td width=\"116\">Elegance<\/td>\n<td width=\"225\">1.6 TDI CR 105 HP<\/td>\n<td width=\"100\">\n<p align=\"center\"><strong>49990<\/strong><\/p>\n<\/td>\n<\/tr>\n<\/tbody>\n<\/table>\n","protected":false},"excerpt":{"rendered":"<p>Skoda\u2019n\u0131n T\u00fcrkiye\u2019de ilk kez kas\u0131m ay\u0131ndaki \u0130stanbul Autoshow 2012\u2019de tan\u0131tt\u0131\u011f\u0131 iddial\u0131 sedan modeli Rapid, tavsiye edilen anahtar teslim fiyatlar\u0131yla showroom\u2018larda\u00a0 yerini almaya ba\u015flad\u0131. \u00dc\u00e7 farkl\u0131 donan\u0131m paketi ve d\u00f6rt motor se\u00e7ene\u011fiyle piyasaya sunulan Rapid\u2019in anahtar teslim fiyat\u0131 32.990 TL\u2019den ba\u015fl\u0131yor. \u00c7ek \u00fcretici Skoda\u2019n\u0131n ge\u00e7ti\u011fimiz kas\u0131m ay\u0131ndaki \u0130stanbul Autoshow 2012\u2019de T\u00fcrkiye lansman\u0131n\u0131 yapt\u0131\u011f\u0131 Rapid, 32.990 TL\u2019den [&hellip;]<\/p>\n","protected":false},"author":1,"featured_media":0,"comment_status":"open","ping_status":"open","sticky":false,"template":"","format":"standard","meta":[],"categories":[1],"tags":[],"_links":{"self":[{"href":"https:\/\/www.digitalcarmagazine.com.tr\/Web\/wp-json\/wp\/v2\/posts\/5742"}],"collection":[{"href":"https:\/\/www.digitalcarmagazine.com.tr\/Web\/wp-json\/wp\/v2\/posts"}],"about":[{"href":"https:\/\/www.digitalcarmagazine.com.tr\/Web\/wp-json\/wp\/v2\/types\/post"}],"author":[{"embeddable":true,"href":"https:\/\/www.digitalcarmagazine.com.tr\/Web\/wp-json\/wp\/v2\/users\/1"}],"replies":[{"embeddable":true,"href":"https:\/\/www.digitalcarmagazine.com.tr\/Web\/wp-json\/wp\/v2\/comments?post=5742"}],"version-history":[{"count":2,"href":"https:\/\/www.digitalcarmagazine.com.tr\/Web\/wp-json\/wp\/v2\/posts\/5742\/revisions"}],"predecessor-version":[{"id":5796,"href":"https:\/\/www.digitalcarmagazine.com.tr\/Web\/wp-json\/wp\/v2\/posts\/5742\/revisions\/5796"}],"wp:attachment":[{"href":"https:\/\/www.digitalcarmagazine.com.tr\/Web\/wp-json\/wp\/v2\/media?parent=5742"}],"wp:term":[{"taxonomy":"category","embeddable":true,"href":"https:\/\/www.digitalcarmagazine.com.tr\/Web\/wp-json\/wp\/v2\/categories?post=5742"},{"taxonomy":"post_tag","embeddable":true,"href":"https:\/\/www.digitalcarmagazine.com.tr\/Web\/wp-json\/wp\/v2\/tags?post=5742"}],"curies":[{"name":"wp","href":"https:\/\/api.w.org\/{rel}","templated":true}]}}