{"id":5684,"date":"2013-02-16T22:26:09","date_gmt":"2013-02-16T22:26:09","guid":{"rendered":"http:\/\/www.digitalcarmagazine.com.tr\/Web\/?p=5684"},"modified":"2013-02-16T22:26:09","modified_gmt":"2013-02-16T22:26:09","slug":"dengeler-sasmasin","status":"publish","type":"post","link":"https:\/\/www.digitalcarmagazine.com.tr\/Web\/dengeler-sasmasin\/","title":{"rendered":"Dengeler \u015fa\u015fmas\u0131n"},"content":{"rendered":"<h3><span style=\"color: #ff0000;\">TERAZ\u0130 \/ <span style=\"color: #3366ff;\">23 EYL\u00dcL &#8211; 23 EK\u0130M<\/span><\/span><\/h3>\n<p>\u0130lk g\u00f6rd\u00fc\u011f\u00fcn marka ve modeli almayaca\u011f\u0131n\u0131, bir\u00e7ok ara\u015ft\u0131rma yapaca\u011f\u0131n\u0131 tabii ki biliyoruz. Neden mi, \u00e7\u00fcnk\u00fc sen bir terazi erke\u011fisin. Peki, ne olacak \u015fimdi, hepsi g\u00fczel geliyor sana de\u011fil mi? K\u0131rm\u0131z\u0131n\u0131n ate\u015fi, siyah\u0131n gizemi ve beyaz\u0131n safl\u0131\u011f\u0131 hepsi ho\u015funa gidiyor. Hangisini se\u00e7ece\u011fini bilemiyorsun bir de l\u00fcks\u00fcne d\u00fc\u015fk\u00fcns\u00fcn. Sen de hakl\u0131s\u0131n i\u015fin zor, hem g\u00fczel g\u00f6r\u00fcns\u00fcn hem de arad\u0131\u011f\u0131m her \u015feyi bulay\u0131m diyorsan s\u0131ra d\u0131\u015f\u0131 ve farkl\u0131 g\u00f6r\u00fcn\u00fcm\u00fcn\u00fcn yan\u0131 s\u0131ra bir\u00e7ok \u00f6zelli\u011fi bir arada bulunduran Yeni Aston Martin Vanquish senin se\u00e7imin. Art\u0131k herkesin g\u00f6zleri senin \u00fczerindeyken senin de keyfin yerinde olacak.<\/p>\n<h3><a href=\"https:\/\/www.digitalcarmagazine.com.tr\/Web\/?p=5625\">BUR\u00c7LARA GER\u0130 D\u00d6N<\/a><\/h3>\n<p><a href=\"https:\/\/www.digitalcarmagazine.com.tr\/Web\/wp-content\/uploads\/the-new-aston-martin-vanquish.jpg\"><img loading=\"lazy\" class=\"alignleft size-medium wp-image-5685\" title=\"the-new-aston-martin-vanquish\" src=\"https:\/\/www.digitalcarmagazine.com.tr\/Web\/wp-content\/uploads\/the-new-aston-martin-vanquish-300x130.jpg\" alt=\"\" width=\"300\" height=\"130\" srcset=\"https:\/\/www.digitalcarmagazine.com.tr\/Web\/wp-content\/uploads\/the-new-aston-martin-vanquish-300x130.jpg 300w, https:\/\/www.digitalcarmagazine.com.tr\/Web\/wp-content\/uploads\/the-new-aston-martin-vanquish-1024x443.jpg 1024w, https:\/\/www.digitalcarmagazine.com.tr\/Web\/wp-content\/uploads\/the-new-aston-martin-vanquish.jpg 1490w\" sizes=\"(max-width: 300px) 100vw, 300px\" \/><\/a><a href=\"https:\/\/www.digitalcarmagazine.com.tr\/Web\/wp-content\/uploads\/vanquish-interior.jpg\"><img loading=\"lazy\" class=\"alignleft size-medium wp-image-5686\" title=\"vanquish-interior\" src=\"https:\/\/www.digitalcarmagazine.com.tr\/Web\/wp-content\/uploads\/vanquish-interior-300x185.jpg\" alt=\"\" width=\"300\" height=\"185\" srcset=\"https:\/\/www.digitalcarmagazine.com.tr\/Web\/wp-content\/uploads\/vanquish-interior-300x185.jpg 300w, https:\/\/www.digitalcarmagazine.com.tr\/Web\/wp-content\/uploads\/vanquish-interior-1024x632.jpg 1024w, https:\/\/www.digitalcarmagazine.com.tr\/Web\/wp-content\/uploads\/vanquish-interior.jpg 1490w\" sizes=\"(max-width: 300px) 100vw, 300px\" \/><\/a><\/p>\n","protected":false},"excerpt":{"rendered":"<p>TERAZ\u0130 \/ 23 EYL\u00dcL &#8211; 23 EK\u0130M \u0130lk g\u00f6rd\u00fc\u011f\u00fcn marka ve modeli almayaca\u011f\u0131n\u0131, bir\u00e7ok ara\u015ft\u0131rma yapaca\u011f\u0131n\u0131 tabii ki biliyoruz. Neden mi, \u00e7\u00fcnk\u00fc sen bir terazi erke\u011fisin. Peki, ne olacak \u015fimdi, hepsi g\u00fczel geliyor sana de\u011fil mi? K\u0131rm\u0131z\u0131n\u0131n ate\u015fi, siyah\u0131n gizemi ve beyaz\u0131n safl\u0131\u011f\u0131 hepsi ho\u015funa gidiyor. Hangisini se\u00e7ece\u011fini bilemiyorsun bir de l\u00fcks\u00fcne d\u00fc\u015fk\u00fcns\u00fcn. Sen de [&hellip;]<\/p>\n","protected":false},"author":1,"featured_media":0,"comment_status":"open","ping_status":"open","sticky":false,"template":"","format":"standard","meta":[],"categories":[1],"tags":[],"_links":{"self":[{"href":"https:\/\/www.digitalcarmagazine.com.tr\/Web\/wp-json\/wp\/v2\/posts\/5684"}],"collection":[{"href":"https:\/\/www.digitalcarmagazine.com.tr\/Web\/wp-json\/wp\/v2\/posts"}],"about":[{"href":"https:\/\/www.digitalcarmagazine.com.tr\/Web\/wp-json\/wp\/v2\/types\/post"}],"author":[{"embeddable":true,"href":"https:\/\/www.digitalcarmagazine.com.tr\/Web\/wp-json\/wp\/v2\/users\/1"}],"replies":[{"embeddable":true,"href":"https:\/\/www.digitalcarmagazine.com.tr\/Web\/wp-json\/wp\/v2\/comments?post=5684"}],"version-history":[{"count":1,"href":"https:\/\/www.digitalcarmagazine.com.tr\/Web\/wp-json\/wp\/v2\/posts\/5684\/revisions"}],"predecessor-version":[{"id":5687,"href":"https:\/\/www.digitalcarmagazine.com.tr\/Web\/wp-json\/wp\/v2\/posts\/5684\/revisions\/5687"}],"wp:attachment":[{"href":"https:\/\/www.digitalcarmagazine.com.tr\/Web\/wp-json\/wp\/v2\/media?parent=5684"}],"wp:term":[{"taxonomy":"category","embeddable":true,"href":"https:\/\/www.digitalcarmagazine.com.tr\/Web\/wp-json\/wp\/v2\/categories?post=5684"},{"taxonomy":"post_tag","embeddable":true,"href":"https:\/\/www.digitalcarmagazine.com.tr\/Web\/wp-json\/wp\/v2\/tags?post=5684"}],"curies":[{"name":"wp","href":"https:\/\/api.w.org\/{rel}","templated":true}]}}