{"id":5659,"date":"2013-02-16T21:43:55","date_gmt":"2013-02-16T21:43:55","guid":{"rendered":"http:\/\/www.digitalcarmagazine.com.tr\/Web\/?p=5659"},"modified":"2013-02-16T23:18:51","modified_gmt":"2013-02-16T23:18:51","slug":"inadi-inat","status":"publish","type":"post","link":"https:\/\/www.digitalcarmagazine.com.tr\/Web\/inadi-inat\/","title":{"rendered":"\u0130nad\u0131 inat"},"content":{"rendered":"<h3><span style=\"color: #ff0000;\">BO\u011eA \/ <\/span><span style=\"color: #3366ff;\">21 N\u0130SAN &#8211; 21 MAYIS<\/span><\/h3>\n<p>Sakin g\u00f6r\u00fcn\u00fc\u015f\u00fcn\u00fcn alt\u0131ndaki harekete art\u0131k herkes al\u0131\u015ft\u0131. Bu zamana kadar inat\u00e7\u0131 yap\u0131nla her istedi\u011fini elde ettin. Hani bazen k\u0131zd\u0131\u011f\u0131nda ortam\u0131 terk etti\u011fin anlar oluyor. \u015eimdi ben bo\u011fa erke\u011fiyim ve arabamda agresif olmal\u0131 diyorsan BMW M6 tam senlik. Kasl\u0131 g\u00f6vdesi, agresif \u00f6n b\u00f6brekleri ve tampon yap\u0131s\u0131, 4 adet egzoz \u00e7\u0131k\u0131\u015f\u0131 ve 0\u2019dan 100km\/sa h\u0131za 4.2 saniyede ula\u015fmas\u0131 onun ne kadar sab\u0131rs\u0131z oldu\u011funu kan\u0131tl\u0131yor. Renk se\u00e7imi de bana \u00f6zel olsun diyorsan BMW\u2019nin bu yeni serisinde ki\u015fiye \u00f6zel renkler seni bekliyor. Dikkatli ol asfaltlar a\u011flamas\u0131n.<\/p>\n<h3><a href=\"https:\/\/www.digitalcarmagazine.com.tr\/Web\/?p=5625\">BUR\u00c7LARA GER\u0130 D\u00d6N<\/a><\/h3>\n<p><a href=\"https:\/\/www.digitalcarmagazine.com.tr\/Web\/wp-content\/uploads\/2013-bmw-m6-coupe-5.jpg\"><img loading=\"lazy\" class=\"alignleft size-medium wp-image-5660\" title=\"2013-bmw-m6-coupe-5\" src=\"https:\/\/www.digitalcarmagazine.com.tr\/Web\/wp-content\/uploads\/2013-bmw-m6-coupe-5-300x203.jpg\" alt=\"\" width=\"300\" height=\"203\" srcset=\"https:\/\/www.digitalcarmagazine.com.tr\/Web\/wp-content\/uploads\/2013-bmw-m6-coupe-5-300x203.jpg 300w, https:\/\/www.digitalcarmagazine.com.tr\/Web\/wp-content\/uploads\/2013-bmw-m6-coupe-5.jpg 575w\" sizes=\"(max-width: 300px) 100vw, 300px\" \/><\/a><a href=\"https:\/\/www.digitalcarmagazine.com.tr\/Web\/wp-content\/uploads\/2013-bmw-m6-coupe-062.jpg\"><img loading=\"lazy\" class=\"alignleft size-medium wp-image-5661\" title=\"BMW M6\" src=\"https:\/\/www.digitalcarmagazine.com.tr\/Web\/wp-content\/uploads\/2013-bmw-m6-coupe-062-300x200.jpg\" alt=\"\" width=\"300\" height=\"200\" srcset=\"https:\/\/www.digitalcarmagazine.com.tr\/Web\/wp-content\/uploads\/2013-bmw-m6-coupe-062-300x200.jpg 300w, https:\/\/www.digitalcarmagazine.com.tr\/Web\/wp-content\/uploads\/2013-bmw-m6-coupe-062-1024x682.jpg 1024w, https:\/\/www.digitalcarmagazine.com.tr\/Web\/wp-content\/uploads\/2013-bmw-m6-coupe-062.jpg 1800w\" sizes=\"(max-width: 300px) 100vw, 300px\" \/><\/a><\/p>\n<p>&nbsp;<\/p>\n<p>&nbsp;<\/p>\n<p>&nbsp;<\/p>\n","protected":false},"excerpt":{"rendered":"<p>BO\u011eA \/ 21 N\u0130SAN &#8211; 21 MAYIS Sakin g\u00f6r\u00fcn\u00fc\u015f\u00fcn\u00fcn alt\u0131ndaki harekete art\u0131k herkes al\u0131\u015ft\u0131. Bu zamana kadar inat\u00e7\u0131 yap\u0131nla her istedi\u011fini elde ettin. Hani bazen k\u0131zd\u0131\u011f\u0131nda ortam\u0131 terk etti\u011fin anlar oluyor. \u015eimdi ben bo\u011fa erke\u011fiyim ve arabamda agresif olmal\u0131 diyorsan BMW M6 tam senlik. Kasl\u0131 g\u00f6vdesi, agresif \u00f6n b\u00f6brekleri ve tampon yap\u0131s\u0131, 4 adet egzoz [&hellip;]<\/p>\n","protected":false},"author":1,"featured_media":0,"comment_status":"open","ping_status":"open","sticky":false,"template":"","format":"standard","meta":[],"categories":[1],"tags":[],"_links":{"self":[{"href":"https:\/\/www.digitalcarmagazine.com.tr\/Web\/wp-json\/wp\/v2\/posts\/5659"}],"collection":[{"href":"https:\/\/www.digitalcarmagazine.com.tr\/Web\/wp-json\/wp\/v2\/posts"}],"about":[{"href":"https:\/\/www.digitalcarmagazine.com.tr\/Web\/wp-json\/wp\/v2\/types\/post"}],"author":[{"embeddable":true,"href":"https:\/\/www.digitalcarmagazine.com.tr\/Web\/wp-json\/wp\/v2\/users\/1"}],"replies":[{"embeddable":true,"href":"https:\/\/www.digitalcarmagazine.com.tr\/Web\/wp-json\/wp\/v2\/comments?post=5659"}],"version-history":[{"count":3,"href":"https:\/\/www.digitalcarmagazine.com.tr\/Web\/wp-json\/wp\/v2\/posts\/5659\/revisions"}],"predecessor-version":[{"id":5724,"href":"https:\/\/www.digitalcarmagazine.com.tr\/Web\/wp-json\/wp\/v2\/posts\/5659\/revisions\/5724"}],"wp:attachment":[{"href":"https:\/\/www.digitalcarmagazine.com.tr\/Web\/wp-json\/wp\/v2\/media?parent=5659"}],"wp:term":[{"taxonomy":"category","embeddable":true,"href":"https:\/\/www.digitalcarmagazine.com.tr\/Web\/wp-json\/wp\/v2\/categories?post=5659"},{"taxonomy":"post_tag","embeddable":true,"href":"https:\/\/www.digitalcarmagazine.com.tr\/Web\/wp-json\/wp\/v2\/tags?post=5659"}],"curies":[{"name":"wp","href":"https:\/\/api.w.org\/{rel}","templated":true}]}}