{"id":5655,"date":"2013-02-16T21:39:43","date_gmt":"2013-02-16T21:39:43","guid":{"rendered":"http:\/\/www.digitalcarmagazine.com.tr\/Web\/?p=5655"},"modified":"2013-02-16T23:15:13","modified_gmt":"2013-02-16T23:15:13","slug":"eglence-zamani","status":"publish","type":"post","link":"https:\/\/www.digitalcarmagazine.com.tr\/Web\/eglence-zamani\/","title":{"rendered":"E\u011flence zaman\u0131"},"content":{"rendered":"<h3><span style=\"color: #ff0000;\">KO\u00c7 \/ <span style=\"color: #3366ff;\">21 MART &#8211; 20 N\u0130SAN<\/span><\/span><\/h3>\n<p>Yeni ba\u015flang\u0131\u00e7lar ka\u00e7\u0131n\u0131lmaz ki sen yeniliklere tutkunsun. \u015e\u00f6yle de denilebilir hayat\u0131n tad\u0131n\u0131 \u00e7\u0131karmada \u00fcst\u00fcne yok. Bu enerjini her \u015feyden al\u0131yor olabilirsin. Daha gezip g\u00f6r\u00fclecek bir s\u00fcr\u00fc yer var. Ko\u00e7 burcusun, o zaman yeni y\u0131lla birlikte otomobilinde yapaca\u011f\u0131n de\u011fi\u015fikli\u011fi de illaki d\u00fc\u015f\u00fcnm\u00fc\u015fs\u00fcnd\u00fcr. Akl\u0131n\u0131n bir k\u00f6\u015fesinde tuttu\u011fun yoluculuklar\u0131 her an\u0131nda e\u011flenceli k\u0131lacak otomobilin neden Nissan Juke olmas\u0131n? Hadi doldur arkada\u015flar\u0131n\u0131 arabaya yolda ge\u00e7irece\u011fin zaman\u0131n tad\u0131n\u0131 \u00e7\u0131kar.<\/p>\n<h3><a href=\"https:\/\/www.digitalcarmagazine.com.tr\/Web\/?p=5625\">BUR\u00c7LARA GER\u0130 D\u00d6N<\/a><\/h3>\n<p><a href=\"https:\/\/www.digitalcarmagazine.com.tr\/Web\/wp-content\/uploads\/2013-nissan-juke-midnight-edition-02-628.jpg\"><img loading=\"lazy\" class=\"alignleft size-medium wp-image-5656\" title=\"2013-nissan-juke-midnight-edition-02-628\" src=\"https:\/\/www.digitalcarmagazine.com.tr\/Web\/wp-content\/uploads\/2013-nissan-juke-midnight-edition-02-628-300x200.jpg\" alt=\"\" width=\"300\" height=\"200\" srcset=\"https:\/\/www.digitalcarmagazine.com.tr\/Web\/wp-content\/uploads\/2013-nissan-juke-midnight-edition-02-628-300x200.jpg 300w, https:\/\/www.digitalcarmagazine.com.tr\/Web\/wp-content\/uploads\/2013-nissan-juke-midnight-edition-02-628.jpg 628w\" sizes=\"(max-width: 300px) 100vw, 300px\" \/><\/a><a href=\"https:\/\/www.digitalcarmagazine.com.tr\/Web\/wp-content\/uploads\/2013-Nissan-Juke-Nismo-7.jpg\"><img loading=\"lazy\" class=\"alignleft size-medium wp-image-5657\" title=\"2013-Nissan-Juke-Nismo-7\" src=\"https:\/\/www.digitalcarmagazine.com.tr\/Web\/wp-content\/uploads\/2013-Nissan-Juke-Nismo-7-300x187.jpg\" alt=\"\" width=\"300\" height=\"187\" srcset=\"https:\/\/www.digitalcarmagazine.com.tr\/Web\/wp-content\/uploads\/2013-Nissan-Juke-Nismo-7-300x187.jpg 300w, https:\/\/www.digitalcarmagazine.com.tr\/Web\/wp-content\/uploads\/2013-Nissan-Juke-Nismo-7-1024x640.jpg 1024w, https:\/\/www.digitalcarmagazine.com.tr\/Web\/wp-content\/uploads\/2013-Nissan-Juke-Nismo-7.jpg 1920w\" sizes=\"(max-width: 300px) 100vw, 300px\" \/><\/a><\/p>\n","protected":false},"excerpt":{"rendered":"<p>KO\u00c7 \/ 21 MART &#8211; 20 N\u0130SAN Yeni ba\u015flang\u0131\u00e7lar ka\u00e7\u0131n\u0131lmaz ki sen yeniliklere tutkunsun. \u015e\u00f6yle de denilebilir hayat\u0131n tad\u0131n\u0131 \u00e7\u0131karmada \u00fcst\u00fcne yok. Bu enerjini her \u015feyden al\u0131yor olabilirsin. Daha gezip g\u00f6r\u00fclecek bir s\u00fcr\u00fc yer var. Ko\u00e7 burcusun, o zaman yeni y\u0131lla birlikte otomobilinde yapaca\u011f\u0131n de\u011fi\u015fikli\u011fi de illaki d\u00fc\u015f\u00fcnm\u00fc\u015fs\u00fcnd\u00fcr. Akl\u0131n\u0131n bir k\u00f6\u015fesinde tuttu\u011fun yoluculuklar\u0131 her an\u0131nda [&hellip;]<\/p>\n","protected":false},"author":1,"featured_media":0,"comment_status":"open","ping_status":"open","sticky":false,"template":"","format":"standard","meta":[],"categories":[1],"tags":[],"_links":{"self":[{"href":"https:\/\/www.digitalcarmagazine.com.tr\/Web\/wp-json\/wp\/v2\/posts\/5655"}],"collection":[{"href":"https:\/\/www.digitalcarmagazine.com.tr\/Web\/wp-json\/wp\/v2\/posts"}],"about":[{"href":"https:\/\/www.digitalcarmagazine.com.tr\/Web\/wp-json\/wp\/v2\/types\/post"}],"author":[{"embeddable":true,"href":"https:\/\/www.digitalcarmagazine.com.tr\/Web\/wp-json\/wp\/v2\/users\/1"}],"replies":[{"embeddable":true,"href":"https:\/\/www.digitalcarmagazine.com.tr\/Web\/wp-json\/wp\/v2\/comments?post=5655"}],"version-history":[{"count":2,"href":"https:\/\/www.digitalcarmagazine.com.tr\/Web\/wp-json\/wp\/v2\/posts\/5655\/revisions"}],"predecessor-version":[{"id":5721,"href":"https:\/\/www.digitalcarmagazine.com.tr\/Web\/wp-json\/wp\/v2\/posts\/5655\/revisions\/5721"}],"wp:attachment":[{"href":"https:\/\/www.digitalcarmagazine.com.tr\/Web\/wp-json\/wp\/v2\/media?parent=5655"}],"wp:term":[{"taxonomy":"category","embeddable":true,"href":"https:\/\/www.digitalcarmagazine.com.tr\/Web\/wp-json\/wp\/v2\/categories?post=5655"},{"taxonomy":"post_tag","embeddable":true,"href":"https:\/\/www.digitalcarmagazine.com.tr\/Web\/wp-json\/wp\/v2\/tags?post=5655"}],"curies":[{"name":"wp","href":"https:\/\/api.w.org\/{rel}","templated":true}]}}