{"id":5186,"date":"2013-01-06T12:31:15","date_gmt":"2013-01-06T12:31:15","guid":{"rendered":"http:\/\/www.digitalcarmagazine.com.tr\/Web\/?p=5186"},"modified":"2013-01-06T12:31:15","modified_gmt":"2013-01-06T12:31:15","slug":"audi-3-yilda-13-milyar-euro-yatirim-yapacak","status":"publish","type":"post","link":"https:\/\/www.digitalcarmagazine.com.tr\/Web\/audi-3-yilda-13-milyar-euro-yatirim-yapacak\/","title":{"rendered":"Audi 3 y\u0131lda 13 milyar Euro yat\u0131r\u0131m yapacak"},"content":{"rendered":"<h3 style=\"text-align: left;\" align=\"center\">Audi A.G 2016\u2019ya kadar d\u00fcnya \u00e7ap\u0131nda 13 milyar euro\u2019luk yat\u0131r\u0131m yapaca\u011f\u0131n\u0131 a\u00e7\u0131klad\u0131. Audi, yeni \u00fcr\u00fcn geli\u015ftirmeye her y\u0131l 2 milyar Euro ay\u0131rmay\u0131 hedefliyor.<\/h3>\n<p style=\"text-align: left;\" align=\"left\"><a href=\"https:\/\/www.digitalcarmagazine.com.tr\/Web\/wp-content\/uploads\/A6110042_medium.jpg\"><img loading=\"lazy\" class=\"alignleft size-medium wp-image-5187\" title=\"Audi A6\" src=\"https:\/\/www.digitalcarmagazine.com.tr\/Web\/wp-content\/uploads\/A6110042_medium-225x300.jpg\" alt=\"\" width=\"225\" height=\"300\" srcset=\"https:\/\/www.digitalcarmagazine.com.tr\/Web\/wp-content\/uploads\/A6110042_medium-225x300.jpg 225w, https:\/\/www.digitalcarmagazine.com.tr\/Web\/wp-content\/uploads\/A6110042_medium.jpg 520w\" sizes=\"(max-width: 225px) 100vw, 225px\" \/><\/a>Audi, 2013\u2019\u00fcn ilk g\u00fcnlerinde, gelecek ile ilgili yat\u0131r\u0131m planlar\u0131n\u0131 Alman ve uluslararas\u0131 medya ile payla\u015ft\u0131. Audi A.G\u2019nin yapt\u0131\u011f\u0131 a\u00e7\u0131klamaya g\u00f6re, 2016\u2019ya kadar yakla\u015f\u0131k 10.5 milyar Euro Audi\u2019nin yeni \u00fcr\u00fcn yelpazesinin geni\u015fletilmesi, ultra hafiflik, e-tron elektrikli ara\u00e7 teknolojisi gibi yeni teknolojilerin geli\u015ftirilmesi i\u00e7in kullan\u0131lacak.<\/p>\n<div style=\"text-align: left;\">Audi A.G Finans ve Organizasyondan Sorumlu Y\u00f6netim Kurulu \u00dcyesi Axel Strotbek, her y\u0131l sadece yeni \u00fcr\u00fcnlerin ve teknolojilerin geli\u015fmesi i\u00e7in 2 milyar Euro yat\u0131r\u0131m yap\u0131laca\u011f\u0131n\u0131 s\u00f6yledi. Audi, gelecek 5 y\u0131lda Almanya\u2019daki \u00fcretim merkezleri Ingolstadt ve Neckarsulm\u2019a<br \/>\n8 milyar Euro yat\u0131r\u0131mda bulunacak.<\/div>\n","protected":false},"excerpt":{"rendered":"<p>Audi A.G 2016\u2019ya kadar d\u00fcnya \u00e7ap\u0131nda 13 milyar euro\u2019luk yat\u0131r\u0131m yapaca\u011f\u0131n\u0131 a\u00e7\u0131klad\u0131. Audi, yeni \u00fcr\u00fcn geli\u015ftirmeye her y\u0131l 2 milyar Euro ay\u0131rmay\u0131 hedefliyor. Audi, 2013\u2019\u00fcn ilk g\u00fcnlerinde, gelecek ile ilgili yat\u0131r\u0131m planlar\u0131n\u0131 Alman ve uluslararas\u0131 medya ile payla\u015ft\u0131. Audi A.G\u2019nin yapt\u0131\u011f\u0131 a\u00e7\u0131klamaya g\u00f6re, 2016\u2019ya kadar yakla\u015f\u0131k 10.5 milyar Euro Audi\u2019nin yeni \u00fcr\u00fcn yelpazesinin geni\u015fletilmesi, ultra [&hellip;]<\/p>\n","protected":false},"author":1,"featured_media":0,"comment_status":"open","ping_status":"open","sticky":false,"template":"","format":"standard","meta":[],"categories":[1],"tags":[],"_links":{"self":[{"href":"https:\/\/www.digitalcarmagazine.com.tr\/Web\/wp-json\/wp\/v2\/posts\/5186"}],"collection":[{"href":"https:\/\/www.digitalcarmagazine.com.tr\/Web\/wp-json\/wp\/v2\/posts"}],"about":[{"href":"https:\/\/www.digitalcarmagazine.com.tr\/Web\/wp-json\/wp\/v2\/types\/post"}],"author":[{"embeddable":true,"href":"https:\/\/www.digitalcarmagazine.com.tr\/Web\/wp-json\/wp\/v2\/users\/1"}],"replies":[{"embeddable":true,"href":"https:\/\/www.digitalcarmagazine.com.tr\/Web\/wp-json\/wp\/v2\/comments?post=5186"}],"version-history":[{"count":2,"href":"https:\/\/www.digitalcarmagazine.com.tr\/Web\/wp-json\/wp\/v2\/posts\/5186\/revisions"}],"predecessor-version":[{"id":5189,"href":"https:\/\/www.digitalcarmagazine.com.tr\/Web\/wp-json\/wp\/v2\/posts\/5186\/revisions\/5189"}],"wp:attachment":[{"href":"https:\/\/www.digitalcarmagazine.com.tr\/Web\/wp-json\/wp\/v2\/media?parent=5186"}],"wp:term":[{"taxonomy":"category","embeddable":true,"href":"https:\/\/www.digitalcarmagazine.com.tr\/Web\/wp-json\/wp\/v2\/categories?post=5186"},{"taxonomy":"post_tag","embeddable":true,"href":"https:\/\/www.digitalcarmagazine.com.tr\/Web\/wp-json\/wp\/v2\/tags?post=5186"}],"curies":[{"name":"wp","href":"https:\/\/api.w.org\/{rel}","templated":true}]}}