{"id":5152,"date":"2013-01-06T11:51:27","date_gmt":"2013-01-06T11:51:27","guid":{"rendered":"http:\/\/www.digitalcarmagazine.com.tr\/Web\/?p=5152"},"modified":"2013-01-06T11:51:27","modified_gmt":"2013-01-06T11:51:27","slug":"peugeot-heykelini-dikti","status":"publish","type":"post","link":"https:\/\/www.digitalcarmagazine.com.tr\/Web\/peugeot-heykelini-dikti\/","title":{"rendered":"Peugeot &#8216;heykel&#8217;ini dikti!"},"content":{"rendered":"<h3 style=\"text-align: left;\" align=\"center\">Peugeot tasar\u0131mc\u0131lar\u0131, Marka\u2019n\u0131n ambleminden ve Onyx \u00fc\u00e7l\u00fcs\u00fcnden esinlenerek on farkl\u0131 \u201cArt Toy\u201d (tasar\u0131m heykelcik) hayal etti. Bu e\u015fsiz eserler Champs Elys\u00e9es\u2019deki Peugeot Avenue\u2019de 27 Ocak 2013\u2019e kadar sergileniyor.<\/h3>\n<p style=\"text-align: left;\"><a href=\"https:\/\/www.digitalcarmagazine.com.tr\/Web\/wp-content\/uploads\/456803_574516879241031_328492820_o.jpg\"><img loading=\"lazy\" class=\"alignleft size-medium wp-image-5153\" title=\"456803_574516879241031_328492820_o\" src=\"https:\/\/www.digitalcarmagazine.com.tr\/Web\/wp-content\/uploads\/456803_574516879241031_328492820_o-300x199.jpg\" alt=\"\" width=\"300\" height=\"199\" srcset=\"https:\/\/www.digitalcarmagazine.com.tr\/Web\/wp-content\/uploads\/456803_574516879241031_328492820_o-300x199.jpg 300w, https:\/\/www.digitalcarmagazine.com.tr\/Web\/wp-content\/uploads\/456803_574516879241031_328492820_o.jpg 1000w\" sizes=\"(max-width: 300px) 100vw, 300px\" \/><\/a>D\u00f6kme re\u00e7ineden tasarlanan aslan yavrusu \u015feklindeki bu Art Toylar Peugeot Tasar\u0131m Merkezi ile Peugeot Design Lab tasar\u0131mc\u0131lar\u0131, grafiker ve \u00e7izerleri sayesinde hayat buldular. Otomobile g\u00f6nderme yapmak \u00fczere, son Paris Otomobil Fuar\u0131\u2019nda vitrine \u00e7\u0131kan Konsept Super Otomobil Onyx gibi, renk ve malzeme tasar\u0131mlar\u0131 siyah ve bak\u0131r a\u011f\u0131rl\u0131kl\u0131. Halen vizyonda olan animasyon filmi \u00abSiyah Noel \/ Black Xmas\u00bb\u2019da oldu\u011fu gibi, bu e\u015fsiz nesneler Marka\u2019n\u0131n maskotu pel\u00fc\u015f aslan tasar\u0131mlar\u0131yla \u00e7ocuklar\u0131n d\u00fcnyas\u0131 ve Onyx \u00fc\u00e7l\u00fcs\u00fcnden esinlenerek yeti\u015fkinlerin d\u00fcnyas\u0131 aras\u0131nda ba\u011flant\u0131 kuruyor.<\/p>\n<p style=\"text-align: left;\">Her biri, bir sanat\u00e7\u0131 parkurunun \u00fcr\u00fcn\u00fc olan Art Toylar, esin kayna\u011f\u0131n\u0131 \u00e7a\u011fda\u015f sanat, \u015fiir, origami, mimari, moda \u2026 gibi \u00e7ok farkl\u0131 d\u00fcnyalardan alan uzun ve titiz bir el i\u015f\u00e7ili\u011fi gerektirdi.<\/p>\n<h4 style=\"text-align: left;\"><span style=\"color: #ff0000;\">Tasar\u0131mc\u0131lar\u0131n\u0131n g\u00f6z\u00fcyle Art Toylar\u00a0<\/span><\/h4>\n<p style=\"text-align: left;\"><strong>Art Toy by Damien Deberdt <\/strong>: \u201cMadeni esinlenme tasar\u0131m\u0131ma y\u00f6n verdi. Bu aslan kristalize bak\u0131rdan \u00e7al\u0131\u015f\u0131ld\u0131, en ham haliyle tamamen fa\u00e7etalardan ve \u00e7\u0131k\u0131nt\u0131l\u0131 hacimlerden olu\u015fuyor. Bu minik heykelci\u011fin krome fa\u00e7etalar\u0131 lake cilal\u0131 siyah aslan\u0131n yuvarlak hatlar\u0131yla kontrast olu\u015fturuyor.\u201d<\/p>\n<p style=\"text-align: left;\"><strong><a href=\"https:\/\/www.digitalcarmagazine.com.tr\/Web\/wp-content\/uploads\/333633_574516839241035_503655746_o.jpg\"><img loading=\"lazy\" class=\"alignleft size-medium wp-image-5154\" title=\"333633_574516839241035_503655746_o\" src=\"https:\/\/www.digitalcarmagazine.com.tr\/Web\/wp-content\/uploads\/333633_574516839241035_503655746_o-300x199.jpg\" alt=\"\" width=\"300\" height=\"199\" srcset=\"https:\/\/www.digitalcarmagazine.com.tr\/Web\/wp-content\/uploads\/333633_574516839241035_503655746_o-300x199.jpg 300w, https:\/\/www.digitalcarmagazine.com.tr\/Web\/wp-content\/uploads\/333633_574516839241035_503655746_o.jpg 1000w\" sizes=\"(max-width: 300px) 100vw, 300px\" \/><\/a>Art Toy by Claire Panel: <\/strong>\u201cBen Alexandre Afanassiev taraf\u0131ndan yaz\u0131lm\u0131\u015f olan geleneksel Rus masal\u0131 \u201cAte\u015f Ku\u015fu\u201dndan esinlendim, bu masal, unutmayal\u0131m ki hayvanlar aleminin kral\u0131 olan bu Aslana \u015fiirsel ve ger\u00e7ek\u00fcst\u00fc bir dokunu\u015f kazand\u0131r\u0131yor!\u201d<\/p>\n<p style=\"text-align: left;\"><strong>Art Toy by Guillaume Matissart <\/strong>: \u201cHeykelci\u011fi yatay kesen ve y\u00fcz\u00fcn\u00fc ikiye b\u00f6len siyah\/bak\u0131r \u00e7ift g\u00f6r\u00fcn\u00fcm tercihi sayesinde g\u00fc\u00e7l\u00fc bir d\u0131\u015fa vurumu var. Bu aslan \u00e7ift y\u00fczl\u00fc ve de\u011fi\u015fim halinde bir ki\u015filik sergiliyor.\u201d<\/p>\n<p style=\"text-align: left;\"><strong>Art Toy by Flora Tai <\/strong>: \u201cMimari, origami ve \u2018haute couture\u2019 den esinlenen bu heykelcik ak\u0131c\u0131 \u00e7izgi ve noktalardan olu\u015fan grafik kavramlar baz\u0131nda ger\u00e7ekle\u015ftirildi. Hassasiyetle \u00e7izilen ince yivler \u0131\u015f\u0131ldayan bir yele olu\u015fturmak \u00fczere birbirine kar\u0131\u015f\u0131yor. Yal\u0131n y\u00fcz\u00fc tamamen ince bir t\u00fcy doku ile bezendi.\u201d<\/p>\n<p style=\"text-align: left;\"><strong>Art Toy by Christophe Pialat <\/strong>: \u201cOtomobil d\u00fcnyas\u0131ndan esinlenen \u00e7izgiler ve desenlerden olu\u015fan bir \u00e7al\u0131\u015fma. Aslan\u0131n yuvarl\u0131k hatlar\u0131n\u0131 vurgulayan siyah ile \u00e7izgilerin keskinli\u011fini \u00e7a\u011fr\u0131\u015ft\u0131ran bak\u0131r rengi aras\u0131nda g\u00fc\u00e7l\u00fc bir tezat g\u00f6r\u00fcnt\u00fcs\u00fc sunuyor.\u201d<\/p>\n<p style=\"text-align: left;\"><strong>Art Toy by Guillaume Daniel: <\/strong>\u201cKabile motifleri ve kent k\u00fclt\u00fcr\u00fcnden esinlenen bu Art Toy, \u00e7o\u011falan motifleri \u00fcst \u00fcste gelerek aslan\u0131n t\u00fcm v\u00fccudunu kaplayan basit bir geometrik tema baz\u0131nda \u00e7izildi.\u201d<\/p>\n<p style=\"text-align: left;\"><strong><a href=\"https:\/\/www.digitalcarmagazine.com.tr\/Web\/wp-content\/uploads\/Arttoy_Damien_Deberdt.jpg\"><img loading=\"lazy\" class=\"alignleft size-medium wp-image-5155\" title=\"Arttoy_Damien_Deberdt\" src=\"https:\/\/www.digitalcarmagazine.com.tr\/Web\/wp-content\/uploads\/Arttoy_Damien_Deberdt-300x242.jpg\" alt=\"\" width=\"300\" height=\"242\" srcset=\"https:\/\/www.digitalcarmagazine.com.tr\/Web\/wp-content\/uploads\/Arttoy_Damien_Deberdt-300x242.jpg 300w, https:\/\/www.digitalcarmagazine.com.tr\/Web\/wp-content\/uploads\/Arttoy_Damien_Deberdt-1024x826.jpg 1024w, https:\/\/www.digitalcarmagazine.com.tr\/Web\/wp-content\/uploads\/Arttoy_Damien_Deberdt.jpg 2048w\" sizes=\"(max-width: 300px) 100vw, 300px\" \/><\/a>Art Toy by Nicolas Rousselet: <\/strong>\u201cDokular, d\u00fczl\u00fckler, f\u0131r\u00e7a ve malzeme efektleri ile oynayan bu tasar\u0131m sanatsal duru\u015fu \u00f6n plana \u00e7\u0131kar\u0131yor. Bak\u0131r burada sanki s\u0131\u00e7rayan bir malzeme izi gibi duruyor. Aslan\u0131n a\u011fz\u0131n\u0131 olu\u015fturan \u00e7izgiler son derece d\u0131\u015fa vurumcu bir kentsel grafizm ile \u00e7izildi, esere g\u00fc\u00e7l\u00fc bir ki\u015filik kazand\u0131r\u0131yor!\u201d<\/p>\n<p style=\"text-align: left;\"><strong>Art Toy by Sandeep Bhambra <\/strong>: \u201cKonsept otomobil Onyx\u2019te oldu\u011fu gibi, aslan\u0131n \u00f6n\u00fc bak\u0131r, arkas\u0131 siyah renkle i\u015flendi. Aradaki net ayr\u0131m sanat d\u00fcnyas\u0131 ile makine d\u00fcnyas\u0131, duygular ile teknik aras\u0131ndaki s\u0131n\u0131r\u0131 temsil ediyor ve kendi tarz\u0131yla Peugeot markas\u0131na \u00f6zg\u00fc Motion &amp; Emotion marka d\u00fcnyas\u0131n\u0131 simgeliyor.\u201d<\/p>\n<p style=\"text-align: left;\">\n<p style=\"text-align: left;\">\n<p style=\"text-align: left;\">\n<p style=\"text-align: left;\">\n<div id='gallery-1' class='gallery galleryid-5152 gallery-columns-4 gallery-size-thumbnail'><figure class='gallery-item'>\n\t\t\t<div class='gallery-icon landscape'>\n\t\t\t\t<a href='https:\/\/www.digitalcarmagazine.com.tr\/Web\/peugeot-heykelini-dikti\/arttoy_sandeep_bahmbra\/'><img width=\"150\" height=\"150\" src=\"https:\/\/www.digitalcarmagazine.com.tr\/Web\/wp-content\/uploads\/Arttoy_Sandeep_Bahmbra-150x150.jpg\" class=\"attachment-thumbnail size-thumbnail\" alt=\"\" loading=\"lazy\" \/><\/a>\n\t\t\t<\/div><\/figure><figure class='gallery-item'>\n\t\t\t<div class='gallery-icon landscape'>\n\t\t\t\t<a href='https:\/\/www.digitalcarmagazine.com.tr\/Web\/peugeot-heykelini-dikti\/arttoy_nicolas_rousselet\/'><img width=\"150\" height=\"150\" src=\"https:\/\/www.digitalcarmagazine.com.tr\/Web\/wp-content\/uploads\/Arttoy_Nicolas_Rousselet-150x150.jpg\" class=\"attachment-thumbnail size-thumbnail\" alt=\"\" loading=\"lazy\" \/><\/a>\n\t\t\t<\/div><\/figure><figure class='gallery-item'>\n\t\t\t<div class='gallery-icon landscape'>\n\t\t\t\t<a href='https:\/\/www.digitalcarmagazine.com.tr\/Web\/peugeot-heykelini-dikti\/arttoy_hosseinborojeni_razvanberechet\/'><img width=\"150\" height=\"150\" src=\"https:\/\/www.digitalcarmagazine.com.tr\/Web\/wp-content\/uploads\/Arttoy_HosseinBorojeni_RazvanBerechet-150x150.jpg\" class=\"attachment-thumbnail size-thumbnail\" alt=\"\" loading=\"lazy\" \/><\/a>\n\t\t\t<\/div><\/figure><figure class='gallery-item'>\n\t\t\t<div class='gallery-icon landscape'>\n\t\t\t\t<a href='https:\/\/www.digitalcarmagazine.com.tr\/Web\/peugeot-heykelini-dikti\/arttoy_guillaume_matissart\/'><img width=\"150\" height=\"150\" src=\"https:\/\/www.digitalcarmagazine.com.tr\/Web\/wp-content\/uploads\/Arttoy_Guillaume_Matissart-150x150.jpg\" class=\"attachment-thumbnail size-thumbnail\" alt=\"\" loading=\"lazy\" \/><\/a>\n\t\t\t<\/div><\/figure><figure class='gallery-item'>\n\t\t\t<div class='gallery-icon landscape'>\n\t\t\t\t<a href='https:\/\/www.digitalcarmagazine.com.tr\/Web\/peugeot-heykelini-dikti\/arttoy_flora_tai\/'><img width=\"150\" height=\"150\" src=\"https:\/\/www.digitalcarmagazine.com.tr\/Web\/wp-content\/uploads\/Arttoy_Flora_Tai-150x150.jpg\" class=\"attachment-thumbnail size-thumbnail\" alt=\"\" loading=\"lazy\" \/><\/a>\n\t\t\t<\/div><\/figure><figure class='gallery-item'>\n\t\t\t<div class='gallery-icon landscape'>\n\t\t\t\t<a href='https:\/\/www.digitalcarmagazine.com.tr\/Web\/peugeot-heykelini-dikti\/arttoy_damien_ohara\/'><img width=\"150\" height=\"150\" src=\"https:\/\/www.digitalcarmagazine.com.tr\/Web\/wp-content\/uploads\/Arttoy_Damien_OHara-150x150.jpg\" class=\"attachment-thumbnail size-thumbnail\" alt=\"\" loading=\"lazy\" \/><\/a>\n\t\t\t<\/div><\/figure><figure class='gallery-item'>\n\t\t\t<div class='gallery-icon landscape'>\n\t\t\t\t<a href='https:\/\/www.digitalcarmagazine.com.tr\/Web\/peugeot-heykelini-dikti\/arttoy_damien_deberdt\/'><img width=\"150\" height=\"150\" src=\"https:\/\/www.digitalcarmagazine.com.tr\/Web\/wp-content\/uploads\/Arttoy_Damien_Deberdt-150x150.jpg\" class=\"attachment-thumbnail size-thumbnail\" alt=\"\" loading=\"lazy\" \/><\/a>\n\t\t\t<\/div><\/figure><figure class='gallery-item'>\n\t\t\t<div class='gallery-icon landscape'>\n\t\t\t\t<a href='https:\/\/www.digitalcarmagazine.com.tr\/Web\/peugeot-heykelini-dikti\/arttoy_damien_deberdt-2\/'><img width=\"150\" height=\"150\" src=\"https:\/\/www.digitalcarmagazine.com.tr\/Web\/wp-content\/uploads\/Arttoy_Damien_Deberdt1-150x150.jpg\" class=\"attachment-thumbnail size-thumbnail\" alt=\"\" loading=\"lazy\" \/><\/a>\n\t\t\t<\/div><\/figure><figure class='gallery-item'>\n\t\t\t<div class='gallery-icon landscape'>\n\t\t\t\t<a href='https:\/\/www.digitalcarmagazine.com.tr\/Web\/peugeot-heykelini-dikti\/arttoy_claire_panel\/'><img width=\"150\" height=\"150\" src=\"https:\/\/www.digitalcarmagazine.com.tr\/Web\/wp-content\/uploads\/Arttoy_Claire_Panel-150x150.jpg\" class=\"attachment-thumbnail size-thumbnail\" alt=\"\" loading=\"lazy\" \/><\/a>\n\t\t\t<\/div><\/figure><figure class='gallery-item'>\n\t\t\t<div class='gallery-icon landscape'>\n\t\t\t\t<a href='https:\/\/www.digitalcarmagazine.com.tr\/Web\/peugeot-heykelini-dikti\/arttoy_christophe_pialat\/'><img width=\"150\" height=\"150\" src=\"https:\/\/www.digitalcarmagazine.com.tr\/Web\/wp-content\/uploads\/Arttoy_Christophe_Pialat-150x150.jpg\" class=\"attachment-thumbnail size-thumbnail\" alt=\"\" loading=\"lazy\" \/><\/a>\n\t\t\t<\/div><\/figure><figure class='gallery-item'>\n\t\t\t<div class='gallery-icon landscape'>\n\t\t\t\t<a href='https:\/\/www.digitalcarmagazine.com.tr\/Web\/peugeot-heykelini-dikti\/456803_574516879241031_328492820_o\/'><img width=\"150\" height=\"150\" src=\"https:\/\/www.digitalcarmagazine.com.tr\/Web\/wp-content\/uploads\/456803_574516879241031_328492820_o-150x150.jpg\" class=\"attachment-thumbnail size-thumbnail\" alt=\"\" loading=\"lazy\" \/><\/a>\n\t\t\t<\/div><\/figure><figure class='gallery-item'>\n\t\t\t<div class='gallery-icon landscape'>\n\t\t\t\t<a href='https:\/\/www.digitalcarmagazine.com.tr\/Web\/peugeot-heykelini-dikti\/333633_574516839241035_503655746_o\/'><img width=\"150\" height=\"150\" src=\"https:\/\/www.digitalcarmagazine.com.tr\/Web\/wp-content\/uploads\/333633_574516839241035_503655746_o-150x150.jpg\" class=\"attachment-thumbnail size-thumbnail\" alt=\"\" loading=\"lazy\" \/><\/a>\n\t\t\t<\/div><\/figure>\n\t\t<\/div>\n\n","protected":false},"excerpt":{"rendered":"<p>Peugeot tasar\u0131mc\u0131lar\u0131, Marka\u2019n\u0131n ambleminden ve Onyx \u00fc\u00e7l\u00fcs\u00fcnden esinlenerek on farkl\u0131 \u201cArt Toy\u201d (tasar\u0131m heykelcik) hayal etti. Bu e\u015fsiz eserler Champs Elys\u00e9es\u2019deki Peugeot Avenue\u2019de 27 Ocak 2013\u2019e kadar sergileniyor. D\u00f6kme re\u00e7ineden tasarlanan aslan yavrusu \u015feklindeki bu Art Toylar Peugeot Tasar\u0131m Merkezi ile Peugeot Design Lab tasar\u0131mc\u0131lar\u0131, grafiker ve \u00e7izerleri sayesinde hayat buldular. Otomobile g\u00f6nderme yapmak \u00fczere, [&hellip;]<\/p>\n","protected":false},"author":1,"featured_media":0,"comment_status":"open","ping_status":"open","sticky":false,"template":"","format":"standard","meta":[],"categories":[1],"tags":[],"_links":{"self":[{"href":"https:\/\/www.digitalcarmagazine.com.tr\/Web\/wp-json\/wp\/v2\/posts\/5152"}],"collection":[{"href":"https:\/\/www.digitalcarmagazine.com.tr\/Web\/wp-json\/wp\/v2\/posts"}],"about":[{"href":"https:\/\/www.digitalcarmagazine.com.tr\/Web\/wp-json\/wp\/v2\/types\/post"}],"author":[{"embeddable":true,"href":"https:\/\/www.digitalcarmagazine.com.tr\/Web\/wp-json\/wp\/v2\/users\/1"}],"replies":[{"embeddable":true,"href":"https:\/\/www.digitalcarmagazine.com.tr\/Web\/wp-json\/wp\/v2\/comments?post=5152"}],"version-history":[{"count":1,"href":"https:\/\/www.digitalcarmagazine.com.tr\/Web\/wp-json\/wp\/v2\/posts\/5152\/revisions"}],"predecessor-version":[{"id":5165,"href":"https:\/\/www.digitalcarmagazine.com.tr\/Web\/wp-json\/wp\/v2\/posts\/5152\/revisions\/5165"}],"wp:attachment":[{"href":"https:\/\/www.digitalcarmagazine.com.tr\/Web\/wp-json\/wp\/v2\/media?parent=5152"}],"wp:term":[{"taxonomy":"category","embeddable":true,"href":"https:\/\/www.digitalcarmagazine.com.tr\/Web\/wp-json\/wp\/v2\/categories?post=5152"},{"taxonomy":"post_tag","embeddable":true,"href":"https:\/\/www.digitalcarmagazine.com.tr\/Web\/wp-json\/wp\/v2\/tags?post=5152"}],"curies":[{"name":"wp","href":"https:\/\/api.w.org\/{rel}","templated":true}]}}