{"id":5128,"date":"2012-12-19T10:10:44","date_gmt":"2012-12-19T10:10:44","guid":{"rendered":"http:\/\/www.digitalcarmagazine.com.tr\/Web\/?p=5128"},"modified":"2012-12-19T10:10:44","modified_gmt":"2012-12-19T10:10:44","slug":"trafik-sorunlarini-cozmek-icin-liseliler-isbasinda","status":"publish","type":"post","link":"https:\/\/www.digitalcarmagazine.com.tr\/Web\/trafik-sorunlarini-cozmek-icin-liseliler-isbasinda\/","title":{"rendered":"Trafik sorunlar\u0131n\u0131 \u00e7\u00f6zmek i\u00e7in liseliler i\u015fba\u015f\u0131nda!"},"content":{"rendered":"<h3 style=\"text-align: left;\">Renault\u2019un d\u00fczenledi\u011fi \u2018Sizin Fikriniz Sizin Projeniz\u2019 Uluslararas\u0131\u00a0Yol G\u00fcvenli\u011fi Yar\u0131\u015fmas\u0131 iki ya\u015f\u0131nda\u2026<\/h3>\n<p style=\"text-align: left;\" align=\"right\"><strong><a href=\"https:\/\/www.digitalcarmagazine.com.tr\/Web\/wp-content\/uploads\/Zeytinburnu-AL1.jpg\"><img loading=\"lazy\" class=\"alignleft size-medium wp-image-5130\" title=\"Zeytinburnu AL\" src=\"https:\/\/www.digitalcarmagazine.com.tr\/Web\/wp-content\/uploads\/Zeytinburnu-AL1-199x300.jpg\" alt=\"\" width=\"199\" height=\"300\" srcset=\"https:\/\/www.digitalcarmagazine.com.tr\/Web\/wp-content\/uploads\/Zeytinburnu-AL1-199x300.jpg 199w, https:\/\/www.digitalcarmagazine.com.tr\/Web\/wp-content\/uploads\/Zeytinburnu-AL1.jpg 566w\" sizes=\"(max-width: 199px) 100vw, 199px\" \/><\/a>Renault taraf\u0131ndan <\/strong>d\u00fczenlenen <strong>\u2018Sizin Fikriniz Sizin Projeniz\u2019<\/strong> Uluslararas\u0131 Yol G\u00fcvenli\u011fi ve S\u00fcrd\u00fcr\u00fclebilir Ula\u015f\u0131m Yar\u0131\u015fmas\u0131\u2019na bu y\u0131l \u0130stanbul\u2019daki b\u00fct\u00fcn Anadolu Liseleri kat\u0131l\u0131yor. 18 Aral\u0131k\u2019ta yap\u0131lan, 142 Anadolu Lisesinin m\u00fcd\u00fcr ve \u00f6\u011fretmenlerinin kat\u0131ld\u0131\u011f\u0131 bilgilendirme semineriyle, Liseler i\u00e7in bu sene de heyecan ve etkinlik dolu bir yar\u0131\u015f ba\u015flad\u0131. \u0130stanbul \u0130l Milli E\u011fitim M\u00fcd\u00fcrl\u00fc\u011f\u00fc\u2019n\u00fcn i\u015fbirli\u011fi ile d\u00fczenlenen yar\u0131\u015fma 10.s\u0131n\u0131f \u00f6\u011frencilerini yak\u0131n \u00e7evrelerindeki somut trafik ve ula\u015f\u0131m sorunlar\u0131na \u00e7\u00f6z\u00fcm \u00fcretmek i\u00e7in harekete ge\u00e7meye davet ediyor. \u00a0Yar\u0131\u015fman\u0131n d\u00fczenleyicileri aras\u0131nda T\u00fcrkiye Trafik Kazalar\u0131n\u0131 \u00d6nleme Derne\u011fi ve Total Oil T\u00fcrkiye\u2019de bulunuyor.\u00a0Yar\u0131\u015fman\u0131n T\u00fcrkiye Finali May\u0131s ay\u0131nda yap\u0131lacak. Nisan ay\u0131nda T\u00fcrkiye\u2019deki j\u00fcri taraf\u0131ndan belirlenecek en ba\u015far\u0131l\u0131 uygulamay\u0131 geli\u015ftiren \u00f6\u011frenciler Haziran ay\u0131nda Fransa\u2019da yap\u0131lacak Uluslararas\u0131 Finalde T\u00fcrkiye\u2019yi temsil edecek. Ge\u00e7en y\u0131l <strong>T\u00fcrkiye birincisi<\/strong> olan <strong>Zeytinburnu Anadolu Lisesi,<\/strong> <strong>Uluslararas\u0131 Finalde de D\u00fcnya \u00fc\u00e7\u00fcnc\u00fcl\u00fc\u011f\u00fc<\/strong> \u00f6d\u00fcl\u00fcn\u00fc kazanm\u0131\u015ft\u0131. Yar\u0131\u015fmada ilk \u00fc\u00e7e giren s\u0131n\u0131flar\u0131n \u00f6\u011fretmenlerine ve \u00f6\u011frencilere \u00e7e\u015fitli hediyeler de verilecek.<\/p>\n<h4 style=\"text-align: left;\"><span style=\"color: #ff0000;\">Liselilerin ba\u015far\u0131lar\u0131 fikirlerini uygulay\u0131p, etkili sonu\u00e7 almalar\u0131na ba\u011fl\u0131<\/span><\/h4>\n<p style=\"text-align: left;\">\u201cSizin Fikriniz Sizin Projeniz\u201d yar\u0131\u015fmas\u0131na kat\u0131lacak olan Liselilerden \u00f6ncelikle kendi yak\u0131n \u00e7evrelerinde ki en \u00f6nemli yol g\u00fcvenli\u011fi ya da ula\u015f\u0131m sorununu saptay\u0131p, bu sorunun iyile\u015ftirilmesine y\u00f6nelik kendi somut \u00e7\u00f6z\u00fcm \u00f6nerilerini \u00fcretmeleri bekleniyor. Ancak i\u015f burada bitmiyor. Liselilerin bu fikirleri bir proje ve eylem plan\u0131na d\u00f6n\u00fc\u015ft\u00fcr\u00fcp harekete ge\u00e7erek uygulamalar\u0131 gerekiyor. Yar\u0131\u015fmadaki ba\u015far\u0131lar\u0131 fikirlerini hayata ge\u00e7irip etki ve sonu\u00e7 elde etmelerine ba\u011fl\u0131. Ge\u00e7en y\u0131l Zeytinburnu Anadolu Lisesi \u00f6\u011frencileri projelerini ba\u015far\u0131yla uygulay\u0131p, anaokulu \u00e7ocuklar\u0131na ger\u00e7ek ve model al\u0131nabilecek bir e\u011fitim s\u0131n\u0131f\u0131 sa\u011flad\u0131klar\u0131 i\u00e7in D\u00fcnya \u00fc\u00e7\u00fcnc\u00fcs\u00fc olmaya hak kazanm\u0131\u015f; D\u00fcnya birincisi olan Hintli \u00f6\u011frenciler ise okullar\u0131n\u0131n \u00e7evresindeki trafik karma\u015fas\u0131n\u0131 ger\u00e7ekten en aza indirgemeyi ba\u015farm\u0131\u015ft\u0131. \u00a0<strong>\u00a0<\/strong><\/p>\n<h4 style=\"text-align: left;\"><span style=\"color: #ff0000;\"><a href=\"https:\/\/www.digitalcarmagazine.com.tr\/Web\/wp-content\/uploads\/Renault_Ibrahim-Aybar_.jpg\"><img loading=\"lazy\" class=\"alignleft size-medium wp-image-5131\" title=\"Renault_Ibrahim Aybar_\" src=\"https:\/\/www.digitalcarmagazine.com.tr\/Web\/wp-content\/uploads\/Renault_Ibrahim-Aybar_-300x257.jpg\" alt=\"\" width=\"300\" height=\"257\" srcset=\"https:\/\/www.digitalcarmagazine.com.tr\/Web\/wp-content\/uploads\/Renault_Ibrahim-Aybar_-300x257.jpg 300w, https:\/\/www.digitalcarmagazine.com.tr\/Web\/wp-content\/uploads\/Renault_Ibrahim-Aybar_.jpg 740w\" sizes=\"(max-width: 300px) 100vw, 300px\" \/><\/a>Ama\u00e7 : Sorunlar\u0131 \u00e7\u00f6zece\u011fine inanan sorumlu ve\u00a0kat\u0131l\u0131mc\u0131 bir gen\u00e7lik yaratmak \u00a0<\/span><\/h4>\n<p style=\"text-align: left;\">Yar\u0131\u015fman\u0131n temel ama\u00e7lar\u0131ndan biri de \u00f6\u011frencilerde toplumsal sorunlar\u0131n aktif ve kat\u0131l\u0131mc\u0131 vatanda\u015flar taraf\u0131ndan \u00e7\u00f6z\u00fclebilece\u011fi bilincini yaratmak. Bu y\u00fczden proje ve aksiyonlar\u0131n \u00f6\u011fretmenler ve okul idaresi de\u011fil,\u00a0 bizzat \u00f6\u011frencilerin kendileri taraf\u0131ndan belirlenip uygulanmas\u0131 isteniyor. \u00d6\u011fretmenlerin rol\u00fc ise kat\u0131l\u0131m\u0131 te\u015fvik, \u00a0kolayla\u015ft\u0131r\u0131c\u0131l\u0131k ve rehberlik olarak belirleniyor. Yar\u0131\u015fmada \u00f6\u011frenciler, proje i\u00e7eri\u011fi ve uygulama ara\u00e7lar\u0131 konusunda tamamen \u00f6zg\u00fcr b\u0131rak\u0131l\u0131yor. Gen\u00e7ler, \u201cs\u00fcrd\u00fcr\u00fclebilir ula\u015f\u0131m ve yol g\u00fcvenli\u011fine y\u00f6nelik geli\u015ftirdikleri lokal \u00e7\u00f6z\u00fcm uygulamalar\u0131n\u0131, \u00a0imza kampanyalar\u0131, tiyatro ve film g\u00f6sterimi ya da poster, afi\u015f gibi \u00e7al\u0131\u015fmalarla \u00e7evrelerinde yayg\u0131nla\u015ft\u0131rabiliyorlar.<\/p>\n<h4 style=\"text-align: left;\"><span style=\"color: #ff0000;\">\u00d6\u011fretmenler bilgilendiriliyor<\/span><\/h4>\n<p style=\"text-align: left;\">18 Aral\u0131k\u2019da Ceylan InterContinental Hotel\u2019de d\u00fczenlenen bilgilendirme ve e\u011fitim seminerinde 142 Anadolu Lisesi\u2019nin y\u00f6netici ve proje sorumlusu \u00f6\u011fretmenlere Yar\u0131\u015fman\u0131n\u00a0pedagojik ama\u00e7lar\u0131 ile y\u00f6ntem ve teknikleri anlat\u0131ld\u0131. \u00d6\u011fretmenlere yol g\u00fcvenli\u011fi ve s\u00fcrd\u00fcr\u00fclebilir ula\u015f\u0131m konular\u0131n\u0131n yan\u0131 s\u0131ra gen\u00e7lerin kat\u0131l\u0131mc\u0131l\u0131\u011f\u0131n\u0131 geli\u015ftirmek \u00fczere uygulayabilecekleri y\u00f6ntemlerle ilgili bilgi ve dok\u00fcmantasyon sa\u011fland\u0131.<\/p>\n<h4 style=\"text-align: left;\"><span style=\"color: #ff0000;\"><a href=\"https:\/\/www.digitalcarmagazine.com.tr\/Web\/wp-content\/uploads\/stanbul-MEM.jpg\"><img loading=\"lazy\" class=\"alignleft size-medium wp-image-5132\" title=\"stanbul MEM\" src=\"https:\/\/www.digitalcarmagazine.com.tr\/Web\/wp-content\/uploads\/stanbul-MEM-207x300.jpg\" alt=\"\" width=\"207\" height=\"300\" srcset=\"https:\/\/www.digitalcarmagazine.com.tr\/Web\/wp-content\/uploads\/stanbul-MEM-207x300.jpg 207w, https:\/\/www.digitalcarmagazine.com.tr\/Web\/wp-content\/uploads\/stanbul-MEM-706x1024.jpg 706w, https:\/\/www.digitalcarmagazine.com.tr\/Web\/wp-content\/uploads\/stanbul-MEM.jpg 756w\" sizes=\"(max-width: 207px) 100vw, 207px\" \/><\/a>Seminerde bir konu\u015fma yapan Renault Mais Genel M\u00fcd\u00fcr\u00fc \u0130brahim Aybar \u015funlar\u0131 s\u00f6yledi:<\/span><\/h4>\n<p style=\"text-align: left;\"><strong>\u201c<\/strong>Renault olarak ilk kez 2002 y\u0131l\u0131nda ba\u015flatt\u0131\u011f\u0131m\u0131z<strong> \u2018Sokakta ilk Ad\u0131mlar\u2019<\/strong> projemizle <strong>10 y\u0131lda 1milyon 200 bin<\/strong> ilk\u00f6\u011fretim \u00f6\u011frencisine trafik ve yol g\u00fcvenli\u011fi bilinci kazand\u0131rd\u0131k. 2011-2012 e\u011fitim- \u00f6\u011fretim y\u0131l\u0131nda hayata ge\u00e7irdi\u011fimiz <strong>\u2018Sizin Fikriniz Sizin Projeniz\u2019<\/strong> yar\u0131\u015fmas\u0131yla liseli \u00f6\u011frencileri de e\u011fitim \u015femsiyemizin i\u00e7ine ald\u0131k. Ama daha da \u00f6nemlisi <strong>\u00a0\u2018s\u00fcrd\u00fcr\u00fclebilir ula\u015f\u0131m, \u00e7evre \u00a0ve yol g\u00fcvenli\u011fi\u2019<\/strong> konusundaki giri\u015fimlerimize gen\u00e7 bak\u0131\u015f\u0131 da dahil ettik. Yar\u0131\u015fmam\u0131z\u0131n amac\u0131: \u00f6\u011frencileri etraflar\u0131ndaki \u00e7evre ve yol g\u00fcvenli\u011fi sorunlar\u0131 konusunda etkin sorumluluk almaya te\u015fvik ederek bilin\u00e7lendirmek. B\u00f6lgelerinde bulunan sorunlar\u0131n \u00e7\u00f6z\u00fcm\u00fcne demokratik bir katk\u0131 sa\u011flayarak sorumluluk ve kat\u0131l\u0131mc\u0131l\u0131k yeteneklerini geli\u015ftirmek. Ge\u00e7en y\u0131l gen\u00e7lerin uygulad\u0131klar\u0131 projeler hayranl\u0131k vericiydi. Onlar etkili ve sorumlu olman\u0131n hazz\u0131n\u0131 ya\u015farken biz de\u00a0 sorumluluk alan gen\u00e7lerden \u00f6\u011frenecek ne kadar \u00e7ok \u015feyimiz \u00a0oldu\u011funu ke\u015ffettik. Bu dinamizmi artt\u0131rmak i\u00e7in bu y\u0131l yar\u0131\u015fmam\u0131z\u0131 daha geni\u015f \u00f6\u011frenci kitlesine yayd\u0131k. \u00d6\u011frencilerimizin yol g\u00fcvenli\u011fi sorunlar\u0131n\u0131n \u00e7\u00f6z\u00fcm\u00fcne bu y\u0131l da aktif bi\u00e7imde kat\u0131lacaklar\u0131na inan\u0131yoruz. Toplum olarak bu hayati sorunlara temelden ve gen\u00e7lerle birlikte odaklan\u0131rsak sorunun de\u011fil, \u00e7\u00f6z\u00fcm\u00fcn bir par\u00e7as\u0131 olabiliriz.\u201d<\/p>\n<p style=\"text-align: left;\">Seminere kat\u0131lan <strong>\u0130stanbul \u0130l Milli E\u011fitim M\u00fcd\u00fcr\u00fc Dr. Muammer Y\u0131ld\u0131z <\/strong>proje hakk\u0131nda g\u00f6r\u00fc\u015flerini \u015f\u00f6yle dile getirdi: \u201c\u00d6\u011frencilerimizin \u00fcretkenli\u011fini ve grup \u00e7al\u0131\u015fmalar\u0131na kat\u0131l\u0131m\u0131n\u0131 artt\u0131ran, \u00e7evreyi tan\u0131malar\u0131n\u0131 sa\u011flayan, yeni \u015feyler \u00f6\u011fretmeyi ama\u00e7layan bu projenin, \u00f6\u011frencilerimize kazand\u0131rd\u0131\u011f\u0131 olumlu davran\u0131\u015flar bizi \u00e7ok mutlu etmektedir. Projenin ayn\u0131 zamanda t\u00fcm \u0130stanbul\u2019da uygulanmas\u0131 ile dezavantajl\u0131 b\u00f6lgelerimizdeki \u00f6\u011frencilerimize de ula\u015fmakta ve b\u00f6ylece yapt\u0131klar\u0131 projelerle ya\u015fad\u0131klar\u0131 \u00e7evreyi daha iyi tan\u0131malar\u0131n\u0131 ve geli\u015fimlerini sa\u011flamaktay\u0131z.\u201d<\/p>\n<p style=\"text-align: left;\"><span class=\"Apple-style-span\" style=\"color: #ff0000; font-weight: bold;\"><a href=\"https:\/\/www.digitalcarmagazine.com.tr\/Web\/wp-content\/uploads\/Renault_TTKOD.jpg\"><img loading=\"lazy\" class=\"alignleft size-medium wp-image-5133\" title=\"Renault_TTKOD\" src=\"https:\/\/www.digitalcarmagazine.com.tr\/Web\/wp-content\/uploads\/Renault_TTKOD-300x199.jpg\" alt=\"\" width=\"300\" height=\"199\" srcset=\"https:\/\/www.digitalcarmagazine.com.tr\/Web\/wp-content\/uploads\/Renault_TTKOD-300x199.jpg 300w, https:\/\/www.digitalcarmagazine.com.tr\/Web\/wp-content\/uploads\/Renault_TTKOD.jpg 1021w\" sizes=\"(max-width: 300px) 100vw, 300px\" \/><\/a>D\u00fcnya Sa\u011fl\u0131k \u00d6rg\u00fct\u00fc 2020 y\u0131l\u0131\u00a0trafik kazas\u0131 \u00f6ng\u00f6r\u00fcs\u00fc: T\u00fcrkiye\u2019de 2,5 milyon kaza<\/span><\/p>\n<p style=\"text-align: left;\">Seminerde s\u00f6z alan<strong> T\u00fcrkiye Trafik Kazalar\u0131n\u0131 \u00d6nleme Derne\u011fi Genel Ba\u015fkan\u0131 Hitay G\u00fcner <\/strong>ise \u015funlar\u0131 belirtti: \u201cT\u00fcrkiye\u2019de 2011 y\u0131l\u0131nda y\u0131l\u0131nda ortalama her g\u00fcn 3 bin 366 kaza oldu ve bu kazalarda her g\u00fcn 19 ki\u015fi \u00f6ld\u00fc ve her g\u00fcn 652 ki\u015fi yaraland\u0131. D\u00fcnya Sa\u011fl\u0131k \u00d6rg\u00fct\u00fc, b\u00fct\u00fcn \u00fclkeleri kapsayan bir \u00e7al\u0131\u015fmas\u0131nda T\u00fcrkiye i\u00e7in say\u0131lar\u0131 ileriye d\u00f6n\u00fck olarak \u015f\u00f6yle \u00f6ng\u00f6r\u00fcyor: 2020 y\u0131l\u0131nda bu g\u00fcnk\u00fc 17 milyon ara\u00e7 say\u0131s\u0131 30 milyona, bu g\u00fcnk\u00fc 1,3 milyon trafik kazas\u0131 say\u0131s\u0131 2,5 milyona varacak.\u00a0 \u00d6l\u00fcmler ve yaralanmalar i\u00e7in kimse yorum yapmak istemiyor. T\u00fcrkiye\u2019nin n\u00fcfusunun yar\u0131s\u0131ndan fazlas\u0131 30 ya\u015f\u0131n alt\u0131ndad\u0131r ve trafik kazalar\u0131nda ya\u015fam\u0131n\u0131 yitirenlerin \u00e7o\u011funlu\u011fu 0-29 ya\u015f grubundand\u0131r.\u00a0 \u00a0Akla gelecek her t\u00fcrl\u00fc \u00f6nlemi almazsak gelecek on y\u0131l endi\u015fe vericidir.\u00a0 En etkili \u00f6nlem ve ad\u0131m insanlar\u0131 bilin\u00e7lendirmek, trafik k\u00fclt\u00fcr\u00fc edinmelerini sa\u011flamakt\u0131r. Bu nedenle \u00f6zellikle gen\u00e7 ku\u015fak muhakkak e\u011fitilmeli ve y\u00f6nlendirilmelidir.\u201d<\/p>\n","protected":false},"excerpt":{"rendered":"<p>Renault\u2019un d\u00fczenledi\u011fi \u2018Sizin Fikriniz Sizin Projeniz\u2019 Uluslararas\u0131\u00a0Yol G\u00fcvenli\u011fi Yar\u0131\u015fmas\u0131 iki ya\u015f\u0131nda\u2026 Renault taraf\u0131ndan d\u00fczenlenen \u2018Sizin Fikriniz Sizin Projeniz\u2019 Uluslararas\u0131 Yol G\u00fcvenli\u011fi ve S\u00fcrd\u00fcr\u00fclebilir Ula\u015f\u0131m Yar\u0131\u015fmas\u0131\u2019na bu y\u0131l \u0130stanbul\u2019daki b\u00fct\u00fcn Anadolu Liseleri kat\u0131l\u0131yor. 18 Aral\u0131k\u2019ta yap\u0131lan, 142 Anadolu Lisesinin m\u00fcd\u00fcr ve \u00f6\u011fretmenlerinin kat\u0131ld\u0131\u011f\u0131 bilgilendirme semineriyle, Liseler i\u00e7in bu sene de heyecan ve etkinlik dolu bir yar\u0131\u015f [&hellip;]<\/p>\n","protected":false},"author":1,"featured_media":0,"comment_status":"open","ping_status":"open","sticky":false,"template":"","format":"standard","meta":[],"categories":[1],"tags":[],"_links":{"self":[{"href":"https:\/\/www.digitalcarmagazine.com.tr\/Web\/wp-json\/wp\/v2\/posts\/5128"}],"collection":[{"href":"https:\/\/www.digitalcarmagazine.com.tr\/Web\/wp-json\/wp\/v2\/posts"}],"about":[{"href":"https:\/\/www.digitalcarmagazine.com.tr\/Web\/wp-json\/wp\/v2\/types\/post"}],"author":[{"embeddable":true,"href":"https:\/\/www.digitalcarmagazine.com.tr\/Web\/wp-json\/wp\/v2\/users\/1"}],"replies":[{"embeddable":true,"href":"https:\/\/www.digitalcarmagazine.com.tr\/Web\/wp-json\/wp\/v2\/comments?post=5128"}],"version-history":[{"count":3,"href":"https:\/\/www.digitalcarmagazine.com.tr\/Web\/wp-json\/wp\/v2\/posts\/5128\/revisions"}],"predecessor-version":[{"id":5136,"href":"https:\/\/www.digitalcarmagazine.com.tr\/Web\/wp-json\/wp\/v2\/posts\/5128\/revisions\/5136"}],"wp:attachment":[{"href":"https:\/\/www.digitalcarmagazine.com.tr\/Web\/wp-json\/wp\/v2\/media?parent=5128"}],"wp:term":[{"taxonomy":"category","embeddable":true,"href":"https:\/\/www.digitalcarmagazine.com.tr\/Web\/wp-json\/wp\/v2\/categories?post=5128"},{"taxonomy":"post_tag","embeddable":true,"href":"https:\/\/www.digitalcarmagazine.com.tr\/Web\/wp-json\/wp\/v2\/tags?post=5128"}],"curies":[{"name":"wp","href":"https:\/\/api.w.org\/{rel}","templated":true}]}}